
{"id":30684,"date":"2026-04-30T15:44:15","date_gmt":"2026-04-30T15:44:15","guid":{"rendered":"https:\/\/msconectado.com.br\/?p=30684"},"modified":"2026-04-30T15:44:17","modified_gmt":"2026-04-30T15:44:17","slug":"30a-festa-da-linguica-comeca-hoje-em-maracaju-com-show-de-luan-pereira-e-promete-movimentar-a-cidade","status":"publish","type":"post","link":"https:\/\/msconectado.com.br\/?p=30684","title":{"rendered":"30\u00aa Festa da Lingui\u00e7a come\u00e7a hoje em Maracaju com show de Luan Pereira e promete movimentar a cidade"},"content":{"rendered":"\n<p>Maracaju entra oficialmente em clima de festa nesta quinta-feira, 30 de abril, com a abertura da aguardada 30\u00aa edi\u00e7\u00e3o da Festa da Lingui\u00e7a, um dos eventos mais tradicionais e prestigiados de Mato Grosso do Sul. Reunindo gastronomia, cultura, entretenimento e grandes atra\u00e7\u00f5es musicais, a celebra\u00e7\u00e3o come\u00e7a em grande estilo com o show nacional de Luan Pereira.<\/p>\n\n\n\n<p>Reconhecida como a maior festa gastron\u00f4mica do estado, a Festa da Lingui\u00e7a chega \u00e0 sua trig\u00e9sima edi\u00e7\u00e3o consolidada como s\u00edmbolo da tradi\u00e7\u00e3o maracajuense, atraindo visitantes de diversas cidades e fortalecendo o turismo, a economia local e a valoriza\u00e7\u00e3o da cultura regional.<\/p>\n\n\n\n<p>Com uma estrutura ampliada e preparada para receber milhares de pessoas, o evento promete superar as expectativas do p\u00fablico com tr\u00eas dias de programa\u00e7\u00e3o intensa, marcada por m\u00fasica, gastronomia t\u00edpica e momentos de confraterniza\u00e7\u00e3o.<\/p>\n\n\n\n<p>A estrela principal da culin\u00e1ria segue sendo a tradicional lingui\u00e7a de Maracaju, patrim\u00f4nio gastron\u00f4mico que conquistou fama nacional e \u00e9 um dos maiores orgulhos do munic\u00edpio.<\/p>\n\n\n\n<h3 class=\"wp-block-heading\">Programa\u00e7\u00e3o oficial<\/h3>\n\n\n\n<p><strong>30 de abril (quinta-feira)<\/strong><br>Show com Luan Pereira<\/p>\n\n\n\n<p><strong>1\u00ba de maio (sexta-feira)<\/strong><br>Country Beat &amp; Mulherada<br>DJ Celso<\/p>\n\n\n\n<p><strong>2 de maio (s\u00e1bado)<\/strong><br>US Agroboy<br>DJ Celso<\/p>\n\n\n\n<h3 class=\"wp-block-heading\">Ingressos para \u00e1reas especiais<\/h3>\n\n\n\n<p>Apesar da entrada gratuita para o p\u00fablico geral, a organiza\u00e7\u00e3o refor\u00e7a que o primeiro lote de ingressos para camarotes, \u00e1reas VIP e mesas segue dispon\u00edvel por tempo limitado.<\/p>\n\n\n\n<p>A orienta\u00e7\u00e3o \u00e9 que os interessados garantam a compra antecipada para assegurar mais conforto e melhor experi\u00eancia durante os shows.<\/p>\n\n\n\n<p><strong>Pontos f\u00edsicos de venda:<\/strong><\/p>\n\n\n\n<ul class=\"wp-block-list\">\n<li>Conveni\u00eancia Carlonga<\/li>\n\n\n\n<li>Mercadisk<\/li>\n\n\n\n<li>JW Conveni\u00eancia<\/li>\n\n\n\n<li>Hookah Lounge Bar<\/li>\n\n\n\n<li>Loja Florenza<\/li>\n<\/ul>\n\n\n\n<p><strong>Venda online:<\/strong><br>Pelo site oficial de ingressos.<\/p>\n\n\n\n<p>A expectativa \u00e9 de recorde de p\u00fablico nesta edi\u00e7\u00e3o hist\u00f3rica, que celebra 30 anos de uma festa que se tornou refer\u00eancia em todo o estado.<\/p>\n\n\n\n<p>A partir de hoje, Maracaju vive tr\u00eas dias de muita m\u00fasica, tradi\u00e7\u00e3o e celebra\u00e7\u00e3o. A cidade j\u00e1 est\u00e1 pronta para receber moradores e visitantes para mais um cap\u00edtulo marcante da sua hist\u00f3ria cultural.<\/p>\n\n\n\n<p><strong>Reda\u00e7\u00e3o<\/strong><\/p>\n\n\n<div class=\"wp-block-image\">\n<figure class=\"aligncenter size-full\"><img fetchpriority=\"high\" decoding=\"async\" width=\"900\" height=\"100\" src=\"https:\/\/msconectado.com.br\/wp-content\/uploads\/2026\/04\/Fullbanner-IPTU-2026-900x100px.gif\" alt=\"\" class=\"wp-image-27323\"\/><\/figure>\n<\/div>","protected":false},"excerpt":{"rendered":"<p>Maracaju entra oficialmente em clima de festa nesta quinta-feira, 30 de abril, com a abertura da aguardada 30\u00aa edi\u00e7\u00e3o da Festa da Lingui\u00e7a, um dos eventos mais tradicionais e prestigiados de Mato Grosso do Sul. Reunindo gastronomia, cultura, entretenimento e grandes atra\u00e7\u00f5es musicais, a celebra\u00e7\u00e3o come\u00e7a em grande estilo com o show nacional de Luan [&hellip;]<\/p>\n","protected":false},"author":3,"featured_media":30685,"comment_status":"open","ping_status":"closed","sticky":false,"template":"","format":"standard","meta":{"footnotes":""},"categories":[35,36,1],"tags":[],"class_list":["post-30684","post","type-post","status-publish","format-standard","has-post-thumbnail","hentry","category-cidades","category-eventos","category-noticia"],"yoast_head":"<!-- This site is optimized with the Yoast SEO plugin v27.5 - https:\/\/yoast.com\/product\/yoast-seo-wordpress\/ -->\n<title>30\u00aa Festa da Lingui\u00e7a come\u00e7a hoje em Maracaju com show de Luan Pereira e promete movimentar a cidade - MsConectado<\/title>\n<meta name=\"robots\" content=\"index, follow, max-snippet:-1, max-image-preview:large, max-video-preview:-1\" \/>\n<link rel=\"canonical\" href=\"https:\/\/msconectado.com.br\/?p=30684\" \/>\n<meta property=\"og:locale\" content=\"pt_BR\" \/>\n<meta property=\"og:type\" content=\"article\" \/>\n<meta property=\"og:title\" content=\"30\u00aa Festa da Lingui\u00e7a come\u00e7a hoje em Maracaju com show de Luan Pereira e promete movimentar a cidade - MsConectado\" \/>\n<meta property=\"og:description\" content=\"Maracaju entra oficialmente em clima de festa nesta quinta-feira, 30 de abril, com a abertura da aguardada 30\u00aa edi\u00e7\u00e3o da Festa da Lingui\u00e7a, um dos eventos mais tradicionais e prestigiados de Mato Grosso do Sul. Reunindo gastronomia, cultura, entretenimento e grandes atra\u00e7\u00f5es musicais, a celebra\u00e7\u00e3o come\u00e7a em grande estilo com o show nacional de Luan [&hellip;]\" \/>\n<meta property=\"og:url\" content=\"https:\/\/msconectado.com.br\/?p=30684\" \/>\n<meta property=\"og:site_name\" content=\"MsConectado\" \/>\n<meta property=\"article:published_time\" content=\"2026-04-30T15:44:15+00:00\" \/>\n<meta property=\"article:modified_time\" content=\"2026-04-30T15:44:17+00:00\" \/>\n<meta property=\"og:image\" content=\"https:\/\/msconectado.com.br\/wp-content\/uploads\/2026\/04\/IMG_3911-1.jpg\" \/>\n\t<meta property=\"og:image:width\" content=\"1060\" \/>\n\t<meta property=\"og:image:height\" content=\"675\" \/>\n\t<meta property=\"og:image:type\" content=\"image\/jpeg\" \/>\n<meta name=\"author\" content=\"Jeferson\" \/>\n<meta name=\"twitter:card\" content=\"summary_large_image\" \/>\n<meta name=\"twitter:label1\" content=\"Escrito por\" \/>\n\t<meta name=\"twitter:data1\" content=\"Jeferson\" \/>\n\t<meta name=\"twitter:label2\" content=\"Est. tempo de leitura\" \/>\n\t<meta name=\"twitter:data2\" content=\"3 minutos\" \/>\n<script type=\"application\/ld+json\" class=\"yoast-schema-graph\">{\"@context\":\"https:\\\/\\\/schema.org\",\"@graph\":[{\"@type\":\"Article\",\"@id\":\"https:\\\/\\\/msconectado.com.br\\\/?p=30684#article\",\"isPartOf\":{\"@id\":\"https:\\\/\\\/msconectado.com.br\\\/?p=30684\"},\"author\":{\"name\":\"Jeferson\",\"@id\":\"https:\\\/\\\/msconectado.com.br\\\/#\\\/schema\\\/person\\\/feb123a95a93eebea36f0ed6a2e5ba48\"},\"headline\":\"30\u00aa Festa da Lingui\u00e7a come\u00e7a hoje em Maracaju com show de Luan Pereira e promete movimentar a cidade\",\"datePublished\":\"2026-04-30T15:44:15+00:00\",\"dateModified\":\"2026-04-30T15:44:17+00:00\",\"mainEntityOfPage\":{\"@id\":\"https:\\\/\\\/msconectado.com.br\\\/?p=30684\"},\"wordCount\":369,\"commentCount\":0,\"publisher\":{\"@id\":\"https:\\\/\\\/msconectado.com.br\\\/#organization\"},\"image\":{\"@id\":\"https:\\\/\\\/msconectado.com.br\\\/?p=30684#primaryimage\"},\"thumbnailUrl\":\"https:\\\/\\\/msconectado.com.br\\\/wp-content\\\/uploads\\\/2026\\\/04\\\/IMG_3911-1.jpg\",\"articleSection\":[\"Cidades\",\"Eventos\",\"Not\u00edcia\"],\"inLanguage\":\"pt-BR\",\"potentialAction\":[{\"@type\":\"CommentAction\",\"name\":\"Comment\",\"target\":[\"https:\\\/\\\/msconectado.com.br\\\/?p=30684#respond\"]}]},{\"@type\":\"WebPage\",\"@id\":\"https:\\\/\\\/msconectado.com.br\\\/?p=30684\",\"url\":\"https:\\\/\\\/msconectado.com.br\\\/?p=30684\",\"name\":\"30\u00aa Festa da Lingui\u00e7a come\u00e7a hoje em Maracaju com show de Luan Pereira e promete movimentar a cidade - MsConectado\",\"isPartOf\":{\"@id\":\"https:\\\/\\\/msconectado.com.br\\\/#website\"},\"primaryImageOfPage\":{\"@id\":\"https:\\\/\\\/msconectado.com.br\\\/?p=30684#primaryimage\"},\"image\":{\"@id\":\"https:\\\/\\\/msconectado.com.br\\\/?p=30684#primaryimage\"},\"thumbnailUrl\":\"https:\\\/\\\/msconectado.com.br\\\/wp-content\\\/uploads\\\/2026\\\/04\\\/IMG_3911-1.jpg\",\"datePublished\":\"2026-04-30T15:44:15+00:00\",\"dateModified\":\"2026-04-30T15:44:17+00:00\",\"breadcrumb\":{\"@id\":\"https:\\\/\\\/msconectado.com.br\\\/?p=30684#breadcrumb\"},\"inLanguage\":\"pt-BR\",\"potentialAction\":[{\"@type\":\"ReadAction\",\"target\":[\"https:\\\/\\\/msconectado.com.br\\\/?p=30684\"]}]},{\"@type\":\"ImageObject\",\"inLanguage\":\"pt-BR\",\"@id\":\"https:\\\/\\\/msconectado.com.br\\\/?p=30684#primaryimage\",\"url\":\"https:\\\/\\\/msconectado.com.br\\\/wp-content\\\/uploads\\\/2026\\\/04\\\/IMG_3911-1.jpg\",\"contentUrl\":\"https:\\\/\\\/msconectado.com.br\\\/wp-content\\\/uploads\\\/2026\\\/04\\\/IMG_3911-1.jpg\",\"width\":1060,\"height\":675},{\"@type\":\"BreadcrumbList\",\"@id\":\"https:\\\/\\\/msconectado.com.br\\\/?p=30684#breadcrumb\",\"itemListElement\":[{\"@type\":\"ListItem\",\"position\":1,\"name\":\"In\u00edcio\",\"item\":\"https:\\\/\\\/msconectado.com.br\\\/?page_id=105\"},{\"@type\":\"ListItem\",\"position\":2,\"name\":\"30\u00aa Festa da Lingui\u00e7a come\u00e7a hoje em Maracaju com show de Luan Pereira e promete movimentar a cidade\"}]},{\"@type\":\"WebSite\",\"@id\":\"https:\\\/\\\/msconectado.com.br\\\/#website\",\"url\":\"https:\\\/\\\/msconectado.com.br\\\/\",\"name\":\"MsConectado\",\"description\":\"Voc\u00ea Conectado com a Not\u00edcia!\",\"publisher\":{\"@id\":\"https:\\\/\\\/msconectado.com.br\\\/#organization\"},\"potentialAction\":[{\"@type\":\"SearchAction\",\"target\":{\"@type\":\"EntryPoint\",\"urlTemplate\":\"https:\\\/\\\/msconectado.com.br\\\/?s={search_term_string}\"},\"query-input\":{\"@type\":\"PropertyValueSpecification\",\"valueRequired\":true,\"valueName\":\"search_term_string\"}}],\"inLanguage\":\"pt-BR\"},{\"@type\":\"Organization\",\"@id\":\"https:\\\/\\\/msconectado.com.br\\\/#organization\",\"name\":\"MsConectado\",\"url\":\"https:\\\/\\\/msconectado.com.br\\\/\",\"logo\":{\"@type\":\"ImageObject\",\"inLanguage\":\"pt-BR\",\"@id\":\"https:\\\/\\\/msconectado.com.br\\\/#\\\/schema\\\/logo\\\/image\\\/\",\"url\":\"https:\\\/\\\/msconectado.com.br\\\/wp-content\\\/uploads\\\/2023\\\/01\\\/cropped-noticia-2.png\",\"contentUrl\":\"https:\\\/\\\/msconectado.com.br\\\/wp-content\\\/uploads\\\/2023\\\/01\\\/cropped-noticia-2.png\",\"width\":720,\"height\":157,\"caption\":\"MsConectado\"},\"image\":{\"@id\":\"https:\\\/\\\/msconectado.com.br\\\/#\\\/schema\\\/logo\\\/image\\\/\"}},{\"@type\":\"Person\",\"@id\":\"https:\\\/\\\/msconectado.com.br\\\/#\\\/schema\\\/person\\\/feb123a95a93eebea36f0ed6a2e5ba48\",\"name\":\"Jeferson\",\"image\":{\"@type\":\"ImageObject\",\"inLanguage\":\"pt-BR\",\"@id\":\"https:\\\/\\\/secure.gravatar.com\\\/avatar\\\/e23e8901c88f0cdc0ad479ef7a39bf3e4c806344549c087c00b721a65549a328?s=96&d=mm&r=g\",\"url\":\"https:\\\/\\\/secure.gravatar.com\\\/avatar\\\/e23e8901c88f0cdc0ad479ef7a39bf3e4c806344549c087c00b721a65549a328?s=96&d=mm&r=g\",\"contentUrl\":\"https:\\\/\\\/secure.gravatar.com\\\/avatar\\\/e23e8901c88f0cdc0ad479ef7a39bf3e4c806344549c087c00b721a65549a328?s=96&d=mm&r=g\",\"caption\":\"Jeferson\"},\"url\":\"https:\\\/\\\/msconectado.com.br\\\/?author=3\"}]}<\/script>\n<!-- \/ Yoast SEO plugin. -->","yoast_head_json":{"title":"30\u00aa Festa da Lingui\u00e7a come\u00e7a hoje em Maracaju com show de Luan Pereira e promete movimentar a cidade - MsConectado","robots":{"index":"index","follow":"follow","max-snippet":"max-snippet:-1","max-image-preview":"max-image-preview:large","max-video-preview":"max-video-preview:-1"},"canonical":"https:\/\/msconectado.com.br\/?p=30684","og_locale":"pt_BR","og_type":"article","og_title":"30\u00aa Festa da Lingui\u00e7a come\u00e7a hoje em Maracaju com show de Luan Pereira e promete movimentar a cidade - MsConectado","og_description":"Maracaju entra oficialmente em clima de festa nesta quinta-feira, 30 de abril, com a abertura da aguardada 30\u00aa edi\u00e7\u00e3o da Festa da Lingui\u00e7a, um dos eventos mais tradicionais e prestigiados de Mato Grosso do Sul. Reunindo gastronomia, cultura, entretenimento e grandes atra\u00e7\u00f5es musicais, a celebra\u00e7\u00e3o come\u00e7a em grande estilo com o show nacional de Luan [&hellip;]","og_url":"https:\/\/msconectado.com.br\/?p=30684","og_site_name":"MsConectado","article_published_time":"2026-04-30T15:44:15+00:00","article_modified_time":"2026-04-30T15:44:17+00:00","og_image":[{"width":1060,"height":675,"url":"https:\/\/msconectado.com.br\/wp-content\/uploads\/2026\/04\/IMG_3911-1.jpg","type":"image\/jpeg"}],"author":"Jeferson","twitter_card":"summary_large_image","twitter_misc":{"Escrito por":"Jeferson","Est. tempo de leitura":"3 minutos"},"schema":{"@context":"https:\/\/schema.org","@graph":[{"@type":"Article","@id":"https:\/\/msconectado.com.br\/?p=30684#article","isPartOf":{"@id":"https:\/\/msconectado.com.br\/?p=30684"},"author":{"name":"Jeferson","@id":"https:\/\/msconectado.com.br\/#\/schema\/person\/feb123a95a93eebea36f0ed6a2e5ba48"},"headline":"30\u00aa Festa da Lingui\u00e7a come\u00e7a hoje em Maracaju com show de Luan Pereira e promete movimentar a cidade","datePublished":"2026-04-30T15:44:15+00:00","dateModified":"2026-04-30T15:44:17+00:00","mainEntityOfPage":{"@id":"https:\/\/msconectado.com.br\/?p=30684"},"wordCount":369,"commentCount":0,"publisher":{"@id":"https:\/\/msconectado.com.br\/#organization"},"image":{"@id":"https:\/\/msconectado.com.br\/?p=30684#primaryimage"},"thumbnailUrl":"https:\/\/msconectado.com.br\/wp-content\/uploads\/2026\/04\/IMG_3911-1.jpg","articleSection":["Cidades","Eventos","Not\u00edcia"],"inLanguage":"pt-BR","potentialAction":[{"@type":"CommentAction","name":"Comment","target":["https:\/\/msconectado.com.br\/?p=30684#respond"]}]},{"@type":"WebPage","@id":"https:\/\/msconectado.com.br\/?p=30684","url":"https:\/\/msconectado.com.br\/?p=30684","name":"30\u00aa Festa da Lingui\u00e7a come\u00e7a hoje em Maracaju com show de Luan Pereira e promete movimentar a cidade - MsConectado","isPartOf":{"@id":"https:\/\/msconectado.com.br\/#website"},"primaryImageOfPage":{"@id":"https:\/\/msconectado.com.br\/?p=30684#primaryimage"},"image":{"@id":"https:\/\/msconectado.com.br\/?p=30684#primaryimage"},"thumbnailUrl":"https:\/\/msconectado.com.br\/wp-content\/uploads\/2026\/04\/IMG_3911-1.jpg","datePublished":"2026-04-30T15:44:15+00:00","dateModified":"2026-04-30T15:44:17+00:00","breadcrumb":{"@id":"https:\/\/msconectado.com.br\/?p=30684#breadcrumb"},"inLanguage":"pt-BR","potentialAction":[{"@type":"ReadAction","target":["https:\/\/msconectado.com.br\/?p=30684"]}]},{"@type":"ImageObject","inLanguage":"pt-BR","@id":"https:\/\/msconectado.com.br\/?p=30684#primaryimage","url":"https:\/\/msconectado.com.br\/wp-content\/uploads\/2026\/04\/IMG_3911-1.jpg","contentUrl":"https:\/\/msconectado.com.br\/wp-content\/uploads\/2026\/04\/IMG_3911-1.jpg","width":1060,"height":675},{"@type":"BreadcrumbList","@id":"https:\/\/msconectado.com.br\/?p=30684#breadcrumb","itemListElement":[{"@type":"ListItem","position":1,"name":"In\u00edcio","item":"https:\/\/msconectado.com.br\/?page_id=105"},{"@type":"ListItem","position":2,"name":"30\u00aa Festa da Lingui\u00e7a come\u00e7a hoje em Maracaju com show de Luan Pereira e promete movimentar a cidade"}]},{"@type":"WebSite","@id":"https:\/\/msconectado.com.br\/#website","url":"https:\/\/msconectado.com.br\/","name":"MsConectado","description":"Voc\u00ea Conectado com a Not\u00edcia!","publisher":{"@id":"https:\/\/msconectado.com.br\/#organization"},"potentialAction":[{"@type":"SearchAction","target":{"@type":"EntryPoint","urlTemplate":"https:\/\/msconectado.com.br\/?s={search_term_string}"},"query-input":{"@type":"PropertyValueSpecification","valueRequired":true,"valueName":"search_term_string"}}],"inLanguage":"pt-BR"},{"@type":"Organization","@id":"https:\/\/msconectado.com.br\/#organization","name":"MsConectado","url":"https:\/\/msconectado.com.br\/","logo":{"@type":"ImageObject","inLanguage":"pt-BR","@id":"https:\/\/msconectado.com.br\/#\/schema\/logo\/image\/","url":"https:\/\/msconectado.com.br\/wp-content\/uploads\/2023\/01\/cropped-noticia-2.png","contentUrl":"https:\/\/msconectado.com.br\/wp-content\/uploads\/2023\/01\/cropped-noticia-2.png","width":720,"height":157,"caption":"MsConectado"},"image":{"@id":"https:\/\/msconectado.com.br\/#\/schema\/logo\/image\/"}},{"@type":"Person","@id":"https:\/\/msconectado.com.br\/#\/schema\/person\/feb123a95a93eebea36f0ed6a2e5ba48","name":"Jeferson","image":{"@type":"ImageObject","inLanguage":"pt-BR","@id":"https:\/\/secure.gravatar.com\/avatar\/e23e8901c88f0cdc0ad479ef7a39bf3e4c806344549c087c00b721a65549a328?s=96&d=mm&r=g","url":"https:\/\/secure.gravatar.com\/avatar\/e23e8901c88f0cdc0ad479ef7a39bf3e4c806344549c087c00b721a65549a328?s=96&d=mm&r=g","contentUrl":"https:\/\/secure.gravatar.com\/avatar\/e23e8901c88f0cdc0ad479ef7a39bf3e4c806344549c087c00b721a65549a328?s=96&d=mm&r=g","caption":"Jeferson"},"url":"https:\/\/msconectado.com.br\/?author=3"}]}},"_links":{"self":[{"href":"https:\/\/msconectado.com.br\/index.php?rest_route=\/wp\/v2\/posts\/30684","targetHints":{"allow":["GET"]}}],"collection":[{"href":"https:\/\/msconectado.com.br\/index.php?rest_route=\/wp\/v2\/posts"}],"about":[{"href":"https:\/\/msconectado.com.br\/index.php?rest_route=\/wp\/v2\/types\/post"}],"author":[{"embeddable":true,"href":"https:\/\/msconectado.com.br\/index.php?rest_route=\/wp\/v2\/users\/3"}],"replies":[{"embeddable":true,"href":"https:\/\/msconectado.com.br\/index.php?rest_route=%2Fwp%2Fv2%2Fcomments&post=30684"}],"version-history":[{"count":1,"href":"https:\/\/msconectado.com.br\/index.php?rest_route=\/wp\/v2\/posts\/30684\/revisions"}],"predecessor-version":[{"id":30686,"href":"https:\/\/msconectado.com.br\/index.php?rest_route=\/wp\/v2\/posts\/30684\/revisions\/30686"}],"wp:featuredmedia":[{"embeddable":true,"href":"https:\/\/msconectado.com.br\/index.php?rest_route=\/wp\/v2\/media\/30685"}],"wp:attachment":[{"href":"https:\/\/msconectado.com.br\/index.php?rest_route=%2Fwp%2Fv2%2Fmedia&parent=30684"}],"wp:term":[{"taxonomy":"category","embeddable":true,"href":"https:\/\/msconectado.com.br\/index.php?rest_route=%2Fwp%2Fv2%2Fcategories&post=30684"},{"taxonomy":"post_tag","embeddable":true,"href":"https:\/\/msconectado.com.br\/index.php?rest_route=%2Fwp%2Fv2%2Ftags&post=30684"}],"curies":[{"name":"wp","href":"https:\/\/api.w.org\/{rel}","templated":true}]}}