
{"id":30691,"date":"2026-05-01T13:35:30","date_gmt":"2026-05-01T13:35:30","guid":{"rendered":"https:\/\/msconectado.com.br\/?p=30691"},"modified":"2026-05-01T13:35:34","modified_gmt":"2026-05-01T13:35:34","slug":"sucesso-absoluto-luan-pereira-arrasta-multidao-e-marca-abertura-historica-da-30a-festa-da-linguica-de-maracaju","status":"publish","type":"post","link":"https:\/\/msconectado.com.br\/?p=30691","title":{"rendered":"Sucesso Absoluto: Luan Pereira arrasta multid\u00e3o e marca abertura hist\u00f3rica da 30\u00aa Festa da Lingui\u00e7a de Maracaju"},"content":{"rendered":"\n<p><em>Com recorde de p\u00fablico e port\u00f5es abertos, a maior festa gastron\u00f4mica do Mato Grosso do Sul celebrou seus 30 anos em uma noite inesquec\u00edvel de m\u00fasica e tradi\u00e7\u00e3o.<\/em><\/p>\n\n\n\n<p><strong>Maracaju (MS)<\/strong> \u2013 O que se viu na noite desta \u00faltima quinta-feira, 30 de abril, foi uma demonstra\u00e7\u00e3o de for\u00e7a da cultura sul-mato-grossense. A abertura oficial da <strong>30\u00aa Festa da Lingui\u00e7a de Maracaju<\/strong> n\u00e3o apenas cumpriu a promessa de ser hist\u00f3rica, mas superou todas as expectativas, registrando um dos maiores p\u00fablicos de sua trajet\u00f3ria de tr\u00eas d\u00e9cadas.<\/p>\n\n\n\n<p>O grande destaque da noite foi o fen\u00f4meno <strong>Luan Pereira<\/strong>. Com um show eletrizante, o artista dominou o palco e fez milhares de pessoas cantarem em coro, confirmando o acerto da organiza\u00e7\u00e3o em trazer um dos maiores nomes da m\u00fasica atual para celebrar o jubileu de p\u00e9rola do evento.<\/p>\n\n\n\n<h3 class=\"wp-block-heading\"><strong>Gastronomia e Tradi\u00e7\u00e3o<\/strong><\/h3>\n\n\n\n<p>Enquanto o palco fervia, o aroma da tradicional <strong>Lingui\u00e7a de Maracaju<\/strong>  patrim\u00f4nio gastron\u00f4mico do estado  tomava conta do parque. Turistas de diversas regi\u00f5es do pa\u00eds lotaram as \u00e1reas de alimenta\u00e7\u00e3o, refor\u00e7ando o papel da festa como um motor vital para a economia e o turismo local. A organiza\u00e7\u00e3o impec\u00e1vel garantiu que, mesmo com a multid\u00e3o, a experi\u00eancia gastron\u00f4mica fosse o ponto alto da celebra\u00e7\u00e3o.<\/p>\n\n\n\n<h3 class=\"wp-block-heading\"><strong>Estrutura de Gigante<\/strong><\/h3>\n\n\n\n<p>Um dos pontos mais elogiados pelo p\u00fablico foi a estrutura montada para esta edi\u00e7\u00e3o. As \u00e1reas VIP e camarotes, que tiveram ingressos esgotados antecipadamente, ofereceram conforto e vis\u00e3o privilegiada, enquanto a pista com <strong>entrada franca<\/strong> permitiu que toda a comunidade participasse da festa com dignidade e seguran\u00e7a.<\/p>\n\n\n\n<h3 class=\"wp-block-heading\"><strong>A festa continua!<\/strong>Ap\u00f3s o impacto positivo da abertura, o evento seguiu com a energia l\u00e1 no alto:<\/h3>\n\n\n\n<ul class=\"wp-block-list\">\n<li><strong>Noite de Sexta (01\/05):<\/strong> O p\u00fablico se rendeu ao agito do <strong>Country Beat &amp; Mulherada<\/strong>, com a batida do <strong>DJ Celso<\/strong> mantendo a pista cheia at\u00e9 altas horas.<\/li>\n\n\n\n<li><strong>Encerramento (02\/05):<\/strong> A dupla <strong>US Agroboy<\/strong> fechou a programa\u00e7\u00e3o com chave de ouro, trazendo o &#8220;hip-ro\u00e7a&#8221; que \u00e9 febre em todo o Brasil.<\/li>\n<\/ul>\n\n\n\n<p>Reda\u00e7\u00e3o<\/p>\n\n\n\n<p> <\/p>\n","protected":false},"excerpt":{"rendered":"<p>Com recorde de p\u00fablico e port\u00f5es abertos, a maior festa gastron\u00f4mica do Mato Grosso do Sul celebrou seus 30 anos em uma noite inesquec\u00edvel de m\u00fasica e tradi\u00e7\u00e3o. Maracaju (MS) \u2013 O que se viu na noite desta \u00faltima quinta-feira, 30 de abril, foi uma demonstra\u00e7\u00e3o de for\u00e7a da cultura sul-mato-grossense. A abertura oficial da [&hellip;]<\/p>\n","protected":false},"author":3,"featured_media":30692,"comment_status":"open","ping_status":"closed","sticky":false,"template":"","format":"standard","meta":{"footnotes":""},"categories":[35,36],"tags":[],"class_list":["post-30691","post","type-post","status-publish","format-standard","has-post-thumbnail","hentry","category-cidades","category-eventos"],"yoast_head":"<!-- This site is optimized with the Yoast SEO plugin v27.5 - https:\/\/yoast.com\/product\/yoast-seo-wordpress\/ -->\n<title>Sucesso Absoluto: Luan Pereira arrasta multid\u00e3o e marca abertura hist\u00f3rica da 30\u00aa Festa da Lingui\u00e7a de Maracaju - MsConectado<\/title>\n<meta name=\"robots\" content=\"index, follow, max-snippet:-1, max-image-preview:large, max-video-preview:-1\" \/>\n<link rel=\"canonical\" href=\"https:\/\/msconectado.com.br\/?p=30691\" \/>\n<meta property=\"og:locale\" content=\"pt_BR\" \/>\n<meta property=\"og:type\" content=\"article\" \/>\n<meta property=\"og:title\" content=\"Sucesso Absoluto: Luan Pereira arrasta multid\u00e3o e marca abertura hist\u00f3rica da 30\u00aa Festa da Lingui\u00e7a de Maracaju - MsConectado\" \/>\n<meta property=\"og:description\" content=\"Com recorde de p\u00fablico e port\u00f5es abertos, a maior festa gastron\u00f4mica do Mato Grosso do Sul celebrou seus 30 anos em uma noite inesquec\u00edvel de m\u00fasica e tradi\u00e7\u00e3o. Maracaju (MS) \u2013 O que se viu na noite desta \u00faltima quinta-feira, 30 de abril, foi uma demonstra\u00e7\u00e3o de for\u00e7a da cultura sul-mato-grossense. A abertura oficial da [&hellip;]\" \/>\n<meta property=\"og:url\" content=\"https:\/\/msconectado.com.br\/?p=30691\" \/>\n<meta property=\"og:site_name\" content=\"MsConectado\" \/>\n<meta property=\"article:published_time\" content=\"2026-05-01T13:35:30+00:00\" \/>\n<meta property=\"article:modified_time\" content=\"2026-05-01T13:35:34+00:00\" \/>\n<meta property=\"og:image\" content=\"https:\/\/msconectado.com.br\/wp-content\/uploads\/2026\/05\/61596944-0e0d-4027-b623-77467ee97a73.jpg\" \/>\n\t<meta property=\"og:image:width\" content=\"1280\" \/>\n\t<meta property=\"og:image:height\" content=\"771\" \/>\n\t<meta property=\"og:image:type\" content=\"image\/jpeg\" \/>\n<meta name=\"author\" content=\"Jeferson\" \/>\n<meta name=\"twitter:card\" content=\"summary_large_image\" \/>\n<meta name=\"twitter:label1\" content=\"Escrito por\" \/>\n\t<meta name=\"twitter:data1\" content=\"Jeferson\" \/>\n\t<meta name=\"twitter:label2\" content=\"Est. tempo de leitura\" \/>\n\t<meta name=\"twitter:data2\" content=\"2 minutos\" \/>\n<script type=\"application\/ld+json\" class=\"yoast-schema-graph\">{\"@context\":\"https:\\\/\\\/schema.org\",\"@graph\":[{\"@type\":\"Article\",\"@id\":\"https:\\\/\\\/msconectado.com.br\\\/?p=30691#article\",\"isPartOf\":{\"@id\":\"https:\\\/\\\/msconectado.com.br\\\/?p=30691\"},\"author\":{\"name\":\"Jeferson\",\"@id\":\"https:\\\/\\\/msconectado.com.br\\\/#\\\/schema\\\/person\\\/feb123a95a93eebea36f0ed6a2e5ba48\"},\"headline\":\"Sucesso Absoluto: Luan Pereira arrasta multid\u00e3o e marca abertura hist\u00f3rica da 30\u00aa Festa da Lingui\u00e7a de Maracaju\",\"datePublished\":\"2026-05-01T13:35:30+00:00\",\"dateModified\":\"2026-05-01T13:35:34+00:00\",\"mainEntityOfPage\":{\"@id\":\"https:\\\/\\\/msconectado.com.br\\\/?p=30691\"},\"wordCount\":375,\"commentCount\":0,\"publisher\":{\"@id\":\"https:\\\/\\\/msconectado.com.br\\\/#organization\"},\"image\":{\"@id\":\"https:\\\/\\\/msconectado.com.br\\\/?p=30691#primaryimage\"},\"thumbnailUrl\":\"https:\\\/\\\/msconectado.com.br\\\/wp-content\\\/uploads\\\/2026\\\/05\\\/61596944-0e0d-4027-b623-77467ee97a73.jpg\",\"articleSection\":[\"Cidades\",\"Eventos\"],\"inLanguage\":\"pt-BR\",\"potentialAction\":[{\"@type\":\"CommentAction\",\"name\":\"Comment\",\"target\":[\"https:\\\/\\\/msconectado.com.br\\\/?p=30691#respond\"]}]},{\"@type\":\"WebPage\",\"@id\":\"https:\\\/\\\/msconectado.com.br\\\/?p=30691\",\"url\":\"https:\\\/\\\/msconectado.com.br\\\/?p=30691\",\"name\":\"Sucesso Absoluto: Luan Pereira arrasta multid\u00e3o e marca abertura hist\u00f3rica da 30\u00aa Festa da Lingui\u00e7a de Maracaju - MsConectado\",\"isPartOf\":{\"@id\":\"https:\\\/\\\/msconectado.com.br\\\/#website\"},\"primaryImageOfPage\":{\"@id\":\"https:\\\/\\\/msconectado.com.br\\\/?p=30691#primaryimage\"},\"image\":{\"@id\":\"https:\\\/\\\/msconectado.com.br\\\/?p=30691#primaryimage\"},\"thumbnailUrl\":\"https:\\\/\\\/msconectado.com.br\\\/wp-content\\\/uploads\\\/2026\\\/05\\\/61596944-0e0d-4027-b623-77467ee97a73.jpg\",\"datePublished\":\"2026-05-01T13:35:30+00:00\",\"dateModified\":\"2026-05-01T13:35:34+00:00\",\"breadcrumb\":{\"@id\":\"https:\\\/\\\/msconectado.com.br\\\/?p=30691#breadcrumb\"},\"inLanguage\":\"pt-BR\",\"potentialAction\":[{\"@type\":\"ReadAction\",\"target\":[\"https:\\\/\\\/msconectado.com.br\\\/?p=30691\"]}]},{\"@type\":\"ImageObject\",\"inLanguage\":\"pt-BR\",\"@id\":\"https:\\\/\\\/msconectado.com.br\\\/?p=30691#primaryimage\",\"url\":\"https:\\\/\\\/msconectado.com.br\\\/wp-content\\\/uploads\\\/2026\\\/05\\\/61596944-0e0d-4027-b623-77467ee97a73.jpg\",\"contentUrl\":\"https:\\\/\\\/msconectado.com.br\\\/wp-content\\\/uploads\\\/2026\\\/05\\\/61596944-0e0d-4027-b623-77467ee97a73.jpg\",\"width\":1280,\"height\":771},{\"@type\":\"BreadcrumbList\",\"@id\":\"https:\\\/\\\/msconectado.com.br\\\/?p=30691#breadcrumb\",\"itemListElement\":[{\"@type\":\"ListItem\",\"position\":1,\"name\":\"In\u00edcio\",\"item\":\"https:\\\/\\\/msconectado.com.br\\\/\"},{\"@type\":\"ListItem\",\"position\":2,\"name\":\"Sucesso Absoluto: Luan Pereira arrasta multid\u00e3o e marca abertura hist\u00f3rica da 30\u00aa Festa da Lingui\u00e7a de Maracaju\"}]},{\"@type\":\"WebSite\",\"@id\":\"https:\\\/\\\/msconectado.com.br\\\/#website\",\"url\":\"https:\\\/\\\/msconectado.com.br\\\/\",\"name\":\"MsConectado\",\"description\":\"Voc\u00ea Conectado com a Not\u00edcia!\",\"publisher\":{\"@id\":\"https:\\\/\\\/msconectado.com.br\\\/#organization\"},\"potentialAction\":[{\"@type\":\"SearchAction\",\"target\":{\"@type\":\"EntryPoint\",\"urlTemplate\":\"https:\\\/\\\/msconectado.com.br\\\/?s={search_term_string}\"},\"query-input\":{\"@type\":\"PropertyValueSpecification\",\"valueRequired\":true,\"valueName\":\"search_term_string\"}}],\"inLanguage\":\"pt-BR\"},{\"@type\":\"Organization\",\"@id\":\"https:\\\/\\\/msconectado.com.br\\\/#organization\",\"name\":\"MsConectado\",\"url\":\"https:\\\/\\\/msconectado.com.br\\\/\",\"logo\":{\"@type\":\"ImageObject\",\"inLanguage\":\"pt-BR\",\"@id\":\"https:\\\/\\\/msconectado.com.br\\\/#\\\/schema\\\/logo\\\/image\\\/\",\"url\":\"https:\\\/\\\/msconectado.com.br\\\/wp-content\\\/uploads\\\/2023\\\/01\\\/cropped-noticia-2.png\",\"contentUrl\":\"https:\\\/\\\/msconectado.com.br\\\/wp-content\\\/uploads\\\/2023\\\/01\\\/cropped-noticia-2.png\",\"width\":720,\"height\":157,\"caption\":\"MsConectado\"},\"image\":{\"@id\":\"https:\\\/\\\/msconectado.com.br\\\/#\\\/schema\\\/logo\\\/image\\\/\"}},{\"@type\":\"Person\",\"@id\":\"https:\\\/\\\/msconectado.com.br\\\/#\\\/schema\\\/person\\\/feb123a95a93eebea36f0ed6a2e5ba48\",\"name\":\"Jeferson\",\"image\":{\"@type\":\"ImageObject\",\"inLanguage\":\"pt-BR\",\"@id\":\"https:\\\/\\\/secure.gravatar.com\\\/avatar\\\/e23e8901c88f0cdc0ad479ef7a39bf3e4c806344549c087c00b721a65549a328?s=96&d=mm&r=g\",\"url\":\"https:\\\/\\\/secure.gravatar.com\\\/avatar\\\/e23e8901c88f0cdc0ad479ef7a39bf3e4c806344549c087c00b721a65549a328?s=96&d=mm&r=g\",\"contentUrl\":\"https:\\\/\\\/secure.gravatar.com\\\/avatar\\\/e23e8901c88f0cdc0ad479ef7a39bf3e4c806344549c087c00b721a65549a328?s=96&d=mm&r=g\",\"caption\":\"Jeferson\"},\"url\":\"https:\\\/\\\/msconectado.com.br\\\/?author=3\"}]}<\/script>\n<!-- \/ Yoast SEO plugin. -->","yoast_head_json":{"title":"Sucesso Absoluto: Luan Pereira arrasta multid\u00e3o e marca abertura hist\u00f3rica da 30\u00aa Festa da Lingui\u00e7a de Maracaju - MsConectado","robots":{"index":"index","follow":"follow","max-snippet":"max-snippet:-1","max-image-preview":"max-image-preview:large","max-video-preview":"max-video-preview:-1"},"canonical":"https:\/\/msconectado.com.br\/?p=30691","og_locale":"pt_BR","og_type":"article","og_title":"Sucesso Absoluto: Luan Pereira arrasta multid\u00e3o e marca abertura hist\u00f3rica da 30\u00aa Festa da Lingui\u00e7a de Maracaju - MsConectado","og_description":"Com recorde de p\u00fablico e port\u00f5es abertos, a maior festa gastron\u00f4mica do Mato Grosso do Sul celebrou seus 30 anos em uma noite inesquec\u00edvel de m\u00fasica e tradi\u00e7\u00e3o. Maracaju (MS) \u2013 O que se viu na noite desta \u00faltima quinta-feira, 30 de abril, foi uma demonstra\u00e7\u00e3o de for\u00e7a da cultura sul-mato-grossense. A abertura oficial da [&hellip;]","og_url":"https:\/\/msconectado.com.br\/?p=30691","og_site_name":"MsConectado","article_published_time":"2026-05-01T13:35:30+00:00","article_modified_time":"2026-05-01T13:35:34+00:00","og_image":[{"width":1280,"height":771,"url":"https:\/\/msconectado.com.br\/wp-content\/uploads\/2026\/05\/61596944-0e0d-4027-b623-77467ee97a73.jpg","type":"image\/jpeg"}],"author":"Jeferson","twitter_card":"summary_large_image","twitter_misc":{"Escrito por":"Jeferson","Est. tempo de leitura":"2 minutos"},"schema":{"@context":"https:\/\/schema.org","@graph":[{"@type":"Article","@id":"https:\/\/msconectado.com.br\/?p=30691#article","isPartOf":{"@id":"https:\/\/msconectado.com.br\/?p=30691"},"author":{"name":"Jeferson","@id":"https:\/\/msconectado.com.br\/#\/schema\/person\/feb123a95a93eebea36f0ed6a2e5ba48"},"headline":"Sucesso Absoluto: Luan Pereira arrasta multid\u00e3o e marca abertura hist\u00f3rica da 30\u00aa Festa da Lingui\u00e7a de Maracaju","datePublished":"2026-05-01T13:35:30+00:00","dateModified":"2026-05-01T13:35:34+00:00","mainEntityOfPage":{"@id":"https:\/\/msconectado.com.br\/?p=30691"},"wordCount":375,"commentCount":0,"publisher":{"@id":"https:\/\/msconectado.com.br\/#organization"},"image":{"@id":"https:\/\/msconectado.com.br\/?p=30691#primaryimage"},"thumbnailUrl":"https:\/\/msconectado.com.br\/wp-content\/uploads\/2026\/05\/61596944-0e0d-4027-b623-77467ee97a73.jpg","articleSection":["Cidades","Eventos"],"inLanguage":"pt-BR","potentialAction":[{"@type":"CommentAction","name":"Comment","target":["https:\/\/msconectado.com.br\/?p=30691#respond"]}]},{"@type":"WebPage","@id":"https:\/\/msconectado.com.br\/?p=30691","url":"https:\/\/msconectado.com.br\/?p=30691","name":"Sucesso Absoluto: Luan Pereira arrasta multid\u00e3o e marca abertura hist\u00f3rica da 30\u00aa Festa da Lingui\u00e7a de Maracaju - MsConectado","isPartOf":{"@id":"https:\/\/msconectado.com.br\/#website"},"primaryImageOfPage":{"@id":"https:\/\/msconectado.com.br\/?p=30691#primaryimage"},"image":{"@id":"https:\/\/msconectado.com.br\/?p=30691#primaryimage"},"thumbnailUrl":"https:\/\/msconectado.com.br\/wp-content\/uploads\/2026\/05\/61596944-0e0d-4027-b623-77467ee97a73.jpg","datePublished":"2026-05-01T13:35:30+00:00","dateModified":"2026-05-01T13:35:34+00:00","breadcrumb":{"@id":"https:\/\/msconectado.com.br\/?p=30691#breadcrumb"},"inLanguage":"pt-BR","potentialAction":[{"@type":"ReadAction","target":["https:\/\/msconectado.com.br\/?p=30691"]}]},{"@type":"ImageObject","inLanguage":"pt-BR","@id":"https:\/\/msconectado.com.br\/?p=30691#primaryimage","url":"https:\/\/msconectado.com.br\/wp-content\/uploads\/2026\/05\/61596944-0e0d-4027-b623-77467ee97a73.jpg","contentUrl":"https:\/\/msconectado.com.br\/wp-content\/uploads\/2026\/05\/61596944-0e0d-4027-b623-77467ee97a73.jpg","width":1280,"height":771},{"@type":"BreadcrumbList","@id":"https:\/\/msconectado.com.br\/?p=30691#breadcrumb","itemListElement":[{"@type":"ListItem","position":1,"name":"In\u00edcio","item":"https:\/\/msconectado.com.br\/"},{"@type":"ListItem","position":2,"name":"Sucesso Absoluto: Luan Pereira arrasta multid\u00e3o e marca abertura hist\u00f3rica da 30\u00aa Festa da Lingui\u00e7a de Maracaju"}]},{"@type":"WebSite","@id":"https:\/\/msconectado.com.br\/#website","url":"https:\/\/msconectado.com.br\/","name":"MsConectado","description":"Voc\u00ea Conectado com a Not\u00edcia!","publisher":{"@id":"https:\/\/msconectado.com.br\/#organization"},"potentialAction":[{"@type":"SearchAction","target":{"@type":"EntryPoint","urlTemplate":"https:\/\/msconectado.com.br\/?s={search_term_string}"},"query-input":{"@type":"PropertyValueSpecification","valueRequired":true,"valueName":"search_term_string"}}],"inLanguage":"pt-BR"},{"@type":"Organization","@id":"https:\/\/msconectado.com.br\/#organization","name":"MsConectado","url":"https:\/\/msconectado.com.br\/","logo":{"@type":"ImageObject","inLanguage":"pt-BR","@id":"https:\/\/msconectado.com.br\/#\/schema\/logo\/image\/","url":"https:\/\/msconectado.com.br\/wp-content\/uploads\/2023\/01\/cropped-noticia-2.png","contentUrl":"https:\/\/msconectado.com.br\/wp-content\/uploads\/2023\/01\/cropped-noticia-2.png","width":720,"height":157,"caption":"MsConectado"},"image":{"@id":"https:\/\/msconectado.com.br\/#\/schema\/logo\/image\/"}},{"@type":"Person","@id":"https:\/\/msconectado.com.br\/#\/schema\/person\/feb123a95a93eebea36f0ed6a2e5ba48","name":"Jeferson","image":{"@type":"ImageObject","inLanguage":"pt-BR","@id":"https:\/\/secure.gravatar.com\/avatar\/e23e8901c88f0cdc0ad479ef7a39bf3e4c806344549c087c00b721a65549a328?s=96&d=mm&r=g","url":"https:\/\/secure.gravatar.com\/avatar\/e23e8901c88f0cdc0ad479ef7a39bf3e4c806344549c087c00b721a65549a328?s=96&d=mm&r=g","contentUrl":"https:\/\/secure.gravatar.com\/avatar\/e23e8901c88f0cdc0ad479ef7a39bf3e4c806344549c087c00b721a65549a328?s=96&d=mm&r=g","caption":"Jeferson"},"url":"https:\/\/msconectado.com.br\/?author=3"}]}},"_links":{"self":[{"href":"https:\/\/msconectado.com.br\/index.php?rest_route=\/wp\/v2\/posts\/30691","targetHints":{"allow":["GET"]}}],"collection":[{"href":"https:\/\/msconectado.com.br\/index.php?rest_route=\/wp\/v2\/posts"}],"about":[{"href":"https:\/\/msconectado.com.br\/index.php?rest_route=\/wp\/v2\/types\/post"}],"author":[{"embeddable":true,"href":"https:\/\/msconectado.com.br\/index.php?rest_route=\/wp\/v2\/users\/3"}],"replies":[{"embeddable":true,"href":"https:\/\/msconectado.com.br\/index.php?rest_route=%2Fwp%2Fv2%2Fcomments&post=30691"}],"version-history":[{"count":1,"href":"https:\/\/msconectado.com.br\/index.php?rest_route=\/wp\/v2\/posts\/30691\/revisions"}],"predecessor-version":[{"id":30693,"href":"https:\/\/msconectado.com.br\/index.php?rest_route=\/wp\/v2\/posts\/30691\/revisions\/30693"}],"wp:featuredmedia":[{"embeddable":true,"href":"https:\/\/msconectado.com.br\/index.php?rest_route=\/wp\/v2\/media\/30692"}],"wp:attachment":[{"href":"https:\/\/msconectado.com.br\/index.php?rest_route=%2Fwp%2Fv2%2Fmedia&parent=30691"}],"wp:term":[{"taxonomy":"category","embeddable":true,"href":"https:\/\/msconectado.com.br\/index.php?rest_route=%2Fwp%2Fv2%2Fcategories&post=30691"},{"taxonomy":"post_tag","embeddable":true,"href":"https:\/\/msconectado.com.br\/index.php?rest_route=%2Fwp%2Fv2%2Ftags&post=30691"}],"curies":[{"name":"wp","href":"https:\/\/api.w.org\/{rel}","templated":true}]}}