
{"id":30694,"date":"2026-05-01T14:14:41","date_gmt":"2026-05-01T14:14:41","guid":{"rendered":"https:\/\/msconectado.com.br\/?p=30694"},"modified":"2026-05-01T14:14:44","modified_gmt":"2026-05-01T14:14:44","slug":"vigilancia-sanitaria-garante-seguranca-alimentar-e-reforca-cuidado-com-a-saude-na-30a-festa-da-linguica-de-maracaju","status":"publish","type":"post","link":"https:\/\/msconectado.com.br\/?p=30694","title":{"rendered":"Vigil\u00e2ncia Sanit\u00e1ria garante seguran\u00e7a alimentar e refor\u00e7a cuidado com a sa\u00fade na 30\u00aa Festa da Lingui\u00e7a de Maracaju."},"content":{"rendered":"\n<p><strong>A\u00e7\u00e3o educativa e fiscalizat\u00f3ria da Prefeitura assegura qualidade dos alimentos e bem-estar do p\u00fablico durante um dos maiores eventos gastron\u00f4micos do Estado.<\/strong><\/p>\n\n\n\n<p>Durante a 30\u00aa edi\u00e7\u00e3o da tradicional Festa da Lingui\u00e7a de Maracaju, a Prefeitura de Maracaju, por meio da Secretaria Municipal de Sa\u00fade, intensifica as a\u00e7\u00f5es do Departamento de Vigil\u00e2ncia Sanit\u00e1ria para garantir a seguran\u00e7a alimentar e o bem-estar de toda a popula\u00e7\u00e3o e visitantes.<\/p>\n\n\n\n<p>Com uma atua\u00e7\u00e3o pautada na orienta\u00e7\u00e3o e na educa\u00e7\u00e3o, as equipes realizam fiscaliza\u00e7\u00f5es e inspe\u00e7\u00f5es em estandes, barracas e demais pontos de comercializa\u00e7\u00e3o de alimentos. Al\u00e9m disso, foram vistoriadas as cozinhas respons\u00e1veis pelo preparo das refei\u00e7\u00f5es e por\u00e7\u00f5es servidas durante o evento, bem como os sanit\u00e1rios disponibilizados ao p\u00fablico.<\/p>\n\n\n\n<p>A iniciativa teve como foco n\u00e3o apenas a fiscaliza\u00e7\u00e3o, mas tamb\u00e9m o di\u00e1logo com os expositores, promovendo boas pr\u00e1ticas na manipula\u00e7\u00e3o de alimentos, higiene pessoal, armazenamento correto e manuten\u00e7\u00e3o adequada dos espa\u00e7os. Durante as visitas, foram entregues materiais informativos com normas e recomenda\u00e7\u00f5es, incluindo a RDC-216\/04, que regulamenta os procedimentos sanit\u00e1rios para servi\u00e7os de alimenta\u00e7\u00e3o.<\/p>\n\n\n\n<p>A Secret\u00e1ria Municipal de Sa\u00fade, Chirlei Rocha, destacou a import\u00e2ncia do trabalho preventivo e educativo realizado durante a festa:<\/p>\n\n\n\n<p>\u201c<em>Nosso compromisso vai al\u00e9m da fiscaliza\u00e7\u00e3o. Trabalhamos com orienta\u00e7\u00e3o, di\u00e1logo e preven\u00e7\u00e3o, porque entendemos que cuidar da sa\u00fade das pessoas \u00e9 tamb\u00e9m garantir que cada alimento servido esteja dentro dos padr\u00f5es de qualidade e seguran\u00e7a. A Festa da Lingui\u00e7a \u00e9 um orgulho para nossa cidade, e \u00e9 fundamental que todos possam aproveitar esse momento com tranquilidade, sabendo que h\u00e1 um cuidado rigoroso por tr\u00e1s de cada detalhe<\/em>.\u201d<\/p>\n\n\n\n<p>A atua\u00e7\u00e3o da Vigil\u00e2ncia Sanit\u00e1ria refor\u00e7a o compromisso da gest\u00e3o municipal com a sa\u00fade p\u00fablica e contribui diretamente para o sucesso do evento, que \u00e9 refer\u00eancia em gastronomia regional e atrai milhares de pessoas todos os anos.<\/p>\n\n\n\n<p>Com responsabilidade, planejamento e presen\u00e7a ativa, a Prefeitura de Maracaju segue garantindo que tradi\u00e7\u00e3o, sabor e seguran\u00e7a caminhem juntos, consolidando a festa como um ambiente acolhedor, organizado e seguro para todos.<\/p>\n\n\n\n<p>Assessoria <\/p>\n","protected":false},"excerpt":{"rendered":"<p>A\u00e7\u00e3o educativa e fiscalizat\u00f3ria da Prefeitura assegura qualidade dos alimentos e bem-estar do p\u00fablico durante um dos maiores eventos gastron\u00f4micos do Estado. Durante a 30\u00aa edi\u00e7\u00e3o da tradicional Festa da Lingui\u00e7a de Maracaju, a Prefeitura de Maracaju, por meio da Secretaria Municipal de Sa\u00fade, intensifica as a\u00e7\u00f5es do Departamento de Vigil\u00e2ncia Sanit\u00e1ria para garantir a [&hellip;]<\/p>\n","protected":false},"author":3,"featured_media":30695,"comment_status":"open","ping_status":"closed","sticky":false,"template":"","format":"standard","meta":{"footnotes":""},"categories":[35,36],"tags":[],"class_list":["post-30694","post","type-post","status-publish","format-standard","has-post-thumbnail","hentry","category-cidades","category-eventos"],"yoast_head":"<!-- This site is optimized with the Yoast SEO plugin v27.5 - https:\/\/yoast.com\/product\/yoast-seo-wordpress\/ -->\n<title>Vigil\u00e2ncia Sanit\u00e1ria garante seguran\u00e7a alimentar e refor\u00e7a cuidado com a sa\u00fade na 30\u00aa Festa da Lingui\u00e7a de Maracaju. - MsConectado<\/title>\n<meta name=\"robots\" content=\"index, follow, max-snippet:-1, max-image-preview:large, max-video-preview:-1\" \/>\n<link rel=\"canonical\" href=\"https:\/\/msconectado.com.br\/?p=30694\" \/>\n<meta property=\"og:locale\" content=\"pt_BR\" \/>\n<meta property=\"og:type\" content=\"article\" \/>\n<meta property=\"og:title\" content=\"Vigil\u00e2ncia Sanit\u00e1ria garante seguran\u00e7a alimentar e refor\u00e7a cuidado com a sa\u00fade na 30\u00aa Festa da Lingui\u00e7a de Maracaju. - MsConectado\" \/>\n<meta property=\"og:description\" content=\"A\u00e7\u00e3o educativa e fiscalizat\u00f3ria da Prefeitura assegura qualidade dos alimentos e bem-estar do p\u00fablico durante um dos maiores eventos gastron\u00f4micos do Estado. Durante a 30\u00aa edi\u00e7\u00e3o da tradicional Festa da Lingui\u00e7a de Maracaju, a Prefeitura de Maracaju, por meio da Secretaria Municipal de Sa\u00fade, intensifica as a\u00e7\u00f5es do Departamento de Vigil\u00e2ncia Sanit\u00e1ria para garantir a [&hellip;]\" \/>\n<meta property=\"og:url\" content=\"https:\/\/msconectado.com.br\/?p=30694\" \/>\n<meta property=\"og:site_name\" content=\"MsConectado\" \/>\n<meta property=\"article:published_time\" content=\"2026-05-01T14:14:41+00:00\" \/>\n<meta property=\"article:modified_time\" content=\"2026-05-01T14:14:44+00:00\" \/>\n<meta property=\"og:image\" content=\"https:\/\/msconectado.com.br\/wp-content\/uploads\/2026\/05\/61596944-0e0d-4027-b623-77467ee97a73-1.jpg\" \/>\n\t<meta property=\"og:image:width\" content=\"1600\" \/>\n\t<meta property=\"og:image:height\" content=\"1204\" \/>\n\t<meta property=\"og:image:type\" content=\"image\/jpeg\" \/>\n<meta name=\"author\" content=\"Jeferson\" \/>\n<meta name=\"twitter:card\" content=\"summary_large_image\" \/>\n<meta name=\"twitter:label1\" content=\"Escrito por\" \/>\n\t<meta name=\"twitter:data1\" content=\"Jeferson\" \/>\n\t<meta name=\"twitter:label2\" content=\"Est. tempo de leitura\" \/>\n\t<meta name=\"twitter:data2\" content=\"2 minutos\" \/>\n<script type=\"application\/ld+json\" class=\"yoast-schema-graph\">{\"@context\":\"https:\\\/\\\/schema.org\",\"@graph\":[{\"@type\":\"Article\",\"@id\":\"https:\\\/\\\/msconectado.com.br\\\/?p=30694#article\",\"isPartOf\":{\"@id\":\"https:\\\/\\\/msconectado.com.br\\\/?p=30694\"},\"author\":{\"name\":\"Jeferson\",\"@id\":\"https:\\\/\\\/msconectado.com.br\\\/#\\\/schema\\\/person\\\/feb123a95a93eebea36f0ed6a2e5ba48\"},\"headline\":\"Vigil\u00e2ncia Sanit\u00e1ria garante seguran\u00e7a alimentar e refor\u00e7a cuidado com a sa\u00fade na 30\u00aa Festa da Lingui\u00e7a de Maracaju.\",\"datePublished\":\"2026-05-01T14:14:41+00:00\",\"dateModified\":\"2026-05-01T14:14:44+00:00\",\"mainEntityOfPage\":{\"@id\":\"https:\\\/\\\/msconectado.com.br\\\/?p=30694\"},\"wordCount\":404,\"commentCount\":0,\"publisher\":{\"@id\":\"https:\\\/\\\/msconectado.com.br\\\/#organization\"},\"image\":{\"@id\":\"https:\\\/\\\/msconectado.com.br\\\/?p=30694#primaryimage\"},\"thumbnailUrl\":\"https:\\\/\\\/msconectado.com.br\\\/wp-content\\\/uploads\\\/2026\\\/05\\\/61596944-0e0d-4027-b623-77467ee97a73-1.jpg\",\"articleSection\":[\"Cidades\",\"Eventos\"],\"inLanguage\":\"pt-BR\",\"potentialAction\":[{\"@type\":\"CommentAction\",\"name\":\"Comment\",\"target\":[\"https:\\\/\\\/msconectado.com.br\\\/?p=30694#respond\"]}]},{\"@type\":\"WebPage\",\"@id\":\"https:\\\/\\\/msconectado.com.br\\\/?p=30694\",\"url\":\"https:\\\/\\\/msconectado.com.br\\\/?p=30694\",\"name\":\"Vigil\u00e2ncia Sanit\u00e1ria garante seguran\u00e7a alimentar e refor\u00e7a cuidado com a sa\u00fade na 30\u00aa Festa da Lingui\u00e7a de Maracaju. - MsConectado\",\"isPartOf\":{\"@id\":\"https:\\\/\\\/msconectado.com.br\\\/#website\"},\"primaryImageOfPage\":{\"@id\":\"https:\\\/\\\/msconectado.com.br\\\/?p=30694#primaryimage\"},\"image\":{\"@id\":\"https:\\\/\\\/msconectado.com.br\\\/?p=30694#primaryimage\"},\"thumbnailUrl\":\"https:\\\/\\\/msconectado.com.br\\\/wp-content\\\/uploads\\\/2026\\\/05\\\/61596944-0e0d-4027-b623-77467ee97a73-1.jpg\",\"datePublished\":\"2026-05-01T14:14:41+00:00\",\"dateModified\":\"2026-05-01T14:14:44+00:00\",\"breadcrumb\":{\"@id\":\"https:\\\/\\\/msconectado.com.br\\\/?p=30694#breadcrumb\"},\"inLanguage\":\"pt-BR\",\"potentialAction\":[{\"@type\":\"ReadAction\",\"target\":[\"https:\\\/\\\/msconectado.com.br\\\/?p=30694\"]}]},{\"@type\":\"ImageObject\",\"inLanguage\":\"pt-BR\",\"@id\":\"https:\\\/\\\/msconectado.com.br\\\/?p=30694#primaryimage\",\"url\":\"https:\\\/\\\/msconectado.com.br\\\/wp-content\\\/uploads\\\/2026\\\/05\\\/61596944-0e0d-4027-b623-77467ee97a73-1.jpg\",\"contentUrl\":\"https:\\\/\\\/msconectado.com.br\\\/wp-content\\\/uploads\\\/2026\\\/05\\\/61596944-0e0d-4027-b623-77467ee97a73-1.jpg\",\"width\":1600,\"height\":1204},{\"@type\":\"BreadcrumbList\",\"@id\":\"https:\\\/\\\/msconectado.com.br\\\/?p=30694#breadcrumb\",\"itemListElement\":[{\"@type\":\"ListItem\",\"position\":1,\"name\":\"In\u00edcio\",\"item\":\"https:\\\/\\\/msconectado.com.br\\\/\"},{\"@type\":\"ListItem\",\"position\":2,\"name\":\"Vigil\u00e2ncia Sanit\u00e1ria garante seguran\u00e7a alimentar e refor\u00e7a cuidado com a sa\u00fade na 30\u00aa Festa da Lingui\u00e7a de Maracaju.\"}]},{\"@type\":\"WebSite\",\"@id\":\"https:\\\/\\\/msconectado.com.br\\\/#website\",\"url\":\"https:\\\/\\\/msconectado.com.br\\\/\",\"name\":\"MsConectado\",\"description\":\"Voc\u00ea Conectado com a Not\u00edcia!\",\"publisher\":{\"@id\":\"https:\\\/\\\/msconectado.com.br\\\/#organization\"},\"potentialAction\":[{\"@type\":\"SearchAction\",\"target\":{\"@type\":\"EntryPoint\",\"urlTemplate\":\"https:\\\/\\\/msconectado.com.br\\\/?s={search_term_string}\"},\"query-input\":{\"@type\":\"PropertyValueSpecification\",\"valueRequired\":true,\"valueName\":\"search_term_string\"}}],\"inLanguage\":\"pt-BR\"},{\"@type\":\"Organization\",\"@id\":\"https:\\\/\\\/msconectado.com.br\\\/#organization\",\"name\":\"MsConectado\",\"url\":\"https:\\\/\\\/msconectado.com.br\\\/\",\"logo\":{\"@type\":\"ImageObject\",\"inLanguage\":\"pt-BR\",\"@id\":\"https:\\\/\\\/msconectado.com.br\\\/#\\\/schema\\\/logo\\\/image\\\/\",\"url\":\"https:\\\/\\\/msconectado.com.br\\\/wp-content\\\/uploads\\\/2023\\\/01\\\/cropped-noticia-2.png\",\"contentUrl\":\"https:\\\/\\\/msconectado.com.br\\\/wp-content\\\/uploads\\\/2023\\\/01\\\/cropped-noticia-2.png\",\"width\":720,\"height\":157,\"caption\":\"MsConectado\"},\"image\":{\"@id\":\"https:\\\/\\\/msconectado.com.br\\\/#\\\/schema\\\/logo\\\/image\\\/\"}},{\"@type\":\"Person\",\"@id\":\"https:\\\/\\\/msconectado.com.br\\\/#\\\/schema\\\/person\\\/feb123a95a93eebea36f0ed6a2e5ba48\",\"name\":\"Jeferson\",\"image\":{\"@type\":\"ImageObject\",\"inLanguage\":\"pt-BR\",\"@id\":\"https:\\\/\\\/secure.gravatar.com\\\/avatar\\\/e23e8901c88f0cdc0ad479ef7a39bf3e4c806344549c087c00b721a65549a328?s=96&d=mm&r=g\",\"url\":\"https:\\\/\\\/secure.gravatar.com\\\/avatar\\\/e23e8901c88f0cdc0ad479ef7a39bf3e4c806344549c087c00b721a65549a328?s=96&d=mm&r=g\",\"contentUrl\":\"https:\\\/\\\/secure.gravatar.com\\\/avatar\\\/e23e8901c88f0cdc0ad479ef7a39bf3e4c806344549c087c00b721a65549a328?s=96&d=mm&r=g\",\"caption\":\"Jeferson\"},\"url\":\"https:\\\/\\\/msconectado.com.br\\\/?author=3\"}]}<\/script>\n<!-- \/ Yoast SEO plugin. -->","yoast_head_json":{"title":"Vigil\u00e2ncia Sanit\u00e1ria garante seguran\u00e7a alimentar e refor\u00e7a cuidado com a sa\u00fade na 30\u00aa Festa da Lingui\u00e7a de Maracaju. - MsConectado","robots":{"index":"index","follow":"follow","max-snippet":"max-snippet:-1","max-image-preview":"max-image-preview:large","max-video-preview":"max-video-preview:-1"},"canonical":"https:\/\/msconectado.com.br\/?p=30694","og_locale":"pt_BR","og_type":"article","og_title":"Vigil\u00e2ncia Sanit\u00e1ria garante seguran\u00e7a alimentar e refor\u00e7a cuidado com a sa\u00fade na 30\u00aa Festa da Lingui\u00e7a de Maracaju. - MsConectado","og_description":"A\u00e7\u00e3o educativa e fiscalizat\u00f3ria da Prefeitura assegura qualidade dos alimentos e bem-estar do p\u00fablico durante um dos maiores eventos gastron\u00f4micos do Estado. Durante a 30\u00aa edi\u00e7\u00e3o da tradicional Festa da Lingui\u00e7a de Maracaju, a Prefeitura de Maracaju, por meio da Secretaria Municipal de Sa\u00fade, intensifica as a\u00e7\u00f5es do Departamento de Vigil\u00e2ncia Sanit\u00e1ria para garantir a [&hellip;]","og_url":"https:\/\/msconectado.com.br\/?p=30694","og_site_name":"MsConectado","article_published_time":"2026-05-01T14:14:41+00:00","article_modified_time":"2026-05-01T14:14:44+00:00","og_image":[{"width":1600,"height":1204,"url":"https:\/\/msconectado.com.br\/wp-content\/uploads\/2026\/05\/61596944-0e0d-4027-b623-77467ee97a73-1.jpg","type":"image\/jpeg"}],"author":"Jeferson","twitter_card":"summary_large_image","twitter_misc":{"Escrito por":"Jeferson","Est. tempo de leitura":"2 minutos"},"schema":{"@context":"https:\/\/schema.org","@graph":[{"@type":"Article","@id":"https:\/\/msconectado.com.br\/?p=30694#article","isPartOf":{"@id":"https:\/\/msconectado.com.br\/?p=30694"},"author":{"name":"Jeferson","@id":"https:\/\/msconectado.com.br\/#\/schema\/person\/feb123a95a93eebea36f0ed6a2e5ba48"},"headline":"Vigil\u00e2ncia Sanit\u00e1ria garante seguran\u00e7a alimentar e refor\u00e7a cuidado com a sa\u00fade na 30\u00aa Festa da Lingui\u00e7a de Maracaju.","datePublished":"2026-05-01T14:14:41+00:00","dateModified":"2026-05-01T14:14:44+00:00","mainEntityOfPage":{"@id":"https:\/\/msconectado.com.br\/?p=30694"},"wordCount":404,"commentCount":0,"publisher":{"@id":"https:\/\/msconectado.com.br\/#organization"},"image":{"@id":"https:\/\/msconectado.com.br\/?p=30694#primaryimage"},"thumbnailUrl":"https:\/\/msconectado.com.br\/wp-content\/uploads\/2026\/05\/61596944-0e0d-4027-b623-77467ee97a73-1.jpg","articleSection":["Cidades","Eventos"],"inLanguage":"pt-BR","potentialAction":[{"@type":"CommentAction","name":"Comment","target":["https:\/\/msconectado.com.br\/?p=30694#respond"]}]},{"@type":"WebPage","@id":"https:\/\/msconectado.com.br\/?p=30694","url":"https:\/\/msconectado.com.br\/?p=30694","name":"Vigil\u00e2ncia Sanit\u00e1ria garante seguran\u00e7a alimentar e refor\u00e7a cuidado com a sa\u00fade na 30\u00aa Festa da Lingui\u00e7a de Maracaju. - MsConectado","isPartOf":{"@id":"https:\/\/msconectado.com.br\/#website"},"primaryImageOfPage":{"@id":"https:\/\/msconectado.com.br\/?p=30694#primaryimage"},"image":{"@id":"https:\/\/msconectado.com.br\/?p=30694#primaryimage"},"thumbnailUrl":"https:\/\/msconectado.com.br\/wp-content\/uploads\/2026\/05\/61596944-0e0d-4027-b623-77467ee97a73-1.jpg","datePublished":"2026-05-01T14:14:41+00:00","dateModified":"2026-05-01T14:14:44+00:00","breadcrumb":{"@id":"https:\/\/msconectado.com.br\/?p=30694#breadcrumb"},"inLanguage":"pt-BR","potentialAction":[{"@type":"ReadAction","target":["https:\/\/msconectado.com.br\/?p=30694"]}]},{"@type":"ImageObject","inLanguage":"pt-BR","@id":"https:\/\/msconectado.com.br\/?p=30694#primaryimage","url":"https:\/\/msconectado.com.br\/wp-content\/uploads\/2026\/05\/61596944-0e0d-4027-b623-77467ee97a73-1.jpg","contentUrl":"https:\/\/msconectado.com.br\/wp-content\/uploads\/2026\/05\/61596944-0e0d-4027-b623-77467ee97a73-1.jpg","width":1600,"height":1204},{"@type":"BreadcrumbList","@id":"https:\/\/msconectado.com.br\/?p=30694#breadcrumb","itemListElement":[{"@type":"ListItem","position":1,"name":"In\u00edcio","item":"https:\/\/msconectado.com.br\/"},{"@type":"ListItem","position":2,"name":"Vigil\u00e2ncia Sanit\u00e1ria garante seguran\u00e7a alimentar e refor\u00e7a cuidado com a sa\u00fade na 30\u00aa Festa da Lingui\u00e7a de Maracaju."}]},{"@type":"WebSite","@id":"https:\/\/msconectado.com.br\/#website","url":"https:\/\/msconectado.com.br\/","name":"MsConectado","description":"Voc\u00ea Conectado com a Not\u00edcia!","publisher":{"@id":"https:\/\/msconectado.com.br\/#organization"},"potentialAction":[{"@type":"SearchAction","target":{"@type":"EntryPoint","urlTemplate":"https:\/\/msconectado.com.br\/?s={search_term_string}"},"query-input":{"@type":"PropertyValueSpecification","valueRequired":true,"valueName":"search_term_string"}}],"inLanguage":"pt-BR"},{"@type":"Organization","@id":"https:\/\/msconectado.com.br\/#organization","name":"MsConectado","url":"https:\/\/msconectado.com.br\/","logo":{"@type":"ImageObject","inLanguage":"pt-BR","@id":"https:\/\/msconectado.com.br\/#\/schema\/logo\/image\/","url":"https:\/\/msconectado.com.br\/wp-content\/uploads\/2023\/01\/cropped-noticia-2.png","contentUrl":"https:\/\/msconectado.com.br\/wp-content\/uploads\/2023\/01\/cropped-noticia-2.png","width":720,"height":157,"caption":"MsConectado"},"image":{"@id":"https:\/\/msconectado.com.br\/#\/schema\/logo\/image\/"}},{"@type":"Person","@id":"https:\/\/msconectado.com.br\/#\/schema\/person\/feb123a95a93eebea36f0ed6a2e5ba48","name":"Jeferson","image":{"@type":"ImageObject","inLanguage":"pt-BR","@id":"https:\/\/secure.gravatar.com\/avatar\/e23e8901c88f0cdc0ad479ef7a39bf3e4c806344549c087c00b721a65549a328?s=96&d=mm&r=g","url":"https:\/\/secure.gravatar.com\/avatar\/e23e8901c88f0cdc0ad479ef7a39bf3e4c806344549c087c00b721a65549a328?s=96&d=mm&r=g","contentUrl":"https:\/\/secure.gravatar.com\/avatar\/e23e8901c88f0cdc0ad479ef7a39bf3e4c806344549c087c00b721a65549a328?s=96&d=mm&r=g","caption":"Jeferson"},"url":"https:\/\/msconectado.com.br\/?author=3"}]}},"_links":{"self":[{"href":"https:\/\/msconectado.com.br\/index.php?rest_route=\/wp\/v2\/posts\/30694","targetHints":{"allow":["GET"]}}],"collection":[{"href":"https:\/\/msconectado.com.br\/index.php?rest_route=\/wp\/v2\/posts"}],"about":[{"href":"https:\/\/msconectado.com.br\/index.php?rest_route=\/wp\/v2\/types\/post"}],"author":[{"embeddable":true,"href":"https:\/\/msconectado.com.br\/index.php?rest_route=\/wp\/v2\/users\/3"}],"replies":[{"embeddable":true,"href":"https:\/\/msconectado.com.br\/index.php?rest_route=%2Fwp%2Fv2%2Fcomments&post=30694"}],"version-history":[{"count":1,"href":"https:\/\/msconectado.com.br\/index.php?rest_route=\/wp\/v2\/posts\/30694\/revisions"}],"predecessor-version":[{"id":30696,"href":"https:\/\/msconectado.com.br\/index.php?rest_route=\/wp\/v2\/posts\/30694\/revisions\/30696"}],"wp:featuredmedia":[{"embeddable":true,"href":"https:\/\/msconectado.com.br\/index.php?rest_route=\/wp\/v2\/media\/30695"}],"wp:attachment":[{"href":"https:\/\/msconectado.com.br\/index.php?rest_route=%2Fwp%2Fv2%2Fmedia&parent=30694"}],"wp:term":[{"taxonomy":"category","embeddable":true,"href":"https:\/\/msconectado.com.br\/index.php?rest_route=%2Fwp%2Fv2%2Fcategories&post=30694"},{"taxonomy":"post_tag","embeddable":true,"href":"https:\/\/msconectado.com.br\/index.php?rest_route=%2Fwp%2Fv2%2Ftags&post=30694"}],"curies":[{"name":"wp","href":"https:\/\/api.w.org\/{rel}","templated":true}]}}