{"id":5362,"date":"2023-01-06T18:02:00","date_gmt":"2023-01-06T18:02:00","guid":{"rendered":"https:\/\/teste.msconectado.com.br\/?p=5362"},"modified":"2023-01-16T13:22:17","modified_gmt":"2023-01-16T13:22:17","slug":"projeto-do-deputado-lucas-de-lima-institui-dia-do-catador-de-materiais-reciclaveis-no-ms","status":"publish","type":"post","link":"https:\/\/msconectado.com.br\/?p=5362","title":{"rendered":"Projeto do deputado Lucas de Lima institui Dia do Catador de Materiais Recicl\u00e1veis no MS"},"content":{"rendered":"<div class=\"col-lg-10 col-lg-offset-1\">\n<div class=\"texto_noticias text-justify\">\n<h4>Foi protocolado nesta quinta-feira (14), na Assembleia Legislativa (ALEMS), o Projeto de Lei 209\/2022, de autoria do deputado Lucas de Lima (PDT), que institui o Dia Estadual do Catador e Catadora de Materiais Recicl\u00e1veis do Estado do Mato Grosso do Sul.&nbsp;<\/h4>\n<h4>O objetivo \u00e9 reconhecer a import\u00e2ncia ambiental da atividade dos catadores, uma vez que a atua\u00e7\u00e3o da classe \u00e9 respons\u00e1vel por aumentar os n\u00edveis de coleta seletiva e deflagar o processo de reaproveitamento e reciclagem de produtos descartados.<\/h4>\n<h4>A data escolhida, 7 de junho, corresponde ao dia da funda\u00e7\u00e3o do Movimento Nacional dos Catadores de Materiais Recicl\u00e1veis (MNCR). Conforme n\u00fameros informados na justificativa, existem aproximadamente 600 mil catadores.<\/h4>\n<h4>\u201cEm atividade desde os anos 50, os catadores de materiais recicl\u00e1veis sempre foram exclu\u00eddos do resto da sociedade, al\u00e9m de serem por vezes, explorados por grandes empresas de reciclagem. A vida real dos Catadores de Materiais Recicl\u00e1veis tem-se caracterizado pela luta por reconhecimento e valoriza\u00e7\u00e3o desta importante estrat\u00e9gia de sustentabilidade\u201d, justificou o deputado.&nbsp;<\/h4>\n<\/div>\n<\/div>\n<h4 class=\"col-lg-10 col-lg-offset-1\">&nbsp;<\/h4>\n<h4 class=\"col-lg-10 col-lg-offset-1\">&nbsp;<\/h4>\n<h4 class=\"col-lg-10 col-lg-offset-1\">Assessoria<\/h4>\n<h4 class=\"col-lg-10 col-lg-offset-1\"><strong>Foto:<\/strong>&nbsp;Dani Mendes<\/h4>\n<p>&nbsp;<\/p>\n<p><img decoding=\"async\" src=\"https:\/\/i.imgur.com\/R31xFca.jpg\" alt=\"\" width=\"640\" height=\"68\"><\/p>\n<p><img decoding=\"async\" src=\"https:\/\/i.imgur.com\/i7OXWMV.png\" alt=\"\" width=\"640\" height=\"71\"><\/p>\n<p><img decoding=\"async\" src=\"https:\/\/i.imgur.com\/MRhIHyG.png\" alt=\"\" width=\"640\" height=\"71\"><\/p>\n<h4><span class=\"text_exposed_show\">Acesse nossa p\u00e1gina no Facebook e fique por dentro dos destaques de Maracaju e regi\u00e3o.<br \/>\n<a class=\"profileLink\" href=\"https:\/\/www.facebook.com\/MsConectado\/?__tn__=K-R&amp;eid=ARAhfp4e5aWbNVoyptzGrm4obmySmRA_YR3QE4VTRX5QMShFsdcdIz5Iq0b_MWIy7I4QmNXz6k8IoNle&amp;fref=mentions&amp;__xts__%5B0%5D=68.ARAioa_i2DB8DORiDt4nCzBX7dvRVCRXhE8omKRc8oaCnvkbB62J-ntBfEZirzPivEkJx1lDCVwLAcPtZ0yMQNLkCNTlcJQPj0xK6BaGWaOsY1faLudkMNiJdevECtsRmxRf4pPywtr6Ph-QfFtADqGObU6JSKIHeG-MeeDX4kDKXlTFIUBRK4hO5nTzRrhcr3MX5cg5M1qoQKrs0FAyJEjbCy_O8F2Huq0AcJWiZlkD8u8XSf0QlsVlsI8LptFuIqgBS8GhVTw0O9tDGx11ebCRNoaUxQIYsP4qWoTURB3au7pBOcC3DfEQdk--ypqG-M2wCG5kVpCnL3qr9XO0E0f23b1xxxMz0V4PiQ\" data-hovercard=\"\/ajax\/hovercard\/page.php?id=415200058576733&amp;extragetparams=%7B%22__tn__%22%3A%22%2CdK-R-R%22%2C%22eid%22%3A%22ARAhfp4e5aWbNVoyptzGrm4obmySmRA_YR3QE4VTRX5QMShFsdcdIz5Iq0b_MWIy7I4QmNXz6k8IoNle%22%2C%22fref%22%3A%22mentions%22%7D\" data-hovercard-prefer-more-content-show=\"1\">https:\/\/www.facebook.com\/MsConectado\/<\/a><\/span><\/h4>\n<div class=\"text_exposed_show\">\n<h4><a class=\"_58cn\" href=\"https:\/\/www.facebook.com\/hashtag\/msconectado?source=feed_text&amp;epa=HASHTAG&amp;__xts__%5B0%5D=68.ARAioa_i2DB8DORiDt4nCzBX7dvRVCRXhE8omKRc8oaCnvkbB62J-ntBfEZirzPivEkJx1lDCVwLAcPtZ0yMQNLkCNTlcJQPj0xK6BaGWaOsY1faLudkMNiJdevECtsRmxRf4pPywtr6Ph-QfFtADqGObU6JSKIHeG-MeeDX4kDKXlTFIUBRK4hO5nTzRrhcr3MX5cg5M1qoQKrs0FAyJEjbCy_O8F2Huq0AcJWiZlkD8u8XSf0QlsVlsI8LptFuIqgBS8GhVTw0O9tDGx11ebCRNoaUxQIYsP4qWoTURB3au7pBOcC3DfEQdk--ypqG-M2wCG5kVpCnL3qr9XO0E0f23b1xxxMz0V4PiQ&amp;__tn__=%2ANK-R\" type=\"\" data-ft=\"{\"><span class=\"_5afx\"><span class=\"_58cl _5afz\" aria-label=\"hashtag\">#<\/span><span class=\"_58cm\">msconectado<\/span><\/span><\/a><br \/>\n<a class=\"_58cn\" href=\"https:\/\/www.facebook.com\/hashtag\/suamelhorcobertura?source=feed_text&amp;epa=HASHTAG&amp;__xts__%5B0%5D=68.ARAioa_i2DB8DORiDt4nCzBX7dvRVCRXhE8omKRc8oaCnvkbB62J-ntBfEZirzPivEkJx1lDCVwLAcPtZ0yMQNLkCNTlcJQPj0xK6BaGWaOsY1faLudkMNiJdevECtsRmxRf4pPywtr6Ph-QfFtADqGObU6JSKIHeG-MeeDX4kDKXlTFIUBRK4hO5nTzRrhcr3MX5cg5M1qoQKrs0FAyJEjbCy_O8F2Huq0AcJWiZlkD8u8XSf0QlsVlsI8LptFuIqgBS8GhVTw0O9tDGx11ebCRNoaUxQIYsP4qWoTURB3au7pBOcC3DfEQdk--ypqG-M2wCG5kVpCnL3qr9XO0E0f23b1xxxMz0V4PiQ&amp;__tn__=%2ANK-R\" type=\"\" data-ft=\"{\"><span class=\"_5afx\"><span class=\"_58cl _5afz\" aria-label=\"hashtag\">#<\/span><span class=\"_58cm\">suamelhorcobertura<\/span><\/span><\/a>&nbsp;<a class=\"_58cn\" href=\"https:\/\/www.facebook.com\/hashtag\/not%C3%ADcia?source=feed_text&amp;epa=HASHTAG&amp;__xts__%5B0%5D=68.ARAioa_i2DB8DORiDt4nCzBX7dvRVCRXhE8omKRc8oaCnvkbB62J-ntBfEZirzPivEkJx1lDCVwLAcPtZ0yMQNLkCNTlcJQPj0xK6BaGWaOsY1faLudkMNiJdevECtsRmxRf4pPywtr6Ph-QfFtADqGObU6JSKIHeG-MeeDX4kDKXlTFIUBRK4hO5nTzRrhcr3MX5cg5M1qoQKrs0FAyJEjbCy_O8F2Huq0AcJWiZlkD8u8XSf0QlsVlsI8LptFuIqgBS8GhVTw0O9tDGx11ebCRNoaUxQIYsP4qWoTURB3au7pBOcC3DfEQdk--ypqG-M2wCG5kVpCnL3qr9XO0E0f23b1xxxMz0V4PiQ&amp;__tn__=%2ANK-R\" type=\"\" data-ft=\"{\"><span class=\"_5afx\"><span class=\"_58cl _5afz\" aria-label=\"hashtag\">#<\/span><span class=\"_58cm\">not\u00edcia<\/span><\/span><\/a>&nbsp;<a class=\"_58cn\" href=\"https:\/\/www.facebook.com\/hashtag\/credibilidade?source=feed_text&amp;epa=HASHTAG&amp;__xts__%5B0%5D=68.ARAioa_i2DB8DORiDt4nCzBX7dvRVCRXhE8omKRc8oaCnvkbB62J-ntBfEZirzPivEkJx1lDCVwLAcPtZ0yMQNLkCNTlcJQPj0xK6BaGWaOsY1faLudkMNiJdevECtsRmxRf4pPywtr6Ph-QfFtADqGObU6JSKIHeG-MeeDX4kDKXlTFIUBRK4hO5nTzRrhcr3MX5cg5M1qoQKrs0FAyJEjbCy_O8F2Huq0AcJWiZlkD8u8XSf0QlsVlsI8LptFuIqgBS8GhVTw0O9tDGx11ebCRNoaUxQIYsP4qWoTURB3au7pBOcC3DfEQdk--ypqG-M2wCG5kVpCnL3qr9XO0E0f23b1xxxMz0V4PiQ&amp;__tn__=%2ANK-R\" type=\"\" data-ft=\"{\"><span class=\"_5afx\"><span class=\"_58cl _5afz\" aria-label=\"hashtag\">#<\/span><span class=\"_58cm\">credibilidade<\/span><\/span><\/a>&nbsp;<a class=\"_58cn\" href=\"https:\/\/www.facebook.com\/hashtag\/jornalismo?source=feed_text&amp;epa=HASHTAG&amp;__xts__%5B0%5D=68.ARAioa_i2DB8DORiDt4nCzBX7dvRVCRXhE8omKRc8oaCnvkbB62J-ntBfEZirzPivEkJx1lDCVwLAcPtZ0yMQNLkCNTlcJQPj0xK6BaGWaOsY1faLudkMNiJdevECtsRmxRf4pPywtr6Ph-QfFtADqGObU6JSKIHeG-MeeDX4kDKXlTFIUBRK4hO5nTzRrhcr3MX5cg5M1qoQKrs0FAyJEjbCy_O8F2Huq0AcJWiZlkD8u8XSf0QlsVlsI8LptFuIqgBS8GhVTw0O9tDGx11ebCRNoaUxQIYsP4qWoTURB3au7pBOcC3DfEQdk--ypqG-M2wCG5kVpCnL3qr9XO0E0f23b1xxxMz0V4PiQ&amp;__tn__=%2ANK-R\" type=\"\" data-ft=\"{\"><span class=\"_5afx\"><span class=\"_58cl _5afz\" aria-label=\"hashtag\">#<\/span><span class=\"_58cm\">jornalismo<\/span><\/span><\/a><\/h4>\n<\/div>\n","protected":false},"excerpt":{"rendered":"<p>Foi protocolado nesta quinta-feira (14), na Assembleia Legislativa (ALEMS), o Projeto de Lei 209\/2022, de autoria do deputado Lucas de Lima (PDT), que institui o Dia Estadual do Catador e Catadora de Materiais Recicl\u00e1veis do Estado do Mato Grosso do Sul.&nbsp; O objetivo \u00e9 reconhecer a import\u00e2ncia ambiental da atividade dos catadores, uma vez que [&hellip;]<\/p>\n","protected":false},"author":2,"featured_media":0,"comment_status":"open","ping_status":"closed","sticky":false,"template":"","format":"standard","meta":{"footnotes":""},"categories":[38],"tags":[],"class_list":["post-5362","post","type-post","status-publish","format-standard","hentry","category-assembleia-legislativa"],"yoast_head":"<!-- This site is optimized with the Yoast SEO plugin v27.5 - https:\/\/yoast.com\/product\/yoast-seo-wordpress\/ -->\n<title>Projeto do deputado Lucas de Lima institui Dia do Catador de Materiais Recicl\u00e1veis no MS - MsConectado<\/title>\n<meta name=\"robots\" content=\"index, follow, max-snippet:-1, max-image-preview:large, max-video-preview:-1\" \/>\n<link rel=\"canonical\" href=\"https:\/\/msconectado.com.br\/?p=5362\" \/>\n<meta property=\"og:locale\" content=\"pt_BR\" \/>\n<meta property=\"og:type\" content=\"article\" \/>\n<meta property=\"og:title\" content=\"Projeto do deputado Lucas de Lima institui Dia do Catador de Materiais Recicl\u00e1veis no MS - MsConectado\" \/>\n<meta property=\"og:description\" content=\"Foi protocolado nesta quinta-feira (14), na Assembleia Legislativa (ALEMS), o Projeto de Lei 209\/2022, de autoria do deputado Lucas de Lima (PDT), que institui o Dia Estadual do Catador e Catadora de Materiais Recicl\u00e1veis do Estado do Mato Grosso do Sul.&nbsp; O objetivo \u00e9 reconhecer a import\u00e2ncia ambiental da atividade dos catadores, uma vez que [&hellip;]\" \/>\n<meta property=\"og:url\" content=\"https:\/\/msconectado.com.br\/?p=5362\" \/>\n<meta property=\"og:site_name\" content=\"MsConectado\" \/>\n<meta property=\"article:published_time\" content=\"2023-01-06T18:02:00+00:00\" \/>\n<meta property=\"article:modified_time\" content=\"2023-01-16T13:22:17+00:00\" \/>\n<meta property=\"og:image\" content=\"https:\/\/i.imgur.com\/R31xFca.jpg\" \/>\n<meta name=\"author\" content=\"MsConectado\" \/>\n<meta name=\"twitter:card\" content=\"summary_large_image\" \/>\n<meta name=\"twitter:label1\" content=\"Escrito por\" \/>\n\t<meta name=\"twitter:data1\" content=\"MsConectado\" \/>\n\t<meta name=\"twitter:label2\" content=\"Est. tempo de leitura\" \/>\n\t<meta name=\"twitter:data2\" content=\"1 minuto\" \/>\n<script type=\"application\/ld+json\" class=\"yoast-schema-graph\">{\"@context\":\"https:\\\/\\\/schema.org\",\"@graph\":[{\"@type\":\"Article\",\"@id\":\"https:\\\/\\\/msconectado.com.br\\\/?p=5362#article\",\"isPartOf\":{\"@id\":\"https:\\\/\\\/msconectado.com.br\\\/?p=5362\"},\"author\":{\"name\":\"MsConectado\",\"@id\":\"https:\\\/\\\/msconectado.com.br\\\/#\\\/schema\\\/person\\\/e5585545b5687092f1041d350b6e2c16\"},\"headline\":\"Projeto do deputado Lucas de Lima institui Dia do Catador de Materiais Recicl\u00e1veis no MS\",\"datePublished\":\"2023-01-06T18:02:00+00:00\",\"dateModified\":\"2023-01-16T13:22:17+00:00\",\"mainEntityOfPage\":{\"@id\":\"https:\\\/\\\/msconectado.com.br\\\/?p=5362\"},\"wordCount\":226,\"commentCount\":0,\"publisher\":{\"@id\":\"https:\\\/\\\/msconectado.com.br\\\/#organization\"},\"image\":{\"@id\":\"https:\\\/\\\/msconectado.com.br\\\/?p=5362#primaryimage\"},\"thumbnailUrl\":\"https:\\\/\\\/i.imgur.com\\\/R31xFca.jpg\",\"articleSection\":[\"Assembleia Legislativa\"],\"inLanguage\":\"pt-BR\",\"potentialAction\":[{\"@type\":\"CommentAction\",\"name\":\"Comment\",\"target\":[\"https:\\\/\\\/msconectado.com.br\\\/?p=5362#respond\"]}]},{\"@type\":\"WebPage\",\"@id\":\"https:\\\/\\\/msconectado.com.br\\\/?p=5362\",\"url\":\"https:\\\/\\\/msconectado.com.br\\\/?p=5362\",\"name\":\"Projeto do deputado Lucas de Lima institui Dia do Catador de Materiais Recicl\u00e1veis no MS - MsConectado\",\"isPartOf\":{\"@id\":\"https:\\\/\\\/msconectado.com.br\\\/#website\"},\"primaryImageOfPage\":{\"@id\":\"https:\\\/\\\/msconectado.com.br\\\/?p=5362#primaryimage\"},\"image\":{\"@id\":\"https:\\\/\\\/msconectado.com.br\\\/?p=5362#primaryimage\"},\"thumbnailUrl\":\"https:\\\/\\\/i.imgur.com\\\/R31xFca.jpg\",\"datePublished\":\"2023-01-06T18:02:00+00:00\",\"dateModified\":\"2023-01-16T13:22:17+00:00\",\"breadcrumb\":{\"@id\":\"https:\\\/\\\/msconectado.com.br\\\/?p=5362#breadcrumb\"},\"inLanguage\":\"pt-BR\",\"potentialAction\":[{\"@type\":\"ReadAction\",\"target\":[\"https:\\\/\\\/msconectado.com.br\\\/?p=5362\"]}]},{\"@type\":\"ImageObject\",\"inLanguage\":\"pt-BR\",\"@id\":\"https:\\\/\\\/msconectado.com.br\\\/?p=5362#primaryimage\",\"url\":\"https:\\\/\\\/i.imgur.com\\\/R31xFca.jpg\",\"contentUrl\":\"https:\\\/\\\/i.imgur.com\\\/R31xFca.jpg\"},{\"@type\":\"BreadcrumbList\",\"@id\":\"https:\\\/\\\/msconectado.com.br\\\/?p=5362#breadcrumb\",\"itemListElement\":[{\"@type\":\"ListItem\",\"position\":1,\"name\":\"In\u00edcio\",\"item\":\"https:\\\/\\\/msconectado.com.br\\\/?page_id=105\"},{\"@type\":\"ListItem\",\"position\":2,\"name\":\"Projeto do deputado Lucas de Lima institui Dia do Catador de Materiais Recicl\u00e1veis no MS\"}]},{\"@type\":\"WebSite\",\"@id\":\"https:\\\/\\\/msconectado.com.br\\\/#website\",\"url\":\"https:\\\/\\\/msconectado.com.br\\\/\",\"name\":\"MsConectado\",\"description\":\"Voc\u00ea Conectado com a Not\u00edcia!\",\"publisher\":{\"@id\":\"https:\\\/\\\/msconectado.com.br\\\/#organization\"},\"potentialAction\":[{\"@type\":\"SearchAction\",\"target\":{\"@type\":\"EntryPoint\",\"urlTemplate\":\"https:\\\/\\\/msconectado.com.br\\\/?s={search_term_string}\"},\"query-input\":{\"@type\":\"PropertyValueSpecification\",\"valueRequired\":true,\"valueName\":\"search_term_string\"}}],\"inLanguage\":\"pt-BR\"},{\"@type\":\"Organization\",\"@id\":\"https:\\\/\\\/msconectado.com.br\\\/#organization\",\"name\":\"MsConectado\",\"url\":\"https:\\\/\\\/msconectado.com.br\\\/\",\"logo\":{\"@type\":\"ImageObject\",\"inLanguage\":\"pt-BR\",\"@id\":\"https:\\\/\\\/msconectado.com.br\\\/#\\\/schema\\\/logo\\\/image\\\/\",\"url\":\"https:\\\/\\\/msconectado.com.br\\\/wp-content\\\/uploads\\\/2023\\\/01\\\/cropped-noticia-2.png\",\"contentUrl\":\"https:\\\/\\\/msconectado.com.br\\\/wp-content\\\/uploads\\\/2023\\\/01\\\/cropped-noticia-2.png\",\"width\":720,\"height\":157,\"caption\":\"MsConectado\"},\"image\":{\"@id\":\"https:\\\/\\\/msconectado.com.br\\\/#\\\/schema\\\/logo\\\/image\\\/\"}},{\"@type\":\"Person\",\"@id\":\"https:\\\/\\\/msconectado.com.br\\\/#\\\/schema\\\/person\\\/e5585545b5687092f1041d350b6e2c16\",\"name\":\"MsConectado\",\"image\":{\"@type\":\"ImageObject\",\"inLanguage\":\"pt-BR\",\"@id\":\"https:\\\/\\\/secure.gravatar.com\\\/avatar\\\/3b4f84a0a8a4380ac4431fa79981d073692380c5da00ae97596e794ab0db5c8c?s=96&d=mm&r=g\",\"url\":\"https:\\\/\\\/secure.gravatar.com\\\/avatar\\\/3b4f84a0a8a4380ac4431fa79981d073692380c5da00ae97596e794ab0db5c8c?s=96&d=mm&r=g\",\"contentUrl\":\"https:\\\/\\\/secure.gravatar.com\\\/avatar\\\/3b4f84a0a8a4380ac4431fa79981d073692380c5da00ae97596e794ab0db5c8c?s=96&d=mm&r=g\",\"caption\":\"MsConectado\"},\"url\":\"https:\\\/\\\/msconectado.com.br\\\/?author=2\"}]}<\/script>\n<!-- \/ Yoast SEO plugin. -->","yoast_head_json":{"title":"Projeto do deputado Lucas de Lima institui Dia do Catador de Materiais Recicl\u00e1veis no MS - MsConectado","robots":{"index":"index","follow":"follow","max-snippet":"max-snippet:-1","max-image-preview":"max-image-preview:large","max-video-preview":"max-video-preview:-1"},"canonical":"https:\/\/msconectado.com.br\/?p=5362","og_locale":"pt_BR","og_type":"article","og_title":"Projeto do deputado Lucas de Lima institui Dia do Catador de Materiais Recicl\u00e1veis no MS - MsConectado","og_description":"Foi protocolado nesta quinta-feira (14), na Assembleia Legislativa (ALEMS), o Projeto de Lei 209\/2022, de autoria do deputado Lucas de Lima (PDT), que institui o Dia Estadual do Catador e Catadora de Materiais Recicl\u00e1veis do Estado do Mato Grosso do Sul.&nbsp; O objetivo \u00e9 reconhecer a import\u00e2ncia ambiental da atividade dos catadores, uma vez que [&hellip;]","og_url":"https:\/\/msconectado.com.br\/?p=5362","og_site_name":"MsConectado","article_published_time":"2023-01-06T18:02:00+00:00","article_modified_time":"2023-01-16T13:22:17+00:00","og_image":[{"url":"https:\/\/i.imgur.com\/R31xFca.jpg","type":"","width":"","height":""}],"author":"MsConectado","twitter_card":"summary_large_image","twitter_misc":{"Escrito por":"MsConectado","Est. tempo de leitura":"1 minuto"},"schema":{"@context":"https:\/\/schema.org","@graph":[{"@type":"Article","@id":"https:\/\/msconectado.com.br\/?p=5362#article","isPartOf":{"@id":"https:\/\/msconectado.com.br\/?p=5362"},"author":{"name":"MsConectado","@id":"https:\/\/msconectado.com.br\/#\/schema\/person\/e5585545b5687092f1041d350b6e2c16"},"headline":"Projeto do deputado Lucas de Lima institui Dia do Catador de Materiais Recicl\u00e1veis no MS","datePublished":"2023-01-06T18:02:00+00:00","dateModified":"2023-01-16T13:22:17+00:00","mainEntityOfPage":{"@id":"https:\/\/msconectado.com.br\/?p=5362"},"wordCount":226,"commentCount":0,"publisher":{"@id":"https:\/\/msconectado.com.br\/#organization"},"image":{"@id":"https:\/\/msconectado.com.br\/?p=5362#primaryimage"},"thumbnailUrl":"https:\/\/i.imgur.com\/R31xFca.jpg","articleSection":["Assembleia Legislativa"],"inLanguage":"pt-BR","potentialAction":[{"@type":"CommentAction","name":"Comment","target":["https:\/\/msconectado.com.br\/?p=5362#respond"]}]},{"@type":"WebPage","@id":"https:\/\/msconectado.com.br\/?p=5362","url":"https:\/\/msconectado.com.br\/?p=5362","name":"Projeto do deputado Lucas de Lima institui Dia do Catador de Materiais Recicl\u00e1veis no MS - MsConectado","isPartOf":{"@id":"https:\/\/msconectado.com.br\/#website"},"primaryImageOfPage":{"@id":"https:\/\/msconectado.com.br\/?p=5362#primaryimage"},"image":{"@id":"https:\/\/msconectado.com.br\/?p=5362#primaryimage"},"thumbnailUrl":"https:\/\/i.imgur.com\/R31xFca.jpg","datePublished":"2023-01-06T18:02:00+00:00","dateModified":"2023-01-16T13:22:17+00:00","breadcrumb":{"@id":"https:\/\/msconectado.com.br\/?p=5362#breadcrumb"},"inLanguage":"pt-BR","potentialAction":[{"@type":"ReadAction","target":["https:\/\/msconectado.com.br\/?p=5362"]}]},{"@type":"ImageObject","inLanguage":"pt-BR","@id":"https:\/\/msconectado.com.br\/?p=5362#primaryimage","url":"https:\/\/i.imgur.com\/R31xFca.jpg","contentUrl":"https:\/\/i.imgur.com\/R31xFca.jpg"},{"@type":"BreadcrumbList","@id":"https:\/\/msconectado.com.br\/?p=5362#breadcrumb","itemListElement":[{"@type":"ListItem","position":1,"name":"In\u00edcio","item":"https:\/\/msconectado.com.br\/?page_id=105"},{"@type":"ListItem","position":2,"name":"Projeto do deputado Lucas de Lima institui Dia do Catador de Materiais Recicl\u00e1veis no MS"}]},{"@type":"WebSite","@id":"https:\/\/msconectado.com.br\/#website","url":"https:\/\/msconectado.com.br\/","name":"MsConectado","description":"Voc\u00ea Conectado com a Not\u00edcia!","publisher":{"@id":"https:\/\/msconectado.com.br\/#organization"},"potentialAction":[{"@type":"SearchAction","target":{"@type":"EntryPoint","urlTemplate":"https:\/\/msconectado.com.br\/?s={search_term_string}"},"query-input":{"@type":"PropertyValueSpecification","valueRequired":true,"valueName":"search_term_string"}}],"inLanguage":"pt-BR"},{"@type":"Organization","@id":"https:\/\/msconectado.com.br\/#organization","name":"MsConectado","url":"https:\/\/msconectado.com.br\/","logo":{"@type":"ImageObject","inLanguage":"pt-BR","@id":"https:\/\/msconectado.com.br\/#\/schema\/logo\/image\/","url":"https:\/\/msconectado.com.br\/wp-content\/uploads\/2023\/01\/cropped-noticia-2.png","contentUrl":"https:\/\/msconectado.com.br\/wp-content\/uploads\/2023\/01\/cropped-noticia-2.png","width":720,"height":157,"caption":"MsConectado"},"image":{"@id":"https:\/\/msconectado.com.br\/#\/schema\/logo\/image\/"}},{"@type":"Person","@id":"https:\/\/msconectado.com.br\/#\/schema\/person\/e5585545b5687092f1041d350b6e2c16","name":"MsConectado","image":{"@type":"ImageObject","inLanguage":"pt-BR","@id":"https:\/\/secure.gravatar.com\/avatar\/3b4f84a0a8a4380ac4431fa79981d073692380c5da00ae97596e794ab0db5c8c?s=96&d=mm&r=g","url":"https:\/\/secure.gravatar.com\/avatar\/3b4f84a0a8a4380ac4431fa79981d073692380c5da00ae97596e794ab0db5c8c?s=96&d=mm&r=g","contentUrl":"https:\/\/secure.gravatar.com\/avatar\/3b4f84a0a8a4380ac4431fa79981d073692380c5da00ae97596e794ab0db5c8c?s=96&d=mm&r=g","caption":"MsConectado"},"url":"https:\/\/msconectado.com.br\/?author=2"}]}},"_links":{"self":[{"href":"https:\/\/msconectado.com.br\/index.php?rest_route=\/wp\/v2\/posts\/5362","targetHints":{"allow":["GET"]}}],"collection":[{"href":"https:\/\/msconectado.com.br\/index.php?rest_route=\/wp\/v2\/posts"}],"about":[{"href":"https:\/\/msconectado.com.br\/index.php?rest_route=\/wp\/v2\/types\/post"}],"author":[{"embeddable":true,"href":"https:\/\/msconectado.com.br\/index.php?rest_route=\/wp\/v2\/users\/2"}],"replies":[{"embeddable":true,"href":"https:\/\/msconectado.com.br\/index.php?rest_route=%2Fwp%2Fv2%2Fcomments&post=5362"}],"version-history":[{"count":2,"href":"https:\/\/msconectado.com.br\/index.php?rest_route=\/wp\/v2\/posts\/5362\/revisions"}],"predecessor-version":[{"id":17475,"href":"https:\/\/msconectado.com.br\/index.php?rest_route=\/wp\/v2\/posts\/5362\/revisions\/17475"}],"wp:attachment":[{"href":"https:\/\/msconectado.com.br\/index.php?rest_route=%2Fwp%2Fv2%2Fmedia&parent=5362"}],"wp:term":[{"taxonomy":"category","embeddable":true,"href":"https:\/\/msconectado.com.br\/index.php?rest_route=%2Fwp%2Fv2%2Fcategories&post=5362"},{"taxonomy":"post_tag","embeddable":true,"href":"https:\/\/msconectado.com.br\/index.php?rest_route=%2Fwp%2Fv2%2Ftags&post=5362"}],"curies":[{"name":"wp","href":"https:\/\/api.w.org\/{rel}","templated":true}]}}