{"id":5414,"date":"2023-01-06T18:02:39","date_gmt":"2023-01-06T18:02:39","guid":{"rendered":"https:\/\/teste.msconectado.com.br\/?p=5414"},"modified":"2023-01-16T13:21:21","modified_gmt":"2023-01-16T13:21:21","slug":"deputados-e-governo-debatem-projeto-para-modernizacao-de-sistema-de-esgoto","status":"publish","type":"post","link":"https:\/\/msconectado.com.br\/?p=5414","title":{"rendered":"Deputados e Governo debatem projeto para moderniza\u00e7\u00e3o de sistema de esgoto"},"content":{"rendered":"<h4>A regionaliza\u00e7\u00e3o \u00e9 o componente central no modelo de presta\u00e7\u00e3o proposto pelo\u00a0<ins><a href=\"http:\/\/www.planalto.gov.br\/ccivil_03\/_ato2019-2022\/2020\/lei\/l14026.htm#:~:text=%E2%80%9CDisp%C3%B5e%20sobre%20a%20cria%C3%A7%C3%A3o%20da,para%20a%20regula%C3%A7%C3%A3o%20dos%20servi%C3%A7os\" target=\"_blank\" rel=\"noopener\">Novo Marco Legal do Saneamento B\u00e1sico<\/a><\/ins>. Na manh\u00e3 desta sexta-feira (18), representantes do Governo do Estado comunicaram \u00e0 Assembleia Legislativa de Mato Grosso do Sul (ALEMS) que, nas pr\u00f3ximas semanas, ser\u00e1 entregue o Projeto de Lei de regionaliza\u00e7\u00e3odo saneamento.<\/h4>\n<h4>O projeto foi explicado pela consultora legislativa Doriane Chamorro e pela secret\u00e1ria especial do Escrit\u00f3rio de Parcerias Estrat\u00e9gicas do Estado, Eliane Detoni, ao presidente da Casa de Leis, Paulo Corr\u00eaa (PSDB), aos deputados Professor Rinaldo (Podemos) e Paulo Duarte (PSB) e assessores parlamentares. O projeto est\u00e1 em consulta p\u00fablica at\u00e9 21 de novembro, que pode ser acessada no site\u00a0<a href=\"http:\/\/www.epe.segov.ms.gov.br\/\" target=\"_blank\" rel=\"noopener\">http:\/\/www.epe.segov.ms.gov.br\/<\/a>.<\/h4>\n<h4>O presidente Paulo Corr\u00eaa\u00a0destacou a import\u00e2ncia da proposta para os sul-mato-grossenses. \u201cSer\u00e1 mais um projeto de sucesso realizado\u00a0pelo governo Reinaldo Azambuja. Investir em saneamento b\u00e1sico impacta diretamente em outras \u00e1reas, principalmente na sa\u00fade. Assim que o projeto for encaminhado, vamos calendarizar o tr\u00e2mite\u201d, disse.<\/h4>\n<h4>Segundo Doriane, as sugest\u00f5es ser\u00e3o analisadas para o fechamento do projeto \u00e0 Assembleia. &#8220;J\u00e1 estivemos reunidos com os munic\u00edpios e prestadores de servi\u00e7o. Vamos entregar uma proposta que foi amplamente estudada para que de fato a lei seja efetiva no Estado\u201d, afirmou. A meta \u00e9 atingir, nos pr\u00f3ximos 10 anos, a universaliza\u00e7\u00e3o de cobertura de esgoto (98%) no Estado, beneficiando 1,7 milh\u00e3o de habitantes.<\/h4>\n<h4>Caber\u00e1 aos munic\u00edpios a escolha de aderir \u00e0 proposta. O projeto prev\u00ea a cria\u00e7\u00e3o de duas unidades regionais, sendo uma composta por 66 munic\u00edpios e a outra por Campo Grande e mais 12 cidades. \u201c\u00c9 importante salientar que a n\u00e3o ades\u00e3o \u00e0s unidades regionais impede os munic\u00edpios de acessarem os recursos federais\u201d, falou Eliane.<\/h4>\n<h4><\/h4>\n<h4>ALEMS<\/h4>\n<h4><strong>Foto:<\/strong>\u00a0Luciana Nassar<\/h4>\n<p><img decoding=\"async\" src=\"https:\/\/i.imgur.com\/R31xFca.jpg\" alt=\"\" width=\"640\" height=\"68\" \/><\/p>\n<p><img decoding=\"async\" src=\"https:\/\/i.imgur.com\/i7OXWMV.png\" alt=\"\" width=\"640\" height=\"71\" \/><\/p>\n<p><img decoding=\"async\" src=\"https:\/\/i.imgur.com\/MRhIHyG.png\" alt=\"\" width=\"640\" height=\"71\" \/><\/p>\n<h4><span class=\"text_exposed_show\">Acesse nossa p\u00e1gina no Facebook e fique por dentro dos destaques de Maracaju e regi\u00e3o.<br \/>\n<\/span><\/h4>\n","protected":false},"excerpt":{"rendered":"<p>A regionaliza\u00e7\u00e3o \u00e9 o componente central no modelo de presta\u00e7\u00e3o proposto pelo\u00a0Novo Marco Legal do Saneamento B\u00e1sico. Na manh\u00e3 desta sexta-feira (18), representantes do Governo do Estado comunicaram \u00e0 Assembleia Legislativa de Mato Grosso do Sul (ALEMS) que, nas pr\u00f3ximas semanas, ser\u00e1 entregue o Projeto de Lei de regionaliza\u00e7\u00e3odo saneamento. O projeto foi explicado pela [&hellip;]<\/p>\n","protected":false},"author":2,"featured_media":0,"comment_status":"open","ping_status":"closed","sticky":false,"template":"","format":"standard","meta":{"footnotes":""},"categories":[38],"tags":[],"class_list":["post-5414","post","type-post","status-publish","format-standard","hentry","category-assembleia-legislativa"],"yoast_head":"<!-- This site is optimized with the Yoast SEO plugin v27.5 - https:\/\/yoast.com\/product\/yoast-seo-wordpress\/ -->\n<title>Deputados e Governo debatem projeto para moderniza\u00e7\u00e3o de sistema de esgoto - MsConectado<\/title>\n<meta name=\"robots\" content=\"index, follow, max-snippet:-1, max-image-preview:large, max-video-preview:-1\" \/>\n<link rel=\"canonical\" href=\"https:\/\/msconectado.com.br\/?p=5414\" \/>\n<meta property=\"og:locale\" content=\"pt_BR\" \/>\n<meta property=\"og:type\" content=\"article\" \/>\n<meta property=\"og:title\" content=\"Deputados e Governo debatem projeto para moderniza\u00e7\u00e3o de sistema de esgoto - MsConectado\" \/>\n<meta property=\"og:description\" content=\"A regionaliza\u00e7\u00e3o \u00e9 o componente central no modelo de presta\u00e7\u00e3o proposto pelo\u00a0Novo Marco Legal do Saneamento B\u00e1sico. Na manh\u00e3 desta sexta-feira (18), representantes do Governo do Estado comunicaram \u00e0 Assembleia Legislativa de Mato Grosso do Sul (ALEMS) que, nas pr\u00f3ximas semanas, ser\u00e1 entregue o Projeto de Lei de regionaliza\u00e7\u00e3odo saneamento. O projeto foi explicado pela [&hellip;]\" \/>\n<meta property=\"og:url\" content=\"https:\/\/msconectado.com.br\/?p=5414\" \/>\n<meta property=\"og:site_name\" content=\"MsConectado\" \/>\n<meta property=\"article:published_time\" content=\"2023-01-06T18:02:39+00:00\" \/>\n<meta property=\"article:modified_time\" content=\"2023-01-16T13:21:21+00:00\" \/>\n<meta property=\"og:image\" content=\"https:\/\/i.imgur.com\/R31xFca.jpg\" \/>\n<meta name=\"author\" content=\"MsConectado\" \/>\n<meta name=\"twitter:card\" content=\"summary_large_image\" \/>\n<meta name=\"twitter:label1\" content=\"Escrito por\" \/>\n\t<meta name=\"twitter:data1\" content=\"MsConectado\" \/>\n\t<meta name=\"twitter:label2\" content=\"Est. tempo de leitura\" \/>\n\t<meta name=\"twitter:data2\" content=\"2 minutos\" \/>\n<script type=\"application\/ld+json\" class=\"yoast-schema-graph\">{\"@context\":\"https:\\\/\\\/schema.org\",\"@graph\":[{\"@type\":\"Article\",\"@id\":\"https:\\\/\\\/msconectado.com.br\\\/?p=5414#article\",\"isPartOf\":{\"@id\":\"https:\\\/\\\/msconectado.com.br\\\/?p=5414\"},\"author\":{\"name\":\"MsConectado\",\"@id\":\"https:\\\/\\\/msconectado.com.br\\\/#\\\/schema\\\/person\\\/e5585545b5687092f1041d350b6e2c16\"},\"headline\":\"Deputados e Governo debatem projeto para moderniza\u00e7\u00e3o de sistema de esgoto\",\"datePublished\":\"2023-01-06T18:02:39+00:00\",\"dateModified\":\"2023-01-16T13:21:21+00:00\",\"mainEntityOfPage\":{\"@id\":\"https:\\\/\\\/msconectado.com.br\\\/?p=5414\"},\"wordCount\":329,\"commentCount\":0,\"publisher\":{\"@id\":\"https:\\\/\\\/msconectado.com.br\\\/#organization\"},\"image\":{\"@id\":\"https:\\\/\\\/msconectado.com.br\\\/?p=5414#primaryimage\"},\"thumbnailUrl\":\"https:\\\/\\\/i.imgur.com\\\/R31xFca.jpg\",\"articleSection\":[\"Assembleia Legislativa\"],\"inLanguage\":\"pt-BR\",\"potentialAction\":[{\"@type\":\"CommentAction\",\"name\":\"Comment\",\"target\":[\"https:\\\/\\\/msconectado.com.br\\\/?p=5414#respond\"]}]},{\"@type\":\"WebPage\",\"@id\":\"https:\\\/\\\/msconectado.com.br\\\/?p=5414\",\"url\":\"https:\\\/\\\/msconectado.com.br\\\/?p=5414\",\"name\":\"Deputados e Governo debatem projeto para moderniza\u00e7\u00e3o de sistema de esgoto - MsConectado\",\"isPartOf\":{\"@id\":\"https:\\\/\\\/msconectado.com.br\\\/#website\"},\"primaryImageOfPage\":{\"@id\":\"https:\\\/\\\/msconectado.com.br\\\/?p=5414#primaryimage\"},\"image\":{\"@id\":\"https:\\\/\\\/msconectado.com.br\\\/?p=5414#primaryimage\"},\"thumbnailUrl\":\"https:\\\/\\\/i.imgur.com\\\/R31xFca.jpg\",\"datePublished\":\"2023-01-06T18:02:39+00:00\",\"dateModified\":\"2023-01-16T13:21:21+00:00\",\"breadcrumb\":{\"@id\":\"https:\\\/\\\/msconectado.com.br\\\/?p=5414#breadcrumb\"},\"inLanguage\":\"pt-BR\",\"potentialAction\":[{\"@type\":\"ReadAction\",\"target\":[\"https:\\\/\\\/msconectado.com.br\\\/?p=5414\"]}]},{\"@type\":\"ImageObject\",\"inLanguage\":\"pt-BR\",\"@id\":\"https:\\\/\\\/msconectado.com.br\\\/?p=5414#primaryimage\",\"url\":\"https:\\\/\\\/i.imgur.com\\\/R31xFca.jpg\",\"contentUrl\":\"https:\\\/\\\/i.imgur.com\\\/R31xFca.jpg\"},{\"@type\":\"BreadcrumbList\",\"@id\":\"https:\\\/\\\/msconectado.com.br\\\/?p=5414#breadcrumb\",\"itemListElement\":[{\"@type\":\"ListItem\",\"position\":1,\"name\":\"In\u00edcio\",\"item\":\"https:\\\/\\\/msconectado.com.br\\\/?page_id=105\"},{\"@type\":\"ListItem\",\"position\":2,\"name\":\"Deputados e Governo debatem projeto para moderniza\u00e7\u00e3o de sistema de esgoto\"}]},{\"@type\":\"WebSite\",\"@id\":\"https:\\\/\\\/msconectado.com.br\\\/#website\",\"url\":\"https:\\\/\\\/msconectado.com.br\\\/\",\"name\":\"MsConectado\",\"description\":\"Voc\u00ea Conectado com a Not\u00edcia!\",\"publisher\":{\"@id\":\"https:\\\/\\\/msconectado.com.br\\\/#organization\"},\"potentialAction\":[{\"@type\":\"SearchAction\",\"target\":{\"@type\":\"EntryPoint\",\"urlTemplate\":\"https:\\\/\\\/msconectado.com.br\\\/?s={search_term_string}\"},\"query-input\":{\"@type\":\"PropertyValueSpecification\",\"valueRequired\":true,\"valueName\":\"search_term_string\"}}],\"inLanguage\":\"pt-BR\"},{\"@type\":\"Organization\",\"@id\":\"https:\\\/\\\/msconectado.com.br\\\/#organization\",\"name\":\"MsConectado\",\"url\":\"https:\\\/\\\/msconectado.com.br\\\/\",\"logo\":{\"@type\":\"ImageObject\",\"inLanguage\":\"pt-BR\",\"@id\":\"https:\\\/\\\/msconectado.com.br\\\/#\\\/schema\\\/logo\\\/image\\\/\",\"url\":\"https:\\\/\\\/msconectado.com.br\\\/wp-content\\\/uploads\\\/2023\\\/01\\\/cropped-noticia-2.png\",\"contentUrl\":\"https:\\\/\\\/msconectado.com.br\\\/wp-content\\\/uploads\\\/2023\\\/01\\\/cropped-noticia-2.png\",\"width\":720,\"height\":157,\"caption\":\"MsConectado\"},\"image\":{\"@id\":\"https:\\\/\\\/msconectado.com.br\\\/#\\\/schema\\\/logo\\\/image\\\/\"}},{\"@type\":\"Person\",\"@id\":\"https:\\\/\\\/msconectado.com.br\\\/#\\\/schema\\\/person\\\/e5585545b5687092f1041d350b6e2c16\",\"name\":\"MsConectado\",\"image\":{\"@type\":\"ImageObject\",\"inLanguage\":\"pt-BR\",\"@id\":\"https:\\\/\\\/secure.gravatar.com\\\/avatar\\\/3b4f84a0a8a4380ac4431fa79981d073692380c5da00ae97596e794ab0db5c8c?s=96&d=mm&r=g\",\"url\":\"https:\\\/\\\/secure.gravatar.com\\\/avatar\\\/3b4f84a0a8a4380ac4431fa79981d073692380c5da00ae97596e794ab0db5c8c?s=96&d=mm&r=g\",\"contentUrl\":\"https:\\\/\\\/secure.gravatar.com\\\/avatar\\\/3b4f84a0a8a4380ac4431fa79981d073692380c5da00ae97596e794ab0db5c8c?s=96&d=mm&r=g\",\"caption\":\"MsConectado\"},\"url\":\"https:\\\/\\\/msconectado.com.br\\\/?author=2\"}]}<\/script>\n<!-- \/ Yoast SEO plugin. -->","yoast_head_json":{"title":"Deputados e Governo debatem projeto para moderniza\u00e7\u00e3o de sistema de esgoto - MsConectado","robots":{"index":"index","follow":"follow","max-snippet":"max-snippet:-1","max-image-preview":"max-image-preview:large","max-video-preview":"max-video-preview:-1"},"canonical":"https:\/\/msconectado.com.br\/?p=5414","og_locale":"pt_BR","og_type":"article","og_title":"Deputados e Governo debatem projeto para moderniza\u00e7\u00e3o de sistema de esgoto - MsConectado","og_description":"A regionaliza\u00e7\u00e3o \u00e9 o componente central no modelo de presta\u00e7\u00e3o proposto pelo\u00a0Novo Marco Legal do Saneamento B\u00e1sico. Na manh\u00e3 desta sexta-feira (18), representantes do Governo do Estado comunicaram \u00e0 Assembleia Legislativa de Mato Grosso do Sul (ALEMS) que, nas pr\u00f3ximas semanas, ser\u00e1 entregue o Projeto de Lei de regionaliza\u00e7\u00e3odo saneamento. O projeto foi explicado pela [&hellip;]","og_url":"https:\/\/msconectado.com.br\/?p=5414","og_site_name":"MsConectado","article_published_time":"2023-01-06T18:02:39+00:00","article_modified_time":"2023-01-16T13:21:21+00:00","og_image":[{"url":"https:\/\/i.imgur.com\/R31xFca.jpg","type":"","width":"","height":""}],"author":"MsConectado","twitter_card":"summary_large_image","twitter_misc":{"Escrito por":"MsConectado","Est. tempo de leitura":"2 minutos"},"schema":{"@context":"https:\/\/schema.org","@graph":[{"@type":"Article","@id":"https:\/\/msconectado.com.br\/?p=5414#article","isPartOf":{"@id":"https:\/\/msconectado.com.br\/?p=5414"},"author":{"name":"MsConectado","@id":"https:\/\/msconectado.com.br\/#\/schema\/person\/e5585545b5687092f1041d350b6e2c16"},"headline":"Deputados e Governo debatem projeto para moderniza\u00e7\u00e3o de sistema de esgoto","datePublished":"2023-01-06T18:02:39+00:00","dateModified":"2023-01-16T13:21:21+00:00","mainEntityOfPage":{"@id":"https:\/\/msconectado.com.br\/?p=5414"},"wordCount":329,"commentCount":0,"publisher":{"@id":"https:\/\/msconectado.com.br\/#organization"},"image":{"@id":"https:\/\/msconectado.com.br\/?p=5414#primaryimage"},"thumbnailUrl":"https:\/\/i.imgur.com\/R31xFca.jpg","articleSection":["Assembleia Legislativa"],"inLanguage":"pt-BR","potentialAction":[{"@type":"CommentAction","name":"Comment","target":["https:\/\/msconectado.com.br\/?p=5414#respond"]}]},{"@type":"WebPage","@id":"https:\/\/msconectado.com.br\/?p=5414","url":"https:\/\/msconectado.com.br\/?p=5414","name":"Deputados e Governo debatem projeto para moderniza\u00e7\u00e3o de sistema de esgoto - MsConectado","isPartOf":{"@id":"https:\/\/msconectado.com.br\/#website"},"primaryImageOfPage":{"@id":"https:\/\/msconectado.com.br\/?p=5414#primaryimage"},"image":{"@id":"https:\/\/msconectado.com.br\/?p=5414#primaryimage"},"thumbnailUrl":"https:\/\/i.imgur.com\/R31xFca.jpg","datePublished":"2023-01-06T18:02:39+00:00","dateModified":"2023-01-16T13:21:21+00:00","breadcrumb":{"@id":"https:\/\/msconectado.com.br\/?p=5414#breadcrumb"},"inLanguage":"pt-BR","potentialAction":[{"@type":"ReadAction","target":["https:\/\/msconectado.com.br\/?p=5414"]}]},{"@type":"ImageObject","inLanguage":"pt-BR","@id":"https:\/\/msconectado.com.br\/?p=5414#primaryimage","url":"https:\/\/i.imgur.com\/R31xFca.jpg","contentUrl":"https:\/\/i.imgur.com\/R31xFca.jpg"},{"@type":"BreadcrumbList","@id":"https:\/\/msconectado.com.br\/?p=5414#breadcrumb","itemListElement":[{"@type":"ListItem","position":1,"name":"In\u00edcio","item":"https:\/\/msconectado.com.br\/?page_id=105"},{"@type":"ListItem","position":2,"name":"Deputados e Governo debatem projeto para moderniza\u00e7\u00e3o de sistema de esgoto"}]},{"@type":"WebSite","@id":"https:\/\/msconectado.com.br\/#website","url":"https:\/\/msconectado.com.br\/","name":"MsConectado","description":"Voc\u00ea Conectado com a Not\u00edcia!","publisher":{"@id":"https:\/\/msconectado.com.br\/#organization"},"potentialAction":[{"@type":"SearchAction","target":{"@type":"EntryPoint","urlTemplate":"https:\/\/msconectado.com.br\/?s={search_term_string}"},"query-input":{"@type":"PropertyValueSpecification","valueRequired":true,"valueName":"search_term_string"}}],"inLanguage":"pt-BR"},{"@type":"Organization","@id":"https:\/\/msconectado.com.br\/#organization","name":"MsConectado","url":"https:\/\/msconectado.com.br\/","logo":{"@type":"ImageObject","inLanguage":"pt-BR","@id":"https:\/\/msconectado.com.br\/#\/schema\/logo\/image\/","url":"https:\/\/msconectado.com.br\/wp-content\/uploads\/2023\/01\/cropped-noticia-2.png","contentUrl":"https:\/\/msconectado.com.br\/wp-content\/uploads\/2023\/01\/cropped-noticia-2.png","width":720,"height":157,"caption":"MsConectado"},"image":{"@id":"https:\/\/msconectado.com.br\/#\/schema\/logo\/image\/"}},{"@type":"Person","@id":"https:\/\/msconectado.com.br\/#\/schema\/person\/e5585545b5687092f1041d350b6e2c16","name":"MsConectado","image":{"@type":"ImageObject","inLanguage":"pt-BR","@id":"https:\/\/secure.gravatar.com\/avatar\/3b4f84a0a8a4380ac4431fa79981d073692380c5da00ae97596e794ab0db5c8c?s=96&d=mm&r=g","url":"https:\/\/secure.gravatar.com\/avatar\/3b4f84a0a8a4380ac4431fa79981d073692380c5da00ae97596e794ab0db5c8c?s=96&d=mm&r=g","contentUrl":"https:\/\/secure.gravatar.com\/avatar\/3b4f84a0a8a4380ac4431fa79981d073692380c5da00ae97596e794ab0db5c8c?s=96&d=mm&r=g","caption":"MsConectado"},"url":"https:\/\/msconectado.com.br\/?author=2"}]}},"_links":{"self":[{"href":"https:\/\/msconectado.com.br\/index.php?rest_route=\/wp\/v2\/posts\/5414","targetHints":{"allow":["GET"]}}],"collection":[{"href":"https:\/\/msconectado.com.br\/index.php?rest_route=\/wp\/v2\/posts"}],"about":[{"href":"https:\/\/msconectado.com.br\/index.php?rest_route=\/wp\/v2\/types\/post"}],"author":[{"embeddable":true,"href":"https:\/\/msconectado.com.br\/index.php?rest_route=\/wp\/v2\/users\/2"}],"replies":[{"embeddable":true,"href":"https:\/\/msconectado.com.br\/index.php?rest_route=%2Fwp%2Fv2%2Fcomments&post=5414"}],"version-history":[{"count":2,"href":"https:\/\/msconectado.com.br\/index.php?rest_route=\/wp\/v2\/posts\/5414\/revisions"}],"predecessor-version":[{"id":17474,"href":"https:\/\/msconectado.com.br\/index.php?rest_route=\/wp\/v2\/posts\/5414\/revisions\/17474"}],"wp:attachment":[{"href":"https:\/\/msconectado.com.br\/index.php?rest_route=%2Fwp%2Fv2%2Fmedia&parent=5414"}],"wp:term":[{"taxonomy":"category","embeddable":true,"href":"https:\/\/msconectado.com.br\/index.php?rest_route=%2Fwp%2Fv2%2Fcategories&post=5414"},{"taxonomy":"post_tag","embeddable":true,"href":"https:\/\/msconectado.com.br\/index.php?rest_route=%2Fwp%2Fv2%2Ftags&post=5414"}],"curies":[{"name":"wp","href":"https:\/\/api.w.org\/{rel}","templated":true}]}}