{"id":5505,"date":"2023-01-06T18:03:46","date_gmt":"2023-01-06T18:03:46","guid":{"rendered":"https:\/\/teste.msconectado.com.br\/?p=5505"},"modified":"2023-01-16T13:13:45","modified_gmt":"2023-01-16T13:13:45","slug":"apos-dois-mandatos-deputado-barbosinha-se-despede-da-assembleia-legislativa","status":"publish","type":"post","link":"https:\/\/msconectado.com.br\/?p=5505","title":{"rendered":"Ap\u00f3s dois mandatos, deputado Barbosinha se despede da Assembleia Legislativa"},"content":{"rendered":"<h4>No segundo mandato como deputado estadual, Barbosinha (PP) usou a tribuna na sess\u00e3o desta quinta-feira (15) para se despedir dos servidores e dos parlamentares da Assembleia Legislativa. Em 1\u00ba janeiro de 2023, ele assume a fun\u00e7\u00e3o de vice-governador do Estado de Mato Grosso do Sul.<\/h4>\n<h4>\u201cEncerro minha miss\u00e3o nesta Casa de Leis e deixo minha mensagem de agradecimento. Gratid\u00e3o \u00e9 um sentimento que nos faz reconhecer que o outro participou da nossa evolu\u00e7\u00e3o, do nosso aprimoramento, seja intelectual ou espiritual. Da sabedoria que n\u00f3s acumulamos ao longo da jornada da vida, n\u00e3o podemos perder a oportunidade de agradecer esta Casa Legislativa pela experi\u00eancia de dois mandatos. Na conviv\u00eancia de figuras t\u00e3o heterog\u00eaneas, o debate me enriqueceu\u201d, destacou.<\/h4>\n<h4>Barbosinha agradeceu a bancada do PT e se emocionou ao lembrar os momentos de conviv\u00eancia com o deputado Cabo Almi, que faleceu em maio de 2021. \u201cTravamos debates que me fizeram crescer e observar horizontes que naquele momento n\u00e3o conseguia enxergar. Sou muito grato \u00e0 Assembleia Legislativa pela forma que me recebeu, por possibilitar no primeiro mandato ser presidente da Comiss\u00e3o de Constitui\u00e7\u00e3o, Justi\u00e7a e Reda\u00e7\u00e3o. Quero agradecer aos membros da Mesa Diretora pela forma que conduziu esta Casa e tratou os parlamentares. Aqui se expressa o sentimento e a alma do povo-sul-mato-grossense\u201d, disse. &nbsp;&nbsp;<\/h4>\n<h4>O deputado fez um agradecimento especial aos funcion\u00e1rios do Poder Legislativo que, segundo ele, tiveram uma importante participa\u00e7\u00e3o na sua atua\u00e7\u00e3o durante os dois mandatos. Ele ainda fez um relato breve de sua hist\u00f3ria pol\u00edtica e concluiu o discurso reconhecendo o valor de Deus, da fam\u00edlia e dos amigos. \u201cSe eu chego at\u00e9 aqui \u00e9 porque fui transportado por ombros de gigantes. Sem essas pessoas na minha vida, aqueles que trabalham comigo, os meus amigos e familiares, eu jamais chegaria a esta condi\u00e7\u00e3o. Encerro a trajet\u00f3ria na Assembleia Legislativa como iniciei nesta jornada, elevando meus pensamentos a Deus Criador, agradecendo a tudo que me foi dado e confiado. Que a presen\u00e7a de Deus seja o guia e o condutor dos trabalhos e pensamentos desta Casa. Estarei ao lado do governador Eduardo Riedel para auxiliar nesta importante miss\u00e3o nos dada pelo povo sul-mato-grossense\u201d, ressaltou Barbosinha.<\/h4>\n<h4>Em aparte, Pedro Kemp (PT)&nbsp;salientou&nbsp;a forma qualificada que Barbosinha conduziu os debates no plen\u00e1rio. \u201cEsta Casa vai sentir saudade desse deputado que primou pelo debate qualificado. Pelo conhecimento jur\u00eddico e experi\u00eancia politica, Barbosinha foi um professor. Desejamos sucesso nesta nossa fun\u00e7\u00e3o que ir\u00e1 desempenha no Governo do Estado\u201d, afirmou.<\/h4>\n<h4>O presidente da ALEMS, Paulo Corr\u00eaa (PSDB), agradeceu o tratamento gentil de Barbosinha e revelou que o deputado, ao ser convidado para ser vice-governador, n\u00e3o hesitou. \u201cBarbosinha engrandeceu a hist\u00f3ria da Assembleia Legislativa. Agora, parte para uma nova miss\u00e3o, que desde o in\u00edcio n\u00e3o titubeou. Que Deus o aben\u00e7oe\u201d. &nbsp;<\/h4>\n<h4>Coronel David (PL) falou da generosidade do colega. \u201cEm 2016, Barbsoinha &nbsp;aceitou o convite para ser secret\u00e1rio de Estado de Justi\u00e7a e seguran\u00e7a P\u00fablica, permitindo que eu, como suplente, assumisse a cadeira na Assembleia Legislativa. Foi diante da sua generosidade, que pude realizar um bom trabalho e ser reconduzido ao cargo nas elei\u00e7\u00f5es seguintes.&nbsp;Nessa nova miss\u00e3o, temos a certeza que far\u00e1 um excelente trabalho\u201d.<\/h4>\n<h4>Os deputados Gerson Claro (PP), Jo\u00e3o Henrique (PL), Mara Caseiro (PSDB), Paulo Duarte (PSB), Professor Rinaldo (Podemos), Renato C\u00e2mara (MDB), Lidio Lopes (PATRI), Herculano Borges (Republicanos), Amarildo Cruz (PT), Evander Vendramini (PP), Lucas de Lima (PDT), Mar\u00e7al Filho (PP)&nbsp;e Z\u00e9 Teixeira (PSDB) fizeram quest\u00e3o de reconhecer a import\u00e2ncia de Barbosinha para o Parlamento Estadual e desejaram sucesso na vice-govenadoria.<\/h4>\n<h4>&nbsp;<\/h4>\n<h4>ALEMS<\/h4>\n<h4><strong>Por:<\/strong>&nbsp;Helo\u00edse Gimenes&nbsp;&nbsp;&nbsp;<strong>Foto:<\/strong>&nbsp;Luciana Nassar<\/h4>\n<p>&nbsp;<\/p>\n<p><img decoding=\"async\" src=\"https:\/\/i.imgur.com\/R31xFca.jpg\" alt=\"\" width=\"640\" height=\"68\"><\/p>\n<p><img decoding=\"async\" src=\"https:\/\/i.imgur.com\/i7OXWMV.png\" alt=\"\" width=\"640\" height=\"71\"><\/p>\n<p><img decoding=\"async\" src=\"https:\/\/i.imgur.com\/MRhIHyG.png\" alt=\"\" width=\"640\" height=\"71\"><\/p>\n<h4><span class=\"text_exposed_show\">Acesse nossa p\u00e1gina no Facebook e fique por dentro dos destaques de Maracaju e regi\u00e3o.<br \/>\n<a class=\"profileLink\" href=\"https:\/\/www.facebook.com\/MsConectado\/?__tn__=K-R&amp;eid=ARAhfp4e5aWbNVoyptzGrm4obmySmRA_YR3QE4VTRX5QMShFsdcdIz5Iq0b_MWIy7I4QmNXz6k8IoNle&amp;fref=mentions&amp;__xts__%5B0%5D=68.ARAioa_i2DB8DORiDt4nCzBX7dvRVCRXhE8omKRc8oaCnvkbB62J-ntBfEZirzPivEkJx1lDCVwLAcPtZ0yMQNLkCNTlcJQPj0xK6BaGWaOsY1faLudkMNiJdevECtsRmxRf4pPywtr6Ph-QfFtADqGObU6JSKIHeG-MeeDX4kDKXlTFIUBRK4hO5nTzRrhcr3MX5cg5M1qoQKrs0FAyJEjbCy_O8F2Huq0AcJWiZlkD8u8XSf0QlsVlsI8LptFuIqgBS8GhVTw0O9tDGx11ebCRNoaUxQIYsP4qWoTURB3au7pBOcC3DfEQdk--ypqG-M2wCG5kVpCnL3qr9XO0E0f23b1xxxMz0V4PiQ\" data-hovercard=\"\/ajax\/hovercard\/page.php?id=415200058576733&amp;extragetparams=%7B%22__tn__%22%3A%22%2CdK-R-R%22%2C%22eid%22%3A%22ARAhfp4e5aWbNVoyptzGrm4obmySmRA_YR3QE4VTRX5QMShFsdcdIz5Iq0b_MWIy7I4QmNXz6k8IoNle%22%2C%22fref%22%3A%22mentions%22%7D\" data-hovercard-prefer-more-content-show=\"1\">https:\/\/www.facebook.com\/MsConectado\/<\/a><\/span><\/h4>\n<div class=\"text_exposed_show\">\n<h4><a class=\"_58cn\" href=\"https:\/\/www.facebook.com\/hashtag\/msconectado?source=feed_text&amp;epa=HASHTAG&amp;__xts__%5B0%5D=68.ARAioa_i2DB8DORiDt4nCzBX7dvRVCRXhE8omKRc8oaCnvkbB62J-ntBfEZirzPivEkJx1lDCVwLAcPtZ0yMQNLkCNTlcJQPj0xK6BaGWaOsY1faLudkMNiJdevECtsRmxRf4pPywtr6Ph-QfFtADqGObU6JSKIHeG-MeeDX4kDKXlTFIUBRK4hO5nTzRrhcr3MX5cg5M1qoQKrs0FAyJEjbCy_O8F2Huq0AcJWiZlkD8u8XSf0QlsVlsI8LptFuIqgBS8GhVTw0O9tDGx11ebCRNoaUxQIYsP4qWoTURB3au7pBOcC3DfEQdk--ypqG-M2wCG5kVpCnL3qr9XO0E0f23b1xxxMz0V4PiQ&amp;__tn__=%2ANK-R\" type=\"\" data-ft=\"{\"><span class=\"_5afx\"><span class=\"_58cl _5afz\" aria-label=\"hashtag\">#<\/span><span class=\"_58cm\">msconectado<\/span><\/span><\/a><br \/>\n<a class=\"_58cn\" href=\"https:\/\/www.facebook.com\/hashtag\/suamelhorcobertura?source=feed_text&amp;epa=HASHTAG&amp;__xts__%5B0%5D=68.ARAioa_i2DB8DORiDt4nCzBX7dvRVCRXhE8omKRc8oaCnvkbB62J-ntBfEZirzPivEkJx1lDCVwLAcPtZ0yMQNLkCNTlcJQPj0xK6BaGWaOsY1faLudkMNiJdevECtsRmxRf4pPywtr6Ph-QfFtADqGObU6JSKIHeG-MeeDX4kDKXlTFIUBRK4hO5nTzRrhcr3MX5cg5M1qoQKrs0FAyJEjbCy_O8F2Huq0AcJWiZlkD8u8XSf0QlsVlsI8LptFuIqgBS8GhVTw0O9tDGx11ebCRNoaUxQIYsP4qWoTURB3au7pBOcC3DfEQdk--ypqG-M2wCG5kVpCnL3qr9XO0E0f23b1xxxMz0V4PiQ&amp;__tn__=%2ANK-R\" type=\"\" data-ft=\"{\"><span class=\"_5afx\"><span class=\"_58cl _5afz\" aria-label=\"hashtag\">#<\/span><span class=\"_58cm\">suamelhorcobertura<\/span><\/span><\/a>&nbsp;<a class=\"_58cn\" href=\"https:\/\/www.facebook.com\/hashtag\/not%C3%ADcia?source=feed_text&amp;epa=HASHTAG&amp;__xts__%5B0%5D=68.ARAioa_i2DB8DORiDt4nCzBX7dvRVCRXhE8omKRc8oaCnvkbB62J-ntBfEZirzPivEkJx1lDCVwLAcPtZ0yMQNLkCNTlcJQPj0xK6BaGWaOsY1faLudkMNiJdevECtsRmxRf4pPywtr6Ph-QfFtADqGObU6JSKIHeG-MeeDX4kDKXlTFIUBRK4hO5nTzRrhcr3MX5cg5M1qoQKrs0FAyJEjbCy_O8F2Huq0AcJWiZlkD8u8XSf0QlsVlsI8LptFuIqgBS8GhVTw0O9tDGx11ebCRNoaUxQIYsP4qWoTURB3au7pBOcC3DfEQdk--ypqG-M2wCG5kVpCnL3qr9XO0E0f23b1xxxMz0V4PiQ&amp;__tn__=%2ANK-R\" type=\"\" data-ft=\"{\"><span class=\"_5afx\"><span class=\"_58cl _5afz\" aria-label=\"hashtag\">#<\/span><span class=\"_58cm\">not\u00edcia<\/span><\/span><\/a>&nbsp;<a class=\"_58cn\" href=\"https:\/\/www.facebook.com\/hashtag\/credibilidade?source=feed_text&amp;epa=HASHTAG&amp;__xts__%5B0%5D=68.ARAioa_i2DB8DORiDt4nCzBX7dvRVCRXhE8omKRc8oaCnvkbB62J-ntBfEZirzPivEkJx1lDCVwLAcPtZ0yMQNLkCNTlcJQPj0xK6BaGWaOsY1faLudkMNiJdevECtsRmxRf4pPywtr6Ph-QfFtADqGObU6JSKIHeG-MeeDX4kDKXlTFIUBRK4hO5nTzRrhcr3MX5cg5M1qoQKrs0FAyJEjbCy_O8F2Huq0AcJWiZlkD8u8XSf0QlsVlsI8LptFuIqgBS8GhVTw0O9tDGx11ebCRNoaUxQIYsP4qWoTURB3au7pBOcC3DfEQdk--ypqG-M2wCG5kVpCnL3qr9XO0E0f23b1xxxMz0V4PiQ&amp;__tn__=%2ANK-R\" type=\"\" data-ft=\"{\"><span class=\"_5afx\"><span class=\"_58cl _5afz\" aria-label=\"hashtag\">#<\/span><span class=\"_58cm\">credibilidade<\/span><\/span><\/a>&nbsp;<a class=\"_58cn\" href=\"https:\/\/www.facebook.com\/hashtag\/jornalismo?source=feed_text&amp;epa=HASHTAG&amp;__xts__%5B0%5D=68.ARAioa_i2DB8DORiDt4nCzBX7dvRVCRXhE8omKRc8oaCnvkbB62J-ntBfEZirzPivEkJx1lDCVwLAcPtZ0yMQNLkCNTlcJQPj0xK6BaGWaOsY1faLudkMNiJdevECtsRmxRf4pPywtr6Ph-QfFtADqGObU6JSKIHeG-MeeDX4kDKXlTFIUBRK4hO5nTzRrhcr3MX5cg5M1qoQKrs0FAyJEjbCy_O8F2Huq0AcJWiZlkD8u8XSf0QlsVlsI8LptFuIqgBS8GhVTw0O9tDGx11ebCRNoaUxQIYsP4qWoTURB3au7pBOcC3DfEQdk--ypqG-M2wCG5kVpCnL3qr9XO0E0f23b1xxxMz0V4PiQ&amp;__tn__=%2ANK-R\" type=\"\" data-ft=\"{\"><span class=\"_5afx\"><span class=\"_58cl _5afz\" aria-label=\"hashtag\">#<\/span><span class=\"_58cm\">jornalismo<\/span><\/span><\/a><\/h4>\n<\/div>\n","protected":false},"excerpt":{"rendered":"<p>No segundo mandato como deputado estadual, Barbosinha (PP) usou a tribuna na sess\u00e3o desta quinta-feira (15) para se despedir dos servidores e dos parlamentares da Assembleia Legislativa. Em 1\u00ba janeiro de 2023, ele assume a fun\u00e7\u00e3o de vice-governador do Estado de Mato Grosso do Sul. \u201cEncerro minha miss\u00e3o nesta Casa de Leis e deixo minha [&hellip;]<\/p>\n","protected":false},"author":1,"featured_media":16836,"comment_status":"open","ping_status":"closed","sticky":false,"template":"","format":"standard","meta":{"footnotes":""},"categories":[38,33],"tags":[],"class_list":["post-5505","post","type-post","status-publish","format-standard","has-post-thumbnail","hentry","category-assembleia-legislativa","category-politica"],"yoast_head":"<!-- This site is optimized with the Yoast SEO plugin v27.5 - https:\/\/yoast.com\/product\/yoast-seo-wordpress\/ -->\n<title>Ap\u00f3s dois mandatos, deputado Barbosinha se despede da Assembleia Legislativa - MsConectado<\/title>\n<meta name=\"robots\" content=\"index, follow, max-snippet:-1, max-image-preview:large, max-video-preview:-1\" \/>\n<link rel=\"canonical\" href=\"https:\/\/msconectado.com.br\/?p=5505\" \/>\n<meta property=\"og:locale\" content=\"pt_BR\" \/>\n<meta property=\"og:type\" content=\"article\" \/>\n<meta property=\"og:title\" content=\"Ap\u00f3s dois mandatos, deputado Barbosinha se despede da Assembleia Legislativa - MsConectado\" \/>\n<meta property=\"og:description\" content=\"No segundo mandato como deputado estadual, Barbosinha (PP) usou a tribuna na sess\u00e3o desta quinta-feira (15) para se despedir dos servidores e dos parlamentares da Assembleia Legislativa. Em 1\u00ba janeiro de 2023, ele assume a fun\u00e7\u00e3o de vice-governador do Estado de Mato Grosso do Sul. \u201cEncerro minha miss\u00e3o nesta Casa de Leis e deixo minha [&hellip;]\" \/>\n<meta property=\"og:url\" content=\"https:\/\/msconectado.com.br\/?p=5505\" \/>\n<meta property=\"og:site_name\" content=\"MsConectado\" \/>\n<meta property=\"article:published_time\" content=\"2023-01-06T18:03:46+00:00\" \/>\n<meta property=\"article:modified_time\" content=\"2023-01-16T13:13:45+00:00\" \/>\n<meta property=\"og:image\" content=\"https:\/\/msconectado.com.br\/wp-content\/uploads\/2023\/01\/ee3ef526a9b8aee1cbfde595f72de240.jpg\" \/>\n\t<meta property=\"og:image:width\" content=\"740\" \/>\n\t<meta property=\"og:image:height\" content=\"493\" \/>\n\t<meta property=\"og:image:type\" content=\"image\/jpeg\" \/>\n<meta name=\"author\" content=\"admin\" \/>\n<meta name=\"twitter:card\" content=\"summary_large_image\" \/>\n<meta name=\"twitter:label1\" content=\"Escrito por\" \/>\n\t<meta name=\"twitter:data1\" content=\"admin\" \/>\n\t<meta name=\"twitter:label2\" content=\"Est. tempo de leitura\" \/>\n\t<meta name=\"twitter:data2\" content=\"3 minutos\" \/>\n<script type=\"application\/ld+json\" class=\"yoast-schema-graph\">{\"@context\":\"https:\\\/\\\/schema.org\",\"@graph\":[{\"@type\":\"Article\",\"@id\":\"https:\\\/\\\/msconectado.com.br\\\/?p=5505#article\",\"isPartOf\":{\"@id\":\"https:\\\/\\\/msconectado.com.br\\\/?p=5505\"},\"author\":{\"name\":\"admin\",\"@id\":\"https:\\\/\\\/msconectado.com.br\\\/#\\\/schema\\\/person\\\/c31be951e281e06994775d63df9fbc5a\"},\"headline\":\"Ap\u00f3s dois mandatos, deputado Barbosinha se despede da Assembleia Legislativa\",\"datePublished\":\"2023-01-06T18:03:46+00:00\",\"dateModified\":\"2023-01-16T13:13:45+00:00\",\"mainEntityOfPage\":{\"@id\":\"https:\\\/\\\/msconectado.com.br\\\/?p=5505\"},\"wordCount\":686,\"commentCount\":0,\"publisher\":{\"@id\":\"https:\\\/\\\/msconectado.com.br\\\/#organization\"},\"image\":{\"@id\":\"https:\\\/\\\/msconectado.com.br\\\/?p=5505#primaryimage\"},\"thumbnailUrl\":\"https:\\\/\\\/msconectado.com.br\\\/wp-content\\\/uploads\\\/2023\\\/01\\\/ee3ef526a9b8aee1cbfde595f72de240.jpg\",\"articleSection\":[\"Assembleia Legislativa\",\"Pol\u00edtica\"],\"inLanguage\":\"pt-BR\",\"potentialAction\":[{\"@type\":\"CommentAction\",\"name\":\"Comment\",\"target\":[\"https:\\\/\\\/msconectado.com.br\\\/?p=5505#respond\"]}]},{\"@type\":\"WebPage\",\"@id\":\"https:\\\/\\\/msconectado.com.br\\\/?p=5505\",\"url\":\"https:\\\/\\\/msconectado.com.br\\\/?p=5505\",\"name\":\"Ap\u00f3s dois mandatos, deputado Barbosinha se despede da Assembleia Legislativa - MsConectado\",\"isPartOf\":{\"@id\":\"https:\\\/\\\/msconectado.com.br\\\/#website\"},\"primaryImageOfPage\":{\"@id\":\"https:\\\/\\\/msconectado.com.br\\\/?p=5505#primaryimage\"},\"image\":{\"@id\":\"https:\\\/\\\/msconectado.com.br\\\/?p=5505#primaryimage\"},\"thumbnailUrl\":\"https:\\\/\\\/msconectado.com.br\\\/wp-content\\\/uploads\\\/2023\\\/01\\\/ee3ef526a9b8aee1cbfde595f72de240.jpg\",\"datePublished\":\"2023-01-06T18:03:46+00:00\",\"dateModified\":\"2023-01-16T13:13:45+00:00\",\"breadcrumb\":{\"@id\":\"https:\\\/\\\/msconectado.com.br\\\/?p=5505#breadcrumb\"},\"inLanguage\":\"pt-BR\",\"potentialAction\":[{\"@type\":\"ReadAction\",\"target\":[\"https:\\\/\\\/msconectado.com.br\\\/?p=5505\"]}]},{\"@type\":\"ImageObject\",\"inLanguage\":\"pt-BR\",\"@id\":\"https:\\\/\\\/msconectado.com.br\\\/?p=5505#primaryimage\",\"url\":\"https:\\\/\\\/msconectado.com.br\\\/wp-content\\\/uploads\\\/2023\\\/01\\\/ee3ef526a9b8aee1cbfde595f72de240.jpg\",\"contentUrl\":\"https:\\\/\\\/msconectado.com.br\\\/wp-content\\\/uploads\\\/2023\\\/01\\\/ee3ef526a9b8aee1cbfde595f72de240.jpg\",\"width\":740,\"height\":493},{\"@type\":\"BreadcrumbList\",\"@id\":\"https:\\\/\\\/msconectado.com.br\\\/?p=5505#breadcrumb\",\"itemListElement\":[{\"@type\":\"ListItem\",\"position\":1,\"name\":\"In\u00edcio\",\"item\":\"https:\\\/\\\/msconectado.com.br\\\/?page_id=105\"},{\"@type\":\"ListItem\",\"position\":2,\"name\":\"Ap\u00f3s dois mandatos, deputado Barbosinha se despede da Assembleia Legislativa\"}]},{\"@type\":\"WebSite\",\"@id\":\"https:\\\/\\\/msconectado.com.br\\\/#website\",\"url\":\"https:\\\/\\\/msconectado.com.br\\\/\",\"name\":\"MsConectado\",\"description\":\"Voc\u00ea Conectado com a Not\u00edcia!\",\"publisher\":{\"@id\":\"https:\\\/\\\/msconectado.com.br\\\/#organization\"},\"potentialAction\":[{\"@type\":\"SearchAction\",\"target\":{\"@type\":\"EntryPoint\",\"urlTemplate\":\"https:\\\/\\\/msconectado.com.br\\\/?s={search_term_string}\"},\"query-input\":{\"@type\":\"PropertyValueSpecification\",\"valueRequired\":true,\"valueName\":\"search_term_string\"}}],\"inLanguage\":\"pt-BR\"},{\"@type\":\"Organization\",\"@id\":\"https:\\\/\\\/msconectado.com.br\\\/#organization\",\"name\":\"MsConectado\",\"url\":\"https:\\\/\\\/msconectado.com.br\\\/\",\"logo\":{\"@type\":\"ImageObject\",\"inLanguage\":\"pt-BR\",\"@id\":\"https:\\\/\\\/msconectado.com.br\\\/#\\\/schema\\\/logo\\\/image\\\/\",\"url\":\"https:\\\/\\\/msconectado.com.br\\\/wp-content\\\/uploads\\\/2023\\\/01\\\/cropped-noticia-2.png\",\"contentUrl\":\"https:\\\/\\\/msconectado.com.br\\\/wp-content\\\/uploads\\\/2023\\\/01\\\/cropped-noticia-2.png\",\"width\":720,\"height\":157,\"caption\":\"MsConectado\"},\"image\":{\"@id\":\"https:\\\/\\\/msconectado.com.br\\\/#\\\/schema\\\/logo\\\/image\\\/\"}},{\"@type\":\"Person\",\"@id\":\"https:\\\/\\\/msconectado.com.br\\\/#\\\/schema\\\/person\\\/c31be951e281e06994775d63df9fbc5a\",\"name\":\"admin\",\"image\":{\"@type\":\"ImageObject\",\"inLanguage\":\"pt-BR\",\"@id\":\"https:\\\/\\\/secure.gravatar.com\\\/avatar\\\/dbff33190f980c4231620eb1d5bd57285f8eed74e0b0392297107ff3bacc135d?s=96&d=mm&r=g\",\"url\":\"https:\\\/\\\/secure.gravatar.com\\\/avatar\\\/dbff33190f980c4231620eb1d5bd57285f8eed74e0b0392297107ff3bacc135d?s=96&d=mm&r=g\",\"contentUrl\":\"https:\\\/\\\/secure.gravatar.com\\\/avatar\\\/dbff33190f980c4231620eb1d5bd57285f8eed74e0b0392297107ff3bacc135d?s=96&d=mm&r=g\",\"caption\":\"admin\"},\"sameAs\":[\"https:\\\/\\\/teste.msconectado.com.br\"],\"url\":\"https:\\\/\\\/msconectado.com.br\\\/?author=1\"}]}<\/script>\n<!-- \/ Yoast SEO plugin. -->","yoast_head_json":{"title":"Ap\u00f3s dois mandatos, deputado Barbosinha se despede da Assembleia Legislativa - MsConectado","robots":{"index":"index","follow":"follow","max-snippet":"max-snippet:-1","max-image-preview":"max-image-preview:large","max-video-preview":"max-video-preview:-1"},"canonical":"https:\/\/msconectado.com.br\/?p=5505","og_locale":"pt_BR","og_type":"article","og_title":"Ap\u00f3s dois mandatos, deputado Barbosinha se despede da Assembleia Legislativa - MsConectado","og_description":"No segundo mandato como deputado estadual, Barbosinha (PP) usou a tribuna na sess\u00e3o desta quinta-feira (15) para se despedir dos servidores e dos parlamentares da Assembleia Legislativa. Em 1\u00ba janeiro de 2023, ele assume a fun\u00e7\u00e3o de vice-governador do Estado de Mato Grosso do Sul. \u201cEncerro minha miss\u00e3o nesta Casa de Leis e deixo minha [&hellip;]","og_url":"https:\/\/msconectado.com.br\/?p=5505","og_site_name":"MsConectado","article_published_time":"2023-01-06T18:03:46+00:00","article_modified_time":"2023-01-16T13:13:45+00:00","og_image":[{"width":740,"height":493,"url":"https:\/\/msconectado.com.br\/wp-content\/uploads\/2023\/01\/ee3ef526a9b8aee1cbfde595f72de240.jpg","type":"image\/jpeg"}],"author":"admin","twitter_card":"summary_large_image","twitter_misc":{"Escrito por":"admin","Est. tempo de leitura":"3 minutos"},"schema":{"@context":"https:\/\/schema.org","@graph":[{"@type":"Article","@id":"https:\/\/msconectado.com.br\/?p=5505#article","isPartOf":{"@id":"https:\/\/msconectado.com.br\/?p=5505"},"author":{"name":"admin","@id":"https:\/\/msconectado.com.br\/#\/schema\/person\/c31be951e281e06994775d63df9fbc5a"},"headline":"Ap\u00f3s dois mandatos, deputado Barbosinha se despede da Assembleia Legislativa","datePublished":"2023-01-06T18:03:46+00:00","dateModified":"2023-01-16T13:13:45+00:00","mainEntityOfPage":{"@id":"https:\/\/msconectado.com.br\/?p=5505"},"wordCount":686,"commentCount":0,"publisher":{"@id":"https:\/\/msconectado.com.br\/#organization"},"image":{"@id":"https:\/\/msconectado.com.br\/?p=5505#primaryimage"},"thumbnailUrl":"https:\/\/msconectado.com.br\/wp-content\/uploads\/2023\/01\/ee3ef526a9b8aee1cbfde595f72de240.jpg","articleSection":["Assembleia Legislativa","Pol\u00edtica"],"inLanguage":"pt-BR","potentialAction":[{"@type":"CommentAction","name":"Comment","target":["https:\/\/msconectado.com.br\/?p=5505#respond"]}]},{"@type":"WebPage","@id":"https:\/\/msconectado.com.br\/?p=5505","url":"https:\/\/msconectado.com.br\/?p=5505","name":"Ap\u00f3s dois mandatos, deputado Barbosinha se despede da Assembleia Legislativa - MsConectado","isPartOf":{"@id":"https:\/\/msconectado.com.br\/#website"},"primaryImageOfPage":{"@id":"https:\/\/msconectado.com.br\/?p=5505#primaryimage"},"image":{"@id":"https:\/\/msconectado.com.br\/?p=5505#primaryimage"},"thumbnailUrl":"https:\/\/msconectado.com.br\/wp-content\/uploads\/2023\/01\/ee3ef526a9b8aee1cbfde595f72de240.jpg","datePublished":"2023-01-06T18:03:46+00:00","dateModified":"2023-01-16T13:13:45+00:00","breadcrumb":{"@id":"https:\/\/msconectado.com.br\/?p=5505#breadcrumb"},"inLanguage":"pt-BR","potentialAction":[{"@type":"ReadAction","target":["https:\/\/msconectado.com.br\/?p=5505"]}]},{"@type":"ImageObject","inLanguage":"pt-BR","@id":"https:\/\/msconectado.com.br\/?p=5505#primaryimage","url":"https:\/\/msconectado.com.br\/wp-content\/uploads\/2023\/01\/ee3ef526a9b8aee1cbfde595f72de240.jpg","contentUrl":"https:\/\/msconectado.com.br\/wp-content\/uploads\/2023\/01\/ee3ef526a9b8aee1cbfde595f72de240.jpg","width":740,"height":493},{"@type":"BreadcrumbList","@id":"https:\/\/msconectado.com.br\/?p=5505#breadcrumb","itemListElement":[{"@type":"ListItem","position":1,"name":"In\u00edcio","item":"https:\/\/msconectado.com.br\/?page_id=105"},{"@type":"ListItem","position":2,"name":"Ap\u00f3s dois mandatos, deputado Barbosinha se despede da Assembleia Legislativa"}]},{"@type":"WebSite","@id":"https:\/\/msconectado.com.br\/#website","url":"https:\/\/msconectado.com.br\/","name":"MsConectado","description":"Voc\u00ea Conectado com a Not\u00edcia!","publisher":{"@id":"https:\/\/msconectado.com.br\/#organization"},"potentialAction":[{"@type":"SearchAction","target":{"@type":"EntryPoint","urlTemplate":"https:\/\/msconectado.com.br\/?s={search_term_string}"},"query-input":{"@type":"PropertyValueSpecification","valueRequired":true,"valueName":"search_term_string"}}],"inLanguage":"pt-BR"},{"@type":"Organization","@id":"https:\/\/msconectado.com.br\/#organization","name":"MsConectado","url":"https:\/\/msconectado.com.br\/","logo":{"@type":"ImageObject","inLanguage":"pt-BR","@id":"https:\/\/msconectado.com.br\/#\/schema\/logo\/image\/","url":"https:\/\/msconectado.com.br\/wp-content\/uploads\/2023\/01\/cropped-noticia-2.png","contentUrl":"https:\/\/msconectado.com.br\/wp-content\/uploads\/2023\/01\/cropped-noticia-2.png","width":720,"height":157,"caption":"MsConectado"},"image":{"@id":"https:\/\/msconectado.com.br\/#\/schema\/logo\/image\/"}},{"@type":"Person","@id":"https:\/\/msconectado.com.br\/#\/schema\/person\/c31be951e281e06994775d63df9fbc5a","name":"admin","image":{"@type":"ImageObject","inLanguage":"pt-BR","@id":"https:\/\/secure.gravatar.com\/avatar\/dbff33190f980c4231620eb1d5bd57285f8eed74e0b0392297107ff3bacc135d?s=96&d=mm&r=g","url":"https:\/\/secure.gravatar.com\/avatar\/dbff33190f980c4231620eb1d5bd57285f8eed74e0b0392297107ff3bacc135d?s=96&d=mm&r=g","contentUrl":"https:\/\/secure.gravatar.com\/avatar\/dbff33190f980c4231620eb1d5bd57285f8eed74e0b0392297107ff3bacc135d?s=96&d=mm&r=g","caption":"admin"},"sameAs":["https:\/\/teste.msconectado.com.br"],"url":"https:\/\/msconectado.com.br\/?author=1"}]}},"_links":{"self":[{"href":"https:\/\/msconectado.com.br\/index.php?rest_route=\/wp\/v2\/posts\/5505","targetHints":{"allow":["GET"]}}],"collection":[{"href":"https:\/\/msconectado.com.br\/index.php?rest_route=\/wp\/v2\/posts"}],"about":[{"href":"https:\/\/msconectado.com.br\/index.php?rest_route=\/wp\/v2\/types\/post"}],"author":[{"embeddable":true,"href":"https:\/\/msconectado.com.br\/index.php?rest_route=\/wp\/v2\/users\/1"}],"replies":[{"embeddable":true,"href":"https:\/\/msconectado.com.br\/index.php?rest_route=%2Fwp%2Fv2%2Fcomments&post=5505"}],"version-history":[{"count":2,"href":"https:\/\/msconectado.com.br\/index.php?rest_route=\/wp\/v2\/posts\/5505\/revisions"}],"predecessor-version":[{"id":16838,"href":"https:\/\/msconectado.com.br\/index.php?rest_route=\/wp\/v2\/posts\/5505\/revisions\/16838"}],"wp:featuredmedia":[{"embeddable":true,"href":"https:\/\/msconectado.com.br\/index.php?rest_route=\/wp\/v2\/media\/16836"}],"wp:attachment":[{"href":"https:\/\/msconectado.com.br\/index.php?rest_route=%2Fwp%2Fv2%2Fmedia&parent=5505"}],"wp:term":[{"taxonomy":"category","embeddable":true,"href":"https:\/\/msconectado.com.br\/index.php?rest_route=%2Fwp%2Fv2%2Fcategories&post=5505"},{"taxonomy":"post_tag","embeddable":true,"href":"https:\/\/msconectado.com.br\/index.php?rest_route=%2Fwp%2Fv2%2Ftags&post=5505"}],"curies":[{"name":"wp","href":"https:\/\/api.w.org\/{rel}","templated":true}]}}