{"id":5519,"date":"2023-01-06T18:03:56","date_gmt":"2023-01-06T18:03:56","guid":{"rendered":"https:\/\/teste.msconectado.com.br\/?p=5519"},"modified":"2023-01-16T13:13:10","modified_gmt":"2023-01-16T13:13:10","slug":"atendendo-pedido-do-vereador-pc-deputado-paulo-correa-solicitou-reforma-para-predio-do-detran-em-rio-brilhante","status":"publish","type":"post","link":"https:\/\/msconectado.com.br\/?p=5519","title":{"rendered":"Atendendo pedido do vereador PC, deputado Paulo Corr\u00eaa solicitou reforma para pr\u00e9dio do Detran em Rio Brilhante."},"content":{"rendered":"<h4 style=\"line-height: 22.5pt; background: white;\"><span style=\"font-family: Poppins; color: #212529;\">Engenheiro civil, o deputado estadual Paulo Corr\u00eaa (PSDB) sabe bem que uma boa infraestrutura faz toda a diferen\u00e7a para o conforto e bem-estar das pessoas. <\/span><\/h4>\n<h4 style=\"line-height: 22.5pt; background: white;\"><span style=\"font-family: Poppins; color: #212529;\">Pensando nisso, ele solicitou a reforma de mais um pr\u00e9dio p\u00fablico, na sess\u00e3o plen\u00e1ria no in\u00edcio de dezembro.<\/span><span style=\"font-family: Poppins; color: #212529;\">A indica\u00e7\u00e3o contempla a ag\u00eancia do Detran de Rio Brilhante e atende solicita\u00e7\u00e3o da vice-prefeita Juraci Aparecida de Souza&nbsp;e do vereador Paulo C\u00e9sar PC, que sempre vem buscando melhorias para o munic\u00edpio. <\/span><\/h4>\n<h4 style=\"line-height: 22.5pt; background: white;\"><span style=\"font-family: Poppins; color: #212529;\">O presidente da Assembleia Legislativa argumenta que desde que foi inaugurado, o pr\u00e9dio nunca passou por reformas. \u201cO planejamento \u00e9 de revitalizar o espa\u00e7o, em um lugar moderno, com estrutura f\u00edsica de qualidade\u201d, afirma.<\/span><\/h4>\n<h4 style=\"line-height: 22.5pt; background: white;\"><span style=\"font-family: Poppins; color: #212529;\">O parlamentar tamb\u00e9m conclui que a obra vai oferecer melhores condi\u00e7\u00f5es de trabalho aos servidores e proporcionar atendimento de qualidade ao cidad\u00e3o. O pedido foi endere\u00e7ado ao governador Reinaldo Azambuja e ao diretor-presidente do Detran, Rudel Trindade.<\/span><\/h4>\n<p>&nbsp;<\/p>\n<p><span style=\"font-family: Poppins; color: #212529;\"><img fetchpriority=\"high\" decoding=\"async\" src=\"https:\/\/i.imgur.com\/nw0GQhM.jpg\" alt=\"\" width=\"640\" height=\"427\"><\/span><\/p>\n<h4 style=\"line-height: 22.5pt; background: white; box-sizing: border-box; margin: 1rem; outline: 0px !important; font-variant-ligatures: normal; font-variant-caps: normal; orphans: 2; text-align: start; widows: 2; -webkit-text-stroke-width: 0px; text-decoration-thickness: initial; text-decoration-style: initial; text-decoration-color: initial; word-spacing: 0px;\">&nbsp;<\/h4>\n<h4 style=\"line-height: 22.5pt; background: white; box-sizing: border-box; margin: 1rem; outline: 0px !important; font-variant-ligatures: normal; font-variant-caps: normal; orphans: 2; text-align: start; widows: 2; -webkit-text-stroke-width: 0px; text-decoration-thickness: initial; text-decoration-style: initial; text-decoration-color: initial; word-spacing: 0px;\"><span style=\"font-family: Poppins; color: #212529;\">Assessoria<\/span><\/h4>\n<p>&nbsp;<\/p>\n<p><img decoding=\"async\" src=\"https:\/\/i.imgur.com\/R31xFca.jpg\" alt=\"\" width=\"640\" height=\"68\"><\/p>\n<p><img decoding=\"async\" src=\"https:\/\/i.imgur.com\/i7OXWMV.png\" alt=\"\" width=\"640\" height=\"71\"><\/p>\n<p><img loading=\"lazy\" decoding=\"async\" src=\"https:\/\/i.imgur.com\/MRhIHyG.png\" alt=\"\" width=\"640\" height=\"71\"><\/p>\n<h4><span class=\"text_exposed_show\">Acesse nossa p\u00e1gina no Facebook e fique por dentro dos destaques de Maracaju e regi\u00e3o.<br \/>\n<a class=\"profileLink\" href=\"https:\/\/www.facebook.com\/MsConectado\/?__tn__=K-R&amp;eid=ARAhfp4e5aWbNVoyptzGrm4obmySmRA_YR3QE4VTRX5QMShFsdcdIz5Iq0b_MWIy7I4QmNXz6k8IoNle&amp;fref=mentions&amp;__xts__%5B0%5D=68.ARAioa_i2DB8DORiDt4nCzBX7dvRVCRXhE8omKRc8oaCnvkbB62J-ntBfEZirzPivEkJx1lDCVwLAcPtZ0yMQNLkCNTlcJQPj0xK6BaGWaOsY1faLudkMNiJdevECtsRmxRf4pPywtr6Ph-QfFtADqGObU6JSKIHeG-MeeDX4kDKXlTFIUBRK4hO5nTzRrhcr3MX5cg5M1qoQKrs0FAyJEjbCy_O8F2Huq0AcJWiZlkD8u8XSf0QlsVlsI8LptFuIqgBS8GhVTw0O9tDGx11ebCRNoaUxQIYsP4qWoTURB3au7pBOcC3DfEQdk--ypqG-M2wCG5kVpCnL3qr9XO0E0f23b1xxxMz0V4PiQ\" data-hovercard=\"\/ajax\/hovercard\/page.php?id=415200058576733&amp;extragetparams=%7B%22__tn__%22%3A%22%2CdK-R-R%22%2C%22eid%22%3A%22ARAhfp4e5aWbNVoyptzGrm4obmySmRA_YR3QE4VTRX5QMShFsdcdIz5Iq0b_MWIy7I4QmNXz6k8IoNle%22%2C%22fref%22%3A%22mentions%22%7D\" data-hovercard-prefer-more-content-show=\"1\">https:\/\/www.facebook.com\/MsConectado\/<\/a><\/span><\/h4>\n<div class=\"text_exposed_show\">\n<h4><a class=\"_58cn\" href=\"https:\/\/www.facebook.com\/hashtag\/msconectado?source=feed_text&amp;epa=HASHTAG&amp;__xts__%5B0%5D=68.ARAioa_i2DB8DORiDt4nCzBX7dvRVCRXhE8omKRc8oaCnvkbB62J-ntBfEZirzPivEkJx1lDCVwLAcPtZ0yMQNLkCNTlcJQPj0xK6BaGWaOsY1faLudkMNiJdevECtsRmxRf4pPywtr6Ph-QfFtADqGObU6JSKIHeG-MeeDX4kDKXlTFIUBRK4hO5nTzRrhcr3MX5cg5M1qoQKrs0FAyJEjbCy_O8F2Huq0AcJWiZlkD8u8XSf0QlsVlsI8LptFuIqgBS8GhVTw0O9tDGx11ebCRNoaUxQIYsP4qWoTURB3au7pBOcC3DfEQdk--ypqG-M2wCG5kVpCnL3qr9XO0E0f23b1xxxMz0V4PiQ&amp;__tn__=%2ANK-R\" type=\"\" data-ft=\"{\"><span class=\"_5afx\"><span class=\"_58cl _5afz\" aria-label=\"hashtag\">#<\/span><span class=\"_58cm\">msconectado<\/span><\/span><\/a><br \/>\n<a class=\"_58cn\" href=\"https:\/\/www.facebook.com\/hashtag\/suamelhorcobertura?source=feed_text&amp;epa=HASHTAG&amp;__xts__%5B0%5D=68.ARAioa_i2DB8DORiDt4nCzBX7dvRVCRXhE8omKRc8oaCnvkbB62J-ntBfEZirzPivEkJx1lDCVwLAcPtZ0yMQNLkCNTlcJQPj0xK6BaGWaOsY1faLudkMNiJdevECtsRmxRf4pPywtr6Ph-QfFtADqGObU6JSKIHeG-MeeDX4kDKXlTFIUBRK4hO5nTzRrhcr3MX5cg5M1qoQKrs0FAyJEjbCy_O8F2Huq0AcJWiZlkD8u8XSf0QlsVlsI8LptFuIqgBS8GhVTw0O9tDGx11ebCRNoaUxQIYsP4qWoTURB3au7pBOcC3DfEQdk--ypqG-M2wCG5kVpCnL3qr9XO0E0f23b1xxxMz0V4PiQ&amp;__tn__=%2ANK-R\" type=\"\" data-ft=\"{\"><span class=\"_5afx\"><span class=\"_58cl _5afz\" aria-label=\"hashtag\">#<\/span><span class=\"_58cm\">suamelhorcobertura<\/span><\/span><\/a>&nbsp;<a class=\"_58cn\" href=\"https:\/\/www.facebook.com\/hashtag\/not%C3%ADcia?source=feed_text&amp;epa=HASHTAG&amp;__xts__%5B0%5D=68.ARAioa_i2DB8DORiDt4nCzBX7dvRVCRXhE8omKRc8oaCnvkbB62J-ntBfEZirzPivEkJx1lDCVwLAcPtZ0yMQNLkCNTlcJQPj0xK6BaGWaOsY1faLudkMNiJdevECtsRmxRf4pPywtr6Ph-QfFtADqGObU6JSKIHeG-MeeDX4kDKXlTFIUBRK4hO5nTzRrhcr3MX5cg5M1qoQKrs0FAyJEjbCy_O8F2Huq0AcJWiZlkD8u8XSf0QlsVlsI8LptFuIqgBS8GhVTw0O9tDGx11ebCRNoaUxQIYsP4qWoTURB3au7pBOcC3DfEQdk--ypqG-M2wCG5kVpCnL3qr9XO0E0f23b1xxxMz0V4PiQ&amp;__tn__=%2ANK-R\" type=\"\" data-ft=\"{\"><span class=\"_5afx\"><span class=\"_58cl _5afz\" aria-label=\"hashtag\">#<\/span><span class=\"_58cm\">not\u00edcia<\/span><\/span><\/a>&nbsp;<a class=\"_58cn\" href=\"https:\/\/www.facebook.com\/hashtag\/credibilidade?source=feed_text&amp;epa=HASHTAG&amp;__xts__%5B0%5D=68.ARAioa_i2DB8DORiDt4nCzBX7dvRVCRXhE8omKRc8oaCnvkbB62J-ntBfEZirzPivEkJx1lDCVwLAcPtZ0yMQNLkCNTlcJQPj0xK6BaGWaOsY1faLudkMNiJdevECtsRmxRf4pPywtr6Ph-QfFtADqGObU6JSKIHeG-MeeDX4kDKXlTFIUBRK4hO5nTzRrhcr3MX5cg5M1qoQKrs0FAyJEjbCy_O8F2Huq0AcJWiZlkD8u8XSf0QlsVlsI8LptFuIqgBS8GhVTw0O9tDGx11ebCRNoaUxQIYsP4qWoTURB3au7pBOcC3DfEQdk--ypqG-M2wCG5kVpCnL3qr9XO0E0f23b1xxxMz0V4PiQ&amp;__tn__=%2ANK-R\" type=\"\" data-ft=\"{\"><span class=\"_5afx\"><span class=\"_58cl _5afz\" aria-label=\"hashtag\">#<\/span><span class=\"_58cm\">credibilidade<\/span><\/span><\/a>&nbsp;<a class=\"_58cn\" href=\"https:\/\/www.facebook.com\/hashtag\/jornalismo?source=feed_text&amp;epa=HASHTAG&amp;__xts__%5B0%5D=68.ARAioa_i2DB8DORiDt4nCzBX7dvRVCRXhE8omKRc8oaCnvkbB62J-ntBfEZirzPivEkJx1lDCVwLAcPtZ0yMQNLkCNTlcJQPj0xK6BaGWaOsY1faLudkMNiJdevECtsRmxRf4pPywtr6Ph-QfFtADqGObU6JSKIHeG-MeeDX4kDKXlTFIUBRK4hO5nTzRrhcr3MX5cg5M1qoQKrs0FAyJEjbCy_O8F2Huq0AcJWiZlkD8u8XSf0QlsVlsI8LptFuIqgBS8GhVTw0O9tDGx11ebCRNoaUxQIYsP4qWoTURB3au7pBOcC3DfEQdk--ypqG-M2wCG5kVpCnL3qr9XO0E0f23b1xxxMz0V4PiQ&amp;__tn__=%2ANK-R\" type=\"\" data-ft=\"{\"><span class=\"_5afx\"><span class=\"_58cl _5afz\" aria-label=\"hashtag\">#<\/span><span class=\"_58cm\">jornalismo<\/span><\/span><\/a><\/h4>\n<\/div>\n","protected":false},"excerpt":{"rendered":"<p>Engenheiro civil, o deputado estadual Paulo Corr\u00eaa (PSDB) sabe bem que uma boa infraestrutura faz toda a diferen\u00e7a para o conforto e bem-estar das pessoas. Pensando nisso, ele solicitou a reforma de mais um pr\u00e9dio p\u00fablico, na sess\u00e3o plen\u00e1ria no in\u00edcio de dezembro.A indica\u00e7\u00e3o contempla a ag\u00eancia do Detran de Rio Brilhante e atende solicita\u00e7\u00e3o [&hellip;]<\/p>\n","protected":false},"author":2,"featured_media":16886,"comment_status":"open","ping_status":"closed","sticky":false,"template":"","format":"standard","meta":{"footnotes":""},"categories":[38,33],"tags":[],"class_list":["post-5519","post","type-post","status-publish","format-standard","has-post-thumbnail","hentry","category-assembleia-legislativa","category-politica"],"yoast_head":"<!-- This site is optimized with the Yoast SEO plugin v27.5 - https:\/\/yoast.com\/product\/yoast-seo-wordpress\/ -->\n<title>Atendendo pedido do vereador PC, deputado Paulo Corr\u00eaa solicitou reforma para pr\u00e9dio do Detran em Rio Brilhante. - MsConectado<\/title>\n<meta name=\"robots\" content=\"index, follow, max-snippet:-1, max-image-preview:large, max-video-preview:-1\" \/>\n<link rel=\"canonical\" href=\"https:\/\/msconectado.com.br\/?p=5519\" \/>\n<meta property=\"og:locale\" content=\"pt_BR\" \/>\n<meta property=\"og:type\" content=\"article\" \/>\n<meta property=\"og:title\" content=\"Atendendo pedido do vereador PC, deputado Paulo Corr\u00eaa solicitou reforma para pr\u00e9dio do Detran em Rio Brilhante. - MsConectado\" \/>\n<meta property=\"og:description\" content=\"Engenheiro civil, o deputado estadual Paulo Corr\u00eaa (PSDB) sabe bem que uma boa infraestrutura faz toda a diferen\u00e7a para o conforto e bem-estar das pessoas. Pensando nisso, ele solicitou a reforma de mais um pr\u00e9dio p\u00fablico, na sess\u00e3o plen\u00e1ria no in\u00edcio de dezembro.A indica\u00e7\u00e3o contempla a ag\u00eancia do Detran de Rio Brilhante e atende solicita\u00e7\u00e3o [&hellip;]\" \/>\n<meta property=\"og:url\" content=\"https:\/\/msconectado.com.br\/?p=5519\" \/>\n<meta property=\"og:site_name\" content=\"MsConectado\" \/>\n<meta property=\"article:published_time\" content=\"2023-01-06T18:03:56+00:00\" \/>\n<meta property=\"article:modified_time\" content=\"2023-01-16T13:13:10+00:00\" \/>\n<meta property=\"og:image\" content=\"https:\/\/msconectado.com.br\/wp-content\/uploads\/2023\/01\/6264f66689c36a1657a4694f8cc53448.jpg\" \/>\n\t<meta property=\"og:image:width\" content=\"1600\" \/>\n\t<meta property=\"og:image:height\" content=\"1068\" \/>\n\t<meta property=\"og:image:type\" content=\"image\/jpeg\" \/>\n<meta name=\"author\" content=\"MsConectado\" \/>\n<meta name=\"twitter:card\" content=\"summary_large_image\" \/>\n<meta name=\"twitter:label1\" content=\"Escrito por\" \/>\n\t<meta name=\"twitter:data1\" content=\"MsConectado\" \/>\n\t<meta name=\"twitter:label2\" content=\"Est. tempo de leitura\" \/>\n\t<meta name=\"twitter:data2\" content=\"1 minuto\" \/>\n<script type=\"application\/ld+json\" class=\"yoast-schema-graph\">{\"@context\":\"https:\\\/\\\/schema.org\",\"@graph\":[{\"@type\":\"Article\",\"@id\":\"https:\\\/\\\/msconectado.com.br\\\/?p=5519#article\",\"isPartOf\":{\"@id\":\"https:\\\/\\\/msconectado.com.br\\\/?p=5519\"},\"author\":{\"name\":\"MsConectado\",\"@id\":\"https:\\\/\\\/msconectado.com.br\\\/#\\\/schema\\\/person\\\/e5585545b5687092f1041d350b6e2c16\"},\"headline\":\"Atendendo pedido do vereador PC, deputado Paulo Corr\u00eaa solicitou reforma para pr\u00e9dio do Detran em Rio Brilhante.\",\"datePublished\":\"2023-01-06T18:03:56+00:00\",\"dateModified\":\"2023-01-16T13:13:10+00:00\",\"mainEntityOfPage\":{\"@id\":\"https:\\\/\\\/msconectado.com.br\\\/?p=5519\"},\"wordCount\":220,\"commentCount\":0,\"publisher\":{\"@id\":\"https:\\\/\\\/msconectado.com.br\\\/#organization\"},\"image\":{\"@id\":\"https:\\\/\\\/msconectado.com.br\\\/?p=5519#primaryimage\"},\"thumbnailUrl\":\"https:\\\/\\\/msconectado.com.br\\\/wp-content\\\/uploads\\\/2023\\\/01\\\/6264f66689c36a1657a4694f8cc53448.jpg\",\"articleSection\":[\"Assembleia Legislativa\",\"Pol\u00edtica\"],\"inLanguage\":\"pt-BR\",\"potentialAction\":[{\"@type\":\"CommentAction\",\"name\":\"Comment\",\"target\":[\"https:\\\/\\\/msconectado.com.br\\\/?p=5519#respond\"]}]},{\"@type\":\"WebPage\",\"@id\":\"https:\\\/\\\/msconectado.com.br\\\/?p=5519\",\"url\":\"https:\\\/\\\/msconectado.com.br\\\/?p=5519\",\"name\":\"Atendendo pedido do vereador PC, deputado Paulo Corr\u00eaa solicitou reforma para pr\u00e9dio do Detran em Rio Brilhante. - MsConectado\",\"isPartOf\":{\"@id\":\"https:\\\/\\\/msconectado.com.br\\\/#website\"},\"primaryImageOfPage\":{\"@id\":\"https:\\\/\\\/msconectado.com.br\\\/?p=5519#primaryimage\"},\"image\":{\"@id\":\"https:\\\/\\\/msconectado.com.br\\\/?p=5519#primaryimage\"},\"thumbnailUrl\":\"https:\\\/\\\/msconectado.com.br\\\/wp-content\\\/uploads\\\/2023\\\/01\\\/6264f66689c36a1657a4694f8cc53448.jpg\",\"datePublished\":\"2023-01-06T18:03:56+00:00\",\"dateModified\":\"2023-01-16T13:13:10+00:00\",\"breadcrumb\":{\"@id\":\"https:\\\/\\\/msconectado.com.br\\\/?p=5519#breadcrumb\"},\"inLanguage\":\"pt-BR\",\"potentialAction\":[{\"@type\":\"ReadAction\",\"target\":[\"https:\\\/\\\/msconectado.com.br\\\/?p=5519\"]}]},{\"@type\":\"ImageObject\",\"inLanguage\":\"pt-BR\",\"@id\":\"https:\\\/\\\/msconectado.com.br\\\/?p=5519#primaryimage\",\"url\":\"https:\\\/\\\/msconectado.com.br\\\/wp-content\\\/uploads\\\/2023\\\/01\\\/6264f66689c36a1657a4694f8cc53448.jpg\",\"contentUrl\":\"https:\\\/\\\/msconectado.com.br\\\/wp-content\\\/uploads\\\/2023\\\/01\\\/6264f66689c36a1657a4694f8cc53448.jpg\",\"width\":1600,\"height\":1068},{\"@type\":\"BreadcrumbList\",\"@id\":\"https:\\\/\\\/msconectado.com.br\\\/?p=5519#breadcrumb\",\"itemListElement\":[{\"@type\":\"ListItem\",\"position\":1,\"name\":\"In\u00edcio\",\"item\":\"https:\\\/\\\/msconectado.com.br\\\/?page_id=105\"},{\"@type\":\"ListItem\",\"position\":2,\"name\":\"Atendendo pedido do vereador PC, deputado Paulo Corr\u00eaa solicitou reforma para pr\u00e9dio do Detran em Rio Brilhante.\"}]},{\"@type\":\"WebSite\",\"@id\":\"https:\\\/\\\/msconectado.com.br\\\/#website\",\"url\":\"https:\\\/\\\/msconectado.com.br\\\/\",\"name\":\"MsConectado\",\"description\":\"Voc\u00ea Conectado com a Not\u00edcia!\",\"publisher\":{\"@id\":\"https:\\\/\\\/msconectado.com.br\\\/#organization\"},\"potentialAction\":[{\"@type\":\"SearchAction\",\"target\":{\"@type\":\"EntryPoint\",\"urlTemplate\":\"https:\\\/\\\/msconectado.com.br\\\/?s={search_term_string}\"},\"query-input\":{\"@type\":\"PropertyValueSpecification\",\"valueRequired\":true,\"valueName\":\"search_term_string\"}}],\"inLanguage\":\"pt-BR\"},{\"@type\":\"Organization\",\"@id\":\"https:\\\/\\\/msconectado.com.br\\\/#organization\",\"name\":\"MsConectado\",\"url\":\"https:\\\/\\\/msconectado.com.br\\\/\",\"logo\":{\"@type\":\"ImageObject\",\"inLanguage\":\"pt-BR\",\"@id\":\"https:\\\/\\\/msconectado.com.br\\\/#\\\/schema\\\/logo\\\/image\\\/\",\"url\":\"https:\\\/\\\/msconectado.com.br\\\/wp-content\\\/uploads\\\/2023\\\/01\\\/cropped-noticia-2.png\",\"contentUrl\":\"https:\\\/\\\/msconectado.com.br\\\/wp-content\\\/uploads\\\/2023\\\/01\\\/cropped-noticia-2.png\",\"width\":720,\"height\":157,\"caption\":\"MsConectado\"},\"image\":{\"@id\":\"https:\\\/\\\/msconectado.com.br\\\/#\\\/schema\\\/logo\\\/image\\\/\"}},{\"@type\":\"Person\",\"@id\":\"https:\\\/\\\/msconectado.com.br\\\/#\\\/schema\\\/person\\\/e5585545b5687092f1041d350b6e2c16\",\"name\":\"MsConectado\",\"image\":{\"@type\":\"ImageObject\",\"inLanguage\":\"pt-BR\",\"@id\":\"https:\\\/\\\/secure.gravatar.com\\\/avatar\\\/3b4f84a0a8a4380ac4431fa79981d073692380c5da00ae97596e794ab0db5c8c?s=96&d=mm&r=g\",\"url\":\"https:\\\/\\\/secure.gravatar.com\\\/avatar\\\/3b4f84a0a8a4380ac4431fa79981d073692380c5da00ae97596e794ab0db5c8c?s=96&d=mm&r=g\",\"contentUrl\":\"https:\\\/\\\/secure.gravatar.com\\\/avatar\\\/3b4f84a0a8a4380ac4431fa79981d073692380c5da00ae97596e794ab0db5c8c?s=96&d=mm&r=g\",\"caption\":\"MsConectado\"},\"url\":\"https:\\\/\\\/msconectado.com.br\\\/?author=2\"}]}<\/script>\n<!-- \/ Yoast SEO plugin. -->","yoast_head_json":{"title":"Atendendo pedido do vereador PC, deputado Paulo Corr\u00eaa solicitou reforma para pr\u00e9dio do Detran em Rio Brilhante. - MsConectado","robots":{"index":"index","follow":"follow","max-snippet":"max-snippet:-1","max-image-preview":"max-image-preview:large","max-video-preview":"max-video-preview:-1"},"canonical":"https:\/\/msconectado.com.br\/?p=5519","og_locale":"pt_BR","og_type":"article","og_title":"Atendendo pedido do vereador PC, deputado Paulo Corr\u00eaa solicitou reforma para pr\u00e9dio do Detran em Rio Brilhante. - MsConectado","og_description":"Engenheiro civil, o deputado estadual Paulo Corr\u00eaa (PSDB) sabe bem que uma boa infraestrutura faz toda a diferen\u00e7a para o conforto e bem-estar das pessoas. Pensando nisso, ele solicitou a reforma de mais um pr\u00e9dio p\u00fablico, na sess\u00e3o plen\u00e1ria no in\u00edcio de dezembro.A indica\u00e7\u00e3o contempla a ag\u00eancia do Detran de Rio Brilhante e atende solicita\u00e7\u00e3o [&hellip;]","og_url":"https:\/\/msconectado.com.br\/?p=5519","og_site_name":"MsConectado","article_published_time":"2023-01-06T18:03:56+00:00","article_modified_time":"2023-01-16T13:13:10+00:00","og_image":[{"width":1600,"height":1068,"url":"https:\/\/msconectado.com.br\/wp-content\/uploads\/2023\/01\/6264f66689c36a1657a4694f8cc53448.jpg","type":"image\/jpeg"}],"author":"MsConectado","twitter_card":"summary_large_image","twitter_misc":{"Escrito por":"MsConectado","Est. tempo de leitura":"1 minuto"},"schema":{"@context":"https:\/\/schema.org","@graph":[{"@type":"Article","@id":"https:\/\/msconectado.com.br\/?p=5519#article","isPartOf":{"@id":"https:\/\/msconectado.com.br\/?p=5519"},"author":{"name":"MsConectado","@id":"https:\/\/msconectado.com.br\/#\/schema\/person\/e5585545b5687092f1041d350b6e2c16"},"headline":"Atendendo pedido do vereador PC, deputado Paulo Corr\u00eaa solicitou reforma para pr\u00e9dio do Detran em Rio Brilhante.","datePublished":"2023-01-06T18:03:56+00:00","dateModified":"2023-01-16T13:13:10+00:00","mainEntityOfPage":{"@id":"https:\/\/msconectado.com.br\/?p=5519"},"wordCount":220,"commentCount":0,"publisher":{"@id":"https:\/\/msconectado.com.br\/#organization"},"image":{"@id":"https:\/\/msconectado.com.br\/?p=5519#primaryimage"},"thumbnailUrl":"https:\/\/msconectado.com.br\/wp-content\/uploads\/2023\/01\/6264f66689c36a1657a4694f8cc53448.jpg","articleSection":["Assembleia Legislativa","Pol\u00edtica"],"inLanguage":"pt-BR","potentialAction":[{"@type":"CommentAction","name":"Comment","target":["https:\/\/msconectado.com.br\/?p=5519#respond"]}]},{"@type":"WebPage","@id":"https:\/\/msconectado.com.br\/?p=5519","url":"https:\/\/msconectado.com.br\/?p=5519","name":"Atendendo pedido do vereador PC, deputado Paulo Corr\u00eaa solicitou reforma para pr\u00e9dio do Detran em Rio Brilhante. - MsConectado","isPartOf":{"@id":"https:\/\/msconectado.com.br\/#website"},"primaryImageOfPage":{"@id":"https:\/\/msconectado.com.br\/?p=5519#primaryimage"},"image":{"@id":"https:\/\/msconectado.com.br\/?p=5519#primaryimage"},"thumbnailUrl":"https:\/\/msconectado.com.br\/wp-content\/uploads\/2023\/01\/6264f66689c36a1657a4694f8cc53448.jpg","datePublished":"2023-01-06T18:03:56+00:00","dateModified":"2023-01-16T13:13:10+00:00","breadcrumb":{"@id":"https:\/\/msconectado.com.br\/?p=5519#breadcrumb"},"inLanguage":"pt-BR","potentialAction":[{"@type":"ReadAction","target":["https:\/\/msconectado.com.br\/?p=5519"]}]},{"@type":"ImageObject","inLanguage":"pt-BR","@id":"https:\/\/msconectado.com.br\/?p=5519#primaryimage","url":"https:\/\/msconectado.com.br\/wp-content\/uploads\/2023\/01\/6264f66689c36a1657a4694f8cc53448.jpg","contentUrl":"https:\/\/msconectado.com.br\/wp-content\/uploads\/2023\/01\/6264f66689c36a1657a4694f8cc53448.jpg","width":1600,"height":1068},{"@type":"BreadcrumbList","@id":"https:\/\/msconectado.com.br\/?p=5519#breadcrumb","itemListElement":[{"@type":"ListItem","position":1,"name":"In\u00edcio","item":"https:\/\/msconectado.com.br\/?page_id=105"},{"@type":"ListItem","position":2,"name":"Atendendo pedido do vereador PC, deputado Paulo Corr\u00eaa solicitou reforma para pr\u00e9dio do Detran em Rio Brilhante."}]},{"@type":"WebSite","@id":"https:\/\/msconectado.com.br\/#website","url":"https:\/\/msconectado.com.br\/","name":"MsConectado","description":"Voc\u00ea Conectado com a Not\u00edcia!","publisher":{"@id":"https:\/\/msconectado.com.br\/#organization"},"potentialAction":[{"@type":"SearchAction","target":{"@type":"EntryPoint","urlTemplate":"https:\/\/msconectado.com.br\/?s={search_term_string}"},"query-input":{"@type":"PropertyValueSpecification","valueRequired":true,"valueName":"search_term_string"}}],"inLanguage":"pt-BR"},{"@type":"Organization","@id":"https:\/\/msconectado.com.br\/#organization","name":"MsConectado","url":"https:\/\/msconectado.com.br\/","logo":{"@type":"ImageObject","inLanguage":"pt-BR","@id":"https:\/\/msconectado.com.br\/#\/schema\/logo\/image\/","url":"https:\/\/msconectado.com.br\/wp-content\/uploads\/2023\/01\/cropped-noticia-2.png","contentUrl":"https:\/\/msconectado.com.br\/wp-content\/uploads\/2023\/01\/cropped-noticia-2.png","width":720,"height":157,"caption":"MsConectado"},"image":{"@id":"https:\/\/msconectado.com.br\/#\/schema\/logo\/image\/"}},{"@type":"Person","@id":"https:\/\/msconectado.com.br\/#\/schema\/person\/e5585545b5687092f1041d350b6e2c16","name":"MsConectado","image":{"@type":"ImageObject","inLanguage":"pt-BR","@id":"https:\/\/secure.gravatar.com\/avatar\/3b4f84a0a8a4380ac4431fa79981d073692380c5da00ae97596e794ab0db5c8c?s=96&d=mm&r=g","url":"https:\/\/secure.gravatar.com\/avatar\/3b4f84a0a8a4380ac4431fa79981d073692380c5da00ae97596e794ab0db5c8c?s=96&d=mm&r=g","contentUrl":"https:\/\/secure.gravatar.com\/avatar\/3b4f84a0a8a4380ac4431fa79981d073692380c5da00ae97596e794ab0db5c8c?s=96&d=mm&r=g","caption":"MsConectado"},"url":"https:\/\/msconectado.com.br\/?author=2"}]}},"_links":{"self":[{"href":"https:\/\/msconectado.com.br\/index.php?rest_route=\/wp\/v2\/posts\/5519","targetHints":{"allow":["GET"]}}],"collection":[{"href":"https:\/\/msconectado.com.br\/index.php?rest_route=\/wp\/v2\/posts"}],"about":[{"href":"https:\/\/msconectado.com.br\/index.php?rest_route=\/wp\/v2\/types\/post"}],"author":[{"embeddable":true,"href":"https:\/\/msconectado.com.br\/index.php?rest_route=\/wp\/v2\/users\/2"}],"replies":[{"embeddable":true,"href":"https:\/\/msconectado.com.br\/index.php?rest_route=%2Fwp%2Fv2%2Fcomments&post=5519"}],"version-history":[{"count":2,"href":"https:\/\/msconectado.com.br\/index.php?rest_route=\/wp\/v2\/posts\/5519\/revisions"}],"predecessor-version":[{"id":16887,"href":"https:\/\/msconectado.com.br\/index.php?rest_route=\/wp\/v2\/posts\/5519\/revisions\/16887"}],"wp:featuredmedia":[{"embeddable":true,"href":"https:\/\/msconectado.com.br\/index.php?rest_route=\/wp\/v2\/media\/16886"}],"wp:attachment":[{"href":"https:\/\/msconectado.com.br\/index.php?rest_route=%2Fwp%2Fv2%2Fmedia&parent=5519"}],"wp:term":[{"taxonomy":"category","embeddable":true,"href":"https:\/\/msconectado.com.br\/index.php?rest_route=%2Fwp%2Fv2%2Fcategories&post=5519"},{"taxonomy":"post_tag","embeddable":true,"href":"https:\/\/msconectado.com.br\/index.php?rest_route=%2Fwp%2Fv2%2Ftags&post=5519"}],"curies":[{"name":"wp","href":"https:\/\/api.w.org\/{rel}","templated":true}]}}