{"id":5526,"date":"2023-01-06T18:04:02","date_gmt":"2023-01-06T18:04:02","guid":{"rendered":"https:\/\/teste.msconectado.com.br\/?p=5526"},"modified":"2023-01-16T13:12:45","modified_gmt":"2023-01-16T13:12:45","slug":"deputados-estaduais-da-12a-legislatura-sao-diplomados-pelo-tre-ms","status":"publish","type":"post","link":"https:\/\/msconectado.com.br\/?p=5526","title":{"rendered":"Deputados estaduais da 12\u00aa Legislatura s\u00e3o diplomados pelo TRE\/MS"},"content":{"rendered":"<h4>As duas deputadas estaduais e os 22 deputados estaduais eleitos para a 12\u00aa Legislatura da Assembleia Legislativa de Mato Grosso do Sul (ALEMS) foram diplomados na noite desta sexta-feira (19), durante&nbsp;solenidade realizada pelo Tribunal Regional Eleitoral de MS (TRE\/MS), no Ondara Palace, em Campo Grande. Durante o evento, os parlamentares deram a mensagem de que avan\u00e7ar\u00e3o no desenvolvimento de Mato Grosso do Sul e no fortalecimento da democracia.<\/h4>\n<h4>Al\u00e9m dos integrantes do Parlamento Estadual, receberam tamb\u00e9m o diploma eleitoral o governador, o vice-governador, a senadora e os deputados federais eleitos. A diploma\u00e7\u00e3o \u00e9 o ato pelo qual a justi\u00e7a eleitoral atesta quem s\u00e3o, efetivamente, os eleitos e os suplentes e que est\u00e3o aptos a assumirem os respectivos cargos. Com a entrega do diploma devidamente assinado, eles possuem legitimidade para representar a popula\u00e7\u00e3o da circunscri\u00e7\u00e3o eleitoral pela qual se elegeram.&nbsp;<\/h4>\n<h4>&#8220;O sentimento \u00e9 de gratid\u00e3o ao povo de Mato Grosso do Sul, que me elegeu para o oitavo mandato. \u00c9 um dia de festa, junto com o Governo, os deputados da 11\u00aa Legislatura celebram o progresso realizado nos \u00faltimos oito anos. A Assembleia Legislativa n\u00e3o vai faltar tamb\u00e9m na 12\u00aa Legislatura. Os parlamentares est\u00e3o e continuaremos vigilantes para que o Estado avance ainda mais no desenvolvimento e no fortalecimento da democracia&#8221;, ressaltou o presidente da ALEMS, deputado Paulo Corr\u00eaa (PSDB).&nbsp;&nbsp;&nbsp;&nbsp;&nbsp;&nbsp;&nbsp;<\/h4>\n<h4>Mara Caseiro (PSDB)&nbsp;falou em nome dos deputados estaduais. &#8220;Quero ressaltar, antes de tudo, a ess\u00eancia da nossa miss\u00e3o, a representatividade popular. N\u00f3s, deputados, somos agentes pol\u00edticos singulares, mas estamos aqui, em nome da sociedade sul-mato-grossense, que \u00e9 plural, diversa e ampla. Acima de nossas individualidades, vem o interesse p\u00fablico. Estamos aqui em nome de quase tr\u00eas milh\u00f5es de moradores do nosso Estado, em nome de causas e de valores que nos unificam para al\u00e9m das nossas diverg\u00eancias. Estamos aqui em nome do nosso amado Mato Grosso do Sul, cuja hist\u00f3ria precisamos honrar&#8221;, destacou. Ao fim do discurso, a deputada dedicou o diploma &#8220;a cada uma das mulheres que todos os dias precisam provar o seu valor na nossa sociedade, e, especialmente \u00e0quelas que perderam suas vidas pelo fato de serem mulheres e estarem em busca da pr\u00f3pria independ\u00eancia&#8221;.&nbsp;<\/h4>\n<h4>Segundo o governador eleito, Eduardo Riedel (PSDB), o di\u00e1logo com a Assembleia Legislativa ser\u00e1 permanente na gest\u00e3o estadual. &#8220;Junto com os deputados, vamos tirar do papel o que foi proposto para Mato Grosso do Sul em termos de projetos de desenvolvimento inclusivo e sustentabilidade. Vamos juntos construir um Estado moderno e digital. Acredito muito no poder e na for\u00e7a do convencimento do di\u00e1logo. Quando o projeto \u00e9 bom, transparente e impacta de maneira positiva, fazemos valer o argumento&#8221;, disse.&nbsp;<\/h4>\n<h4>O presidente do TRE\/MS, desembargador Paschoal Carmello, afirmou que&nbsp;Justi\u00e7a eleitoral celebra a conclus\u00e3o dos trabalhos eleitorais de 2022 e o apogeu da maior festa c\u00edvica do Brasil.&nbsp;&#8220;Reafirmamos o compromisso com o processo democr\u00e1tico e a sociedade. E muito al\u00e9m do que foi dito e feito, a regularidade e a lisura no sistema e dos procedimentos eleitorais de vota\u00e7\u00e3o foram experimentadas efetivamente por milh\u00f5es de pessoas. Todas as s\u00e9ries ordenadas de atos praticados pelo Poder Judici\u00e1rio Eleitoral culminaram numa das experi\u00eancias pol\u00edticas mais reais e importantes dos \u00faltimos tempos&#8221;, salientou.&nbsp;&nbsp;&nbsp;&nbsp;<\/h4>\n<h4>Das 24 cadeiras da Assembleia Legislativa de Mato Grosso do Sul (ALEMS), 17 ser\u00e3o ocupadas por deputados reeleitos e sete por estreantes ou que retornam ao Parlamento Estadual. Eles tomar\u00e3o posse em 1\u00ba de fevereiro de 2023, quando ter\u00e1 in\u00edcio a 12\u00aa Legislatura e ser\u00e1 eleita a Mesa Diretora para os dois primeiros anos de trabalho (<ins><a href=\"https:\/\/al.ms.gov.br\/Noticias\/131200\/posse-de-eleitos-em-ms-tera-transmissao-e-cobertura-da-comunicacao-da-alems\" target=\"_blank\" rel=\"noopener\">saiba mais clicando aqui<\/a><\/ins>).&nbsp;<\/h4>\n<h4>J\u00e1 no dia 2 de fevereiro, com cunho solene e festivo, ser\u00e3o abertos os trabalhos na Assembleia Legislativa pela nova Mesa Diretora, tamb\u00e9m como preconiza o Regimento Interno, marcando a instala\u00e7\u00e3o da 1\u00aa Sess\u00e3o Legislativa da nova Legislatura. Veja todos os detalhes dos ritos neste link.<\/h4>\n<h4>Confira abaixo um breve hist\u00f3rico sobre cada deputado, por ordem de n\u00famero de votos, conforme totaliza\u00e7\u00e3o divulgada pelo TRE\/MS:<\/h4>\n<h4><strong>Mara Caseiro<\/strong>&nbsp;reeleita com 49.512 votos. Formada em Odontologia pela Unoeste, foi vereadora e prefeita de Eldorado. Atuou como diretora-presidente da Funda\u00e7\u00e3o Estadual de Cultura e&nbsp; exercer\u00e1 o quarto mandato na Assembleia Legislativa.&nbsp;<\/h4>\n<h4><strong>Paulo Corr\u00eaa<\/strong>&nbsp;reeleito com 49.184 votos. Nasceu em Campo Grande no dia 24 de julho de 1957. Formado em Engenharia Civil, come\u00e7ou a carreira pol\u00edtica como secret\u00e1rio de Estado de Habita\u00e7\u00e3o e Desenvolvimento Urbano. Desde 1997, ocupa uma cadeira no Legislativo Estadual.<\/h4>\n<h4><strong>Zeca do PT<\/strong>&nbsp;(PT) eleito com 47.193 votos. Nasceu em 24 de fevereiro de 1950, em Porto Murtinho. Banc\u00e1rio, ele j\u00e1 foi deputado federal (2015-2019), deputado estadual (1990-1998), governador de Mato Grosso do Sul (1999-2006), vereador de Campo Grande (2013-2017).<\/h4>\n<h4><strong>Jamilson Name&nbsp;<\/strong>(PSDB) reeleito com 43.435 votos. Ele \u00e9 empres\u00e1rio e nasceu no munic\u00edpio de Sidrol\u00e2ndia, em 16 de setembro de 1980, vai ocupar pela segunda vez uma cadeira no Legislativo Estadual.&nbsp;<\/h4>\n<h4><strong>Z\u00e9 Teixeira&nbsp;<\/strong>(PSDB) reeleito com 39.329 votos. Pecuarista e representante da grande Dourados, \u00e9 natural do Estado da Bahia e est\u00e1 no Mato Grosso do Sul desde 1962. Assumir\u00e1 o oitavo mandato parlamentar.<\/h4>\n<h4><strong>Lidio Lopes&nbsp;<\/strong>(Patriota) reeleito com 32.412 votos. Advogado e funcion\u00e1rio de carreira do Tribunal de Contas do Estado (TCE-MS), ele nasceu no munic\u00edpio de Iguatemi, no dia 5 de agosto de 1966.&nbsp;<\/h4>\n<h4><strong>Caravina<\/strong>&nbsp;(PSDB) eleito com 31.952 votos. Nascido em Presidente Prudente, no dia 30 de junho de 1970, ele foi delegado da Pol\u00edcia Civil, prefeito de Bataguassu, presidente da Associa\u00e7\u00e3o dos Munic\u00edpios de Mato Grosso do Sul (Assomasul) e secret\u00e1rio-adjunto de Infraestrutura do Governo do Estado.<\/h4>\n<h4><strong>Coronel David<\/strong>&nbsp;(PL) reeleito com 31.480 votos. Militar reformado, ele j\u00e1 foi comandante-geral da Pol\u00edcia Militar, da Pol\u00edcia Militar Ambiental (PMA) e da Pol\u00edcia Rodovi\u00e1ria Estadual (PRE) e deputado estadual. Nasceu dia 27 de janeiro de 1965, em Campo Grande.<\/h4>\n<h4><strong>Pedro Kemp&nbsp;<\/strong>(PT) reeleito com 27.969 votos para o sexto mandato como deputado estadual. Nasceu em Presidente Prudente, interior de S\u00e3o Paulo, no dia 5 de Maio de 1962. Psic\u00f3logo, iniciou a carreira pol\u00edtica como vereador em Campo Grande no ano de 1996.<\/h4>\n<h4><strong>Lucas de Lima&nbsp;<\/strong>(PDT) reeleito com 26.575 votos. Natural de S\u00e3o Martinho do Oeste, interior de S\u00e3o Paulo, ele \u00e9 radialista e assume o segundo mandato no Parlamento Estadual.<\/h4>\n<h4><strong>Junior Mochi<\/strong>&nbsp;(MDB) eleito com 26.108 votos. Natural de It\u00e1polis (SP), ele \u00e9 advogado e presidente estadual do MDB. Foi prefeito de Coxim (1996-2004) e deputado estadual (2006-2014).<\/h4>\n<h4><strong>Jo\u00e3o Henrique<\/strong>&nbsp;(PL) reeleito com 25.914 votos para o segundo mandato na ALEMS. Advogado, ele nasceu em Campo Grande no dia 19 de abril de 1988.&nbsp;<\/h4>\n<h4><strong>Gerson Claro<\/strong>&nbsp;(PP) reeleito com 25.839 votos. Nasceu no munic\u00edpio de Itapor\u00e3 em 8 de novembro de 1967. Formado em Direito, foi diretor-presidente do Departamento Estadual de Tr\u00e2nsito de Mato Grosso do Sul (Detran\/MS) e segue para o segundo mandato.<\/h4>\n<h4><strong>Londres Machado<\/strong>&nbsp;(PP) reeleito com 25.691 votos. Nascido em 3 de fevereiro de 1942, no munic\u00edpio de Rio Brilhante, conquistou o 14\u00ba&nbsp; mandato como deputado estadual. Foi presidente do Parlamento Estadual e participou da Assembleia Constituinte em 1978.<\/h4>\n<h4><strong>Ant\u00f4nio Vaz<\/strong>&nbsp;(Republicanos) reeleito com 19.395 votos. Nasceu no dia 23 de setembro de 1964, em Sorocaba, interior paulista. J\u00e1 foi vereador em Itapevi, na grande S\u00e3o Paulo, e garantiu o segundo mandato de deputado estadual.&nbsp;&nbsp;&nbsp;&nbsp;<\/h4>\n<h4><strong>Rafael Tavares<\/strong>&nbsp;(PRTB) eleito com 18.224 votos. Com 37 anos, estreia sua vida p\u00fablica como deputado estadual. Nascido em Campo Grande \u00e9 empres\u00e1rio e fundador do Movimento Conservador EndireitaMS.&nbsp;<\/h4>\n<h4><strong>Renato C\u00e2mara<\/strong>&nbsp;(MDB) reeleito com 17.756 votos.&nbsp; Nascido em 7 de setembro de 1972, ele \u00e9 engenheiro agr\u00f4nomo. Foi prefeito de Ivinhema e renovou seu mandato parlamentar.&nbsp;<\/h4>\n<h4><strong>Amarildo Cruz<\/strong>&nbsp;(PT) reeleito com 17.249 votos. Fiscal tribut\u00e1rio estadual, ele j\u00e1 foi presidente da Ag\u00eancia Estadual de Habita\u00e7\u00e3o (Agehab), superintendente do Instituto Brasileiro do Meio Ambiente e dos Recursos Naturais Renov\u00e1veis em Mato Grosso do Sul (Ibama-MS).<\/h4>\n<h4><strong>Neno Razuk<\/strong>&nbsp;(PL) reeleito com 17.023 votos. Empres\u00e1rio, ele nasceu em Campo Grande, no dia 12 de outubro de 1978, e vai exercer o cargo na Assembleia Legislativa de Mato Grosso do Sul pela segunda vez.&nbsp;<\/h4>\n<h4><strong>Marcio Fernandes<\/strong>&nbsp;(MDB) reeleito com 16.111 votos. Ele \u00e9 de Umuarama, interior do Paran\u00e1, e nasceu no dia 15 de fevereiro de 1979. O m\u00e9dico veterin\u00e1rio vai cumprir o quinto mandato na Casa de Leis.<\/h4>\n<h4><strong>Pedrossian Neto<\/strong>&nbsp;(PSD) eleito com 15.994 votos. Formado em Ci\u00eancias Econ\u00f4micas, foi professor universit\u00e1rio, secret\u00e1rio-adjunto de Desenvolvimento Agr\u00e1rio, da Produ\u00e7\u00e3o, da Ind\u00fastria, do Com\u00e9rcio e do Turismo (Semagro) e secret\u00e1rio de Finan\u00e7as e Planejamento (Sefin).<\/h4>\n<h4><strong>Lia Nogueira<\/strong>&nbsp;(PSDB) eleita com 15.155 votos. Formada em Jornalismo e Direito, ela tem 48 anos. Foi vereadora de Dourados e faz sua estreia na Assembleia Legislativa de Mato Grosso do Sul.<\/h4>\n<h4><strong>Roberto Hashioka<\/strong>&nbsp;(Uni\u00e3o Brasil) eleito com 13.662 votos. Engenheiro Civil, foi prefeito de Nova Andradina, diretor-presidente da Ag\u00eancia Estadual de Regula\u00e7\u00e3o de Servi\u00e7os P\u00fablicos (Agems), diretor-presidente do Departamento Estadual de Tr\u00e2nsito (Detran-MS), secret\u00e1rio de Estado de Administra\u00e7\u00e3o e Desburocratiza\u00e7\u00e3o e secret\u00e1rio de Rela\u00e7\u00f5es Institucionais da Secretaria de Estado de Infraestrutura (Seinfra).<\/h4>\n<h4><strong>Professor Rinaldo Modesto&nbsp;<\/strong>(Podemos) reeleito com 12.800 votos. Nasceu em Gl\u00f3ria de Dourados no dia 30 de Mario de 1965 e foi criado no Distrito de Culturama. Come\u00e7ou a carreira pol\u00edtica como vereador de Campo Grande.<\/h4>\n<p>&nbsp;<\/p>\n<p><img fetchpriority=\"high\" decoding=\"async\" src=\"https:\/\/i.imgur.com\/PNqqxzO.jpg\" alt=\"\" width=\"640\" height=\"426\"><\/p>\n<h4>&nbsp;<\/h4>\n<h4>ALEMS<\/h4>\n<h4><strong>Foto:<\/strong>&nbsp;Wagner Guimar\u00e3es e Luciana Nassar<\/h4>\n<p>&nbsp;<\/p>\n<p><img decoding=\"async\" src=\"https:\/\/i.imgur.com\/R31xFca.jpg\" alt=\"\" width=\"640\" height=\"68\"><\/p>\n<p><img decoding=\"async\" src=\"https:\/\/i.imgur.com\/i7OXWMV.png\" alt=\"\" width=\"640\" height=\"71\"><\/p>\n<p><img loading=\"lazy\" decoding=\"async\" src=\"https:\/\/i.imgur.com\/MRhIHyG.png\" alt=\"\" width=\"640\" height=\"71\"><\/p>\n<h4><span class=\"text_exposed_show\">Acesse nossa p\u00e1gina no Facebook e fique por dentro dos destaques de Maracaju e regi\u00e3o.<br \/>\n<a class=\"profileLink\" href=\"https:\/\/www.facebook.com\/MsConectado\/?__tn__=K-R&amp;eid=ARAhfp4e5aWbNVoyptzGrm4obmySmRA_YR3QE4VTRX5QMShFsdcdIz5Iq0b_MWIy7I4QmNXz6k8IoNle&amp;fref=mentions&amp;__xts__%5B0%5D=68.ARAioa_i2DB8DORiDt4nCzBX7dvRVCRXhE8omKRc8oaCnvkbB62J-ntBfEZirzPivEkJx1lDCVwLAcPtZ0yMQNLkCNTlcJQPj0xK6BaGWaOsY1faLudkMNiJdevECtsRmxRf4pPywtr6Ph-QfFtADqGObU6JSKIHeG-MeeDX4kDKXlTFIUBRK4hO5nTzRrhcr3MX5cg5M1qoQKrs0FAyJEjbCy_O8F2Huq0AcJWiZlkD8u8XSf0QlsVlsI8LptFuIqgBS8GhVTw0O9tDGx11ebCRNoaUxQIYsP4qWoTURB3au7pBOcC3DfEQdk--ypqG-M2wCG5kVpCnL3qr9XO0E0f23b1xxxMz0V4PiQ\" data-hovercard=\"\/ajax\/hovercard\/page.php?id=415200058576733&amp;extragetparams=%7B%22__tn__%22%3A%22%2CdK-R-R%22%2C%22eid%22%3A%22ARAhfp4e5aWbNVoyptzGrm4obmySmRA_YR3QE4VTRX5QMShFsdcdIz5Iq0b_MWIy7I4QmNXz6k8IoNle%22%2C%22fref%22%3A%22mentions%22%7D\" data-hovercard-prefer-more-content-show=\"1\">https:\/\/www.facebook.com\/MsConectado\/<\/a><\/span><\/h4>\n<div class=\"text_exposed_show\">\n<h4><a class=\"_58cn\" href=\"https:\/\/www.facebook.com\/hashtag\/msconectado?source=feed_text&amp;epa=HASHTAG&amp;__xts__%5B0%5D=68.ARAioa_i2DB8DORiDt4nCzBX7dvRVCRXhE8omKRc8oaCnvkbB62J-ntBfEZirzPivEkJx1lDCVwLAcPtZ0yMQNLkCNTlcJQPj0xK6BaGWaOsY1faLudkMNiJdevECtsRmxRf4pPywtr6Ph-QfFtADqGObU6JSKIHeG-MeeDX4kDKXlTFIUBRK4hO5nTzRrhcr3MX5cg5M1qoQKrs0FAyJEjbCy_O8F2Huq0AcJWiZlkD8u8XSf0QlsVlsI8LptFuIqgBS8GhVTw0O9tDGx11ebCRNoaUxQIYsP4qWoTURB3au7pBOcC3DfEQdk--ypqG-M2wCG5kVpCnL3qr9XO0E0f23b1xxxMz0V4PiQ&amp;__tn__=%2ANK-R\" type=\"\" data-ft=\"{\"><span class=\"_5afx\"><span class=\"_58cl _5afz\" aria-label=\"hashtag\">#<\/span><span class=\"_58cm\">msconectado<\/span><\/span><\/a><br \/>\n<a class=\"_58cn\" href=\"https:\/\/www.facebook.com\/hashtag\/suamelhorcobertura?source=feed_text&amp;epa=HASHTAG&amp;__xts__%5B0%5D=68.ARAioa_i2DB8DORiDt4nCzBX7dvRVCRXhE8omKRc8oaCnvkbB62J-ntBfEZirzPivEkJx1lDCVwLAcPtZ0yMQNLkCNTlcJQPj0xK6BaGWaOsY1faLudkMNiJdevECtsRmxRf4pPywtr6Ph-QfFtADqGObU6JSKIHeG-MeeDX4kDKXlTFIUBRK4hO5nTzRrhcr3MX5cg5M1qoQKrs0FAyJEjbCy_O8F2Huq0AcJWiZlkD8u8XSf0QlsVlsI8LptFuIqgBS8GhVTw0O9tDGx11ebCRNoaUxQIYsP4qWoTURB3au7pBOcC3DfEQdk--ypqG-M2wCG5kVpCnL3qr9XO0E0f23b1xxxMz0V4PiQ&amp;__tn__=%2ANK-R\" type=\"\" data-ft=\"{\"><span class=\"_5afx\"><span class=\"_58cl _5afz\" aria-label=\"hashtag\">#<\/span><span class=\"_58cm\">suamelhorcobertura<\/span><\/span><\/a>&nbsp;<a class=\"_58cn\" href=\"https:\/\/www.facebook.com\/hashtag\/not%C3%ADcia?source=feed_text&amp;epa=HASHTAG&amp;__xts__%5B0%5D=68.ARAioa_i2DB8DORiDt4nCzBX7dvRVCRXhE8omKRc8oaCnvkbB62J-ntBfEZirzPivEkJx1lDCVwLAcPtZ0yMQNLkCNTlcJQPj0xK6BaGWaOsY1faLudkMNiJdevECtsRmxRf4pPywtr6Ph-QfFtADqGObU6JSKIHeG-MeeDX4kDKXlTFIUBRK4hO5nTzRrhcr3MX5cg5M1qoQKrs0FAyJEjbCy_O8F2Huq0AcJWiZlkD8u8XSf0QlsVlsI8LptFuIqgBS8GhVTw0O9tDGx11ebCRNoaUxQIYsP4qWoTURB3au7pBOcC3DfEQdk--ypqG-M2wCG5kVpCnL3qr9XO0E0f23b1xxxMz0V4PiQ&amp;__tn__=%2ANK-R\" type=\"\" data-ft=\"{\"><span class=\"_5afx\"><span class=\"_58cl _5afz\" aria-label=\"hashtag\">#<\/span><span class=\"_58cm\">not\u00edcia<\/span><\/span><\/a>&nbsp;<a class=\"_58cn\" href=\"https:\/\/www.facebook.com\/hashtag\/credibilidade?source=feed_text&amp;epa=HASHTAG&amp;__xts__%5B0%5D=68.ARAioa_i2DB8DORiDt4nCzBX7dvRVCRXhE8omKRc8oaCnvkbB62J-ntBfEZirzPivEkJx1lDCVwLAcPtZ0yMQNLkCNTlcJQPj0xK6BaGWaOsY1faLudkMNiJdevECtsRmxRf4pPywtr6Ph-QfFtADqGObU6JSKIHeG-MeeDX4kDKXlTFIUBRK4hO5nTzRrhcr3MX5cg5M1qoQKrs0FAyJEjbCy_O8F2Huq0AcJWiZlkD8u8XSf0QlsVlsI8LptFuIqgBS8GhVTw0O9tDGx11ebCRNoaUxQIYsP4qWoTURB3au7pBOcC3DfEQdk--ypqG-M2wCG5kVpCnL3qr9XO0E0f23b1xxxMz0V4PiQ&amp;__tn__=%2ANK-R\" type=\"\" data-ft=\"{\"><span class=\"_5afx\"><span class=\"_58cl _5afz\" aria-label=\"hashtag\">#<\/span><span class=\"_58cm\">credibilidade<\/span><\/span><\/a>&nbsp;<a class=\"_58cn\" href=\"https:\/\/www.facebook.com\/hashtag\/jornalismo?source=feed_text&amp;epa=HASHTAG&amp;__xts__%5B0%5D=68.ARAioa_i2DB8DORiDt4nCzBX7dvRVCRXhE8omKRc8oaCnvkbB62J-ntBfEZirzPivEkJx1lDCVwLAcPtZ0yMQNLkCNTlcJQPj0xK6BaGWaOsY1faLudkMNiJdevECtsRmxRf4pPywtr6Ph-QfFtADqGObU6JSKIHeG-MeeDX4kDKXlTFIUBRK4hO5nTzRrhcr3MX5cg5M1qoQKrs0FAyJEjbCy_O8F2Huq0AcJWiZlkD8u8XSf0QlsVlsI8LptFuIqgBS8GhVTw0O9tDGx11ebCRNoaUxQIYsP4qWoTURB3au7pBOcC3DfEQdk--ypqG-M2wCG5kVpCnL3qr9XO0E0f23b1xxxMz0V4PiQ&amp;__tn__=%2ANK-R\" type=\"\" data-ft=\"{\"><span class=\"_5afx\"><span class=\"_58cl _5afz\" aria-label=\"hashtag\">#<\/span><span class=\"_58cm\">jornalismo<\/span><\/span><\/a><\/h4>\n<\/div>\n","protected":false},"excerpt":{"rendered":"<p>As duas deputadas estaduais e os 22 deputados estaduais eleitos para a 12\u00aa Legislatura da Assembleia Legislativa de Mato Grosso do Sul (ALEMS) foram diplomados na noite desta sexta-feira (19), durante&nbsp;solenidade realizada pelo Tribunal Regional Eleitoral de MS (TRE\/MS), no Ondara Palace, em Campo Grande. Durante o evento, os parlamentares deram a mensagem de que [&hellip;]<\/p>\n","protected":false},"author":1,"featured_media":16788,"comment_status":"open","ping_status":"closed","sticky":false,"template":"","format":"standard","meta":{"footnotes":""},"categories":[38,33],"tags":[],"class_list":["post-5526","post","type-post","status-publish","format-standard","has-post-thumbnail","hentry","category-assembleia-legislativa","category-politica"],"yoast_head":"<!-- This site is optimized with the Yoast SEO plugin v27.5 - https:\/\/yoast.com\/product\/yoast-seo-wordpress\/ -->\n<title>Deputados estaduais da 12\u00aa Legislatura s\u00e3o diplomados pelo TRE\/MS - MsConectado<\/title>\n<meta name=\"robots\" content=\"index, follow, max-snippet:-1, max-image-preview:large, max-video-preview:-1\" \/>\n<link rel=\"canonical\" href=\"https:\/\/msconectado.com.br\/?p=5526\" \/>\n<meta property=\"og:locale\" content=\"pt_BR\" \/>\n<meta property=\"og:type\" content=\"article\" \/>\n<meta property=\"og:title\" content=\"Deputados estaduais da 12\u00aa Legislatura s\u00e3o diplomados pelo TRE\/MS - MsConectado\" \/>\n<meta property=\"og:description\" content=\"As duas deputadas estaduais e os 22 deputados estaduais eleitos para a 12\u00aa Legislatura da Assembleia Legislativa de Mato Grosso do Sul (ALEMS) foram diplomados na noite desta sexta-feira (19), durante&nbsp;solenidade realizada pelo Tribunal Regional Eleitoral de MS (TRE\/MS), no Ondara Palace, em Campo Grande. Durante o evento, os parlamentares deram a mensagem de que [&hellip;]\" \/>\n<meta property=\"og:url\" content=\"https:\/\/msconectado.com.br\/?p=5526\" \/>\n<meta property=\"og:site_name\" content=\"MsConectado\" \/>\n<meta property=\"article:published_time\" content=\"2023-01-06T18:04:02+00:00\" \/>\n<meta property=\"article:modified_time\" content=\"2023-01-16T13:12:45+00:00\" \/>\n<meta property=\"og:image\" content=\"https:\/\/msconectado.com.br\/wp-content\/uploads\/2023\/01\/1b03ec10c93071be15420a22339b1af6.jpg\" \/>\n\t<meta property=\"og:image:width\" content=\"1476\" \/>\n\t<meta property=\"og:image:height\" content=\"984\" \/>\n\t<meta property=\"og:image:type\" content=\"image\/jpeg\" \/>\n<meta name=\"author\" content=\"admin\" \/>\n<meta name=\"twitter:card\" content=\"summary_large_image\" \/>\n<meta name=\"twitter:label1\" content=\"Escrito por\" \/>\n\t<meta name=\"twitter:data1\" content=\"admin\" \/>\n\t<meta name=\"twitter:label2\" content=\"Est. tempo de leitura\" \/>\n\t<meta name=\"twitter:data2\" content=\"8 minutos\" \/>\n<script type=\"application\/ld+json\" class=\"yoast-schema-graph\">{\"@context\":\"https:\\\/\\\/schema.org\",\"@graph\":[{\"@type\":\"Article\",\"@id\":\"https:\\\/\\\/msconectado.com.br\\\/?p=5526#article\",\"isPartOf\":{\"@id\":\"https:\\\/\\\/msconectado.com.br\\\/?p=5526\"},\"author\":{\"name\":\"admin\",\"@id\":\"https:\\\/\\\/msconectado.com.br\\\/#\\\/schema\\\/person\\\/c31be951e281e06994775d63df9fbc5a\"},\"headline\":\"Deputados estaduais da 12\u00aa Legislatura s\u00e3o diplomados pelo TRE\\\/MS\",\"datePublished\":\"2023-01-06T18:04:02+00:00\",\"dateModified\":\"2023-01-16T13:12:45+00:00\",\"mainEntityOfPage\":{\"@id\":\"https:\\\/\\\/msconectado.com.br\\\/?p=5526\"},\"wordCount\":1657,\"commentCount\":0,\"publisher\":{\"@id\":\"https:\\\/\\\/msconectado.com.br\\\/#organization\"},\"image\":{\"@id\":\"https:\\\/\\\/msconectado.com.br\\\/?p=5526#primaryimage\"},\"thumbnailUrl\":\"https:\\\/\\\/msconectado.com.br\\\/wp-content\\\/uploads\\\/2023\\\/01\\\/1b03ec10c93071be15420a22339b1af6.jpg\",\"articleSection\":[\"Assembleia Legislativa\",\"Pol\u00edtica\"],\"inLanguage\":\"pt-BR\",\"potentialAction\":[{\"@type\":\"CommentAction\",\"name\":\"Comment\",\"target\":[\"https:\\\/\\\/msconectado.com.br\\\/?p=5526#respond\"]}]},{\"@type\":\"WebPage\",\"@id\":\"https:\\\/\\\/msconectado.com.br\\\/?p=5526\",\"url\":\"https:\\\/\\\/msconectado.com.br\\\/?p=5526\",\"name\":\"Deputados estaduais da 12\u00aa Legislatura s\u00e3o diplomados pelo TRE\\\/MS - MsConectado\",\"isPartOf\":{\"@id\":\"https:\\\/\\\/msconectado.com.br\\\/#website\"},\"primaryImageOfPage\":{\"@id\":\"https:\\\/\\\/msconectado.com.br\\\/?p=5526#primaryimage\"},\"image\":{\"@id\":\"https:\\\/\\\/msconectado.com.br\\\/?p=5526#primaryimage\"},\"thumbnailUrl\":\"https:\\\/\\\/msconectado.com.br\\\/wp-content\\\/uploads\\\/2023\\\/01\\\/1b03ec10c93071be15420a22339b1af6.jpg\",\"datePublished\":\"2023-01-06T18:04:02+00:00\",\"dateModified\":\"2023-01-16T13:12:45+00:00\",\"breadcrumb\":{\"@id\":\"https:\\\/\\\/msconectado.com.br\\\/?p=5526#breadcrumb\"},\"inLanguage\":\"pt-BR\",\"potentialAction\":[{\"@type\":\"ReadAction\",\"target\":[\"https:\\\/\\\/msconectado.com.br\\\/?p=5526\"]}]},{\"@type\":\"ImageObject\",\"inLanguage\":\"pt-BR\",\"@id\":\"https:\\\/\\\/msconectado.com.br\\\/?p=5526#primaryimage\",\"url\":\"https:\\\/\\\/msconectado.com.br\\\/wp-content\\\/uploads\\\/2023\\\/01\\\/1b03ec10c93071be15420a22339b1af6.jpg\",\"contentUrl\":\"https:\\\/\\\/msconectado.com.br\\\/wp-content\\\/uploads\\\/2023\\\/01\\\/1b03ec10c93071be15420a22339b1af6.jpg\",\"width\":1476,\"height\":984},{\"@type\":\"BreadcrumbList\",\"@id\":\"https:\\\/\\\/msconectado.com.br\\\/?p=5526#breadcrumb\",\"itemListElement\":[{\"@type\":\"ListItem\",\"position\":1,\"name\":\"In\u00edcio\",\"item\":\"https:\\\/\\\/msconectado.com.br\\\/?page_id=105\"},{\"@type\":\"ListItem\",\"position\":2,\"name\":\"Deputados estaduais da 12\u00aa Legislatura s\u00e3o diplomados pelo TRE\\\/MS\"}]},{\"@type\":\"WebSite\",\"@id\":\"https:\\\/\\\/msconectado.com.br\\\/#website\",\"url\":\"https:\\\/\\\/msconectado.com.br\\\/\",\"name\":\"MsConectado\",\"description\":\"Voc\u00ea Conectado com a Not\u00edcia!\",\"publisher\":{\"@id\":\"https:\\\/\\\/msconectado.com.br\\\/#organization\"},\"potentialAction\":[{\"@type\":\"SearchAction\",\"target\":{\"@type\":\"EntryPoint\",\"urlTemplate\":\"https:\\\/\\\/msconectado.com.br\\\/?s={search_term_string}\"},\"query-input\":{\"@type\":\"PropertyValueSpecification\",\"valueRequired\":true,\"valueName\":\"search_term_string\"}}],\"inLanguage\":\"pt-BR\"},{\"@type\":\"Organization\",\"@id\":\"https:\\\/\\\/msconectado.com.br\\\/#organization\",\"name\":\"MsConectado\",\"url\":\"https:\\\/\\\/msconectado.com.br\\\/\",\"logo\":{\"@type\":\"ImageObject\",\"inLanguage\":\"pt-BR\",\"@id\":\"https:\\\/\\\/msconectado.com.br\\\/#\\\/schema\\\/logo\\\/image\\\/\",\"url\":\"https:\\\/\\\/msconectado.com.br\\\/wp-content\\\/uploads\\\/2023\\\/01\\\/cropped-noticia-2.png\",\"contentUrl\":\"https:\\\/\\\/msconectado.com.br\\\/wp-content\\\/uploads\\\/2023\\\/01\\\/cropped-noticia-2.png\",\"width\":720,\"height\":157,\"caption\":\"MsConectado\"},\"image\":{\"@id\":\"https:\\\/\\\/msconectado.com.br\\\/#\\\/schema\\\/logo\\\/image\\\/\"}},{\"@type\":\"Person\",\"@id\":\"https:\\\/\\\/msconectado.com.br\\\/#\\\/schema\\\/person\\\/c31be951e281e06994775d63df9fbc5a\",\"name\":\"admin\",\"image\":{\"@type\":\"ImageObject\",\"inLanguage\":\"pt-BR\",\"@id\":\"https:\\\/\\\/secure.gravatar.com\\\/avatar\\\/dbff33190f980c4231620eb1d5bd57285f8eed74e0b0392297107ff3bacc135d?s=96&d=mm&r=g\",\"url\":\"https:\\\/\\\/secure.gravatar.com\\\/avatar\\\/dbff33190f980c4231620eb1d5bd57285f8eed74e0b0392297107ff3bacc135d?s=96&d=mm&r=g\",\"contentUrl\":\"https:\\\/\\\/secure.gravatar.com\\\/avatar\\\/dbff33190f980c4231620eb1d5bd57285f8eed74e0b0392297107ff3bacc135d?s=96&d=mm&r=g\",\"caption\":\"admin\"},\"sameAs\":[\"https:\\\/\\\/teste.msconectado.com.br\"],\"url\":\"https:\\\/\\\/msconectado.com.br\\\/?author=1\"}]}<\/script>\n<!-- \/ Yoast SEO plugin. -->","yoast_head_json":{"title":"Deputados estaduais da 12\u00aa Legislatura s\u00e3o diplomados pelo TRE\/MS - MsConectado","robots":{"index":"index","follow":"follow","max-snippet":"max-snippet:-1","max-image-preview":"max-image-preview:large","max-video-preview":"max-video-preview:-1"},"canonical":"https:\/\/msconectado.com.br\/?p=5526","og_locale":"pt_BR","og_type":"article","og_title":"Deputados estaduais da 12\u00aa Legislatura s\u00e3o diplomados pelo TRE\/MS - MsConectado","og_description":"As duas deputadas estaduais e os 22 deputados estaduais eleitos para a 12\u00aa Legislatura da Assembleia Legislativa de Mato Grosso do Sul (ALEMS) foram diplomados na noite desta sexta-feira (19), durante&nbsp;solenidade realizada pelo Tribunal Regional Eleitoral de MS (TRE\/MS), no Ondara Palace, em Campo Grande. Durante o evento, os parlamentares deram a mensagem de que [&hellip;]","og_url":"https:\/\/msconectado.com.br\/?p=5526","og_site_name":"MsConectado","article_published_time":"2023-01-06T18:04:02+00:00","article_modified_time":"2023-01-16T13:12:45+00:00","og_image":[{"width":1476,"height":984,"url":"https:\/\/msconectado.com.br\/wp-content\/uploads\/2023\/01\/1b03ec10c93071be15420a22339b1af6.jpg","type":"image\/jpeg"}],"author":"admin","twitter_card":"summary_large_image","twitter_misc":{"Escrito por":"admin","Est. tempo de leitura":"8 minutos"},"schema":{"@context":"https:\/\/schema.org","@graph":[{"@type":"Article","@id":"https:\/\/msconectado.com.br\/?p=5526#article","isPartOf":{"@id":"https:\/\/msconectado.com.br\/?p=5526"},"author":{"name":"admin","@id":"https:\/\/msconectado.com.br\/#\/schema\/person\/c31be951e281e06994775d63df9fbc5a"},"headline":"Deputados estaduais da 12\u00aa Legislatura s\u00e3o diplomados pelo TRE\/MS","datePublished":"2023-01-06T18:04:02+00:00","dateModified":"2023-01-16T13:12:45+00:00","mainEntityOfPage":{"@id":"https:\/\/msconectado.com.br\/?p=5526"},"wordCount":1657,"commentCount":0,"publisher":{"@id":"https:\/\/msconectado.com.br\/#organization"},"image":{"@id":"https:\/\/msconectado.com.br\/?p=5526#primaryimage"},"thumbnailUrl":"https:\/\/msconectado.com.br\/wp-content\/uploads\/2023\/01\/1b03ec10c93071be15420a22339b1af6.jpg","articleSection":["Assembleia Legislativa","Pol\u00edtica"],"inLanguage":"pt-BR","potentialAction":[{"@type":"CommentAction","name":"Comment","target":["https:\/\/msconectado.com.br\/?p=5526#respond"]}]},{"@type":"WebPage","@id":"https:\/\/msconectado.com.br\/?p=5526","url":"https:\/\/msconectado.com.br\/?p=5526","name":"Deputados estaduais da 12\u00aa Legislatura s\u00e3o diplomados pelo TRE\/MS - MsConectado","isPartOf":{"@id":"https:\/\/msconectado.com.br\/#website"},"primaryImageOfPage":{"@id":"https:\/\/msconectado.com.br\/?p=5526#primaryimage"},"image":{"@id":"https:\/\/msconectado.com.br\/?p=5526#primaryimage"},"thumbnailUrl":"https:\/\/msconectado.com.br\/wp-content\/uploads\/2023\/01\/1b03ec10c93071be15420a22339b1af6.jpg","datePublished":"2023-01-06T18:04:02+00:00","dateModified":"2023-01-16T13:12:45+00:00","breadcrumb":{"@id":"https:\/\/msconectado.com.br\/?p=5526#breadcrumb"},"inLanguage":"pt-BR","potentialAction":[{"@type":"ReadAction","target":["https:\/\/msconectado.com.br\/?p=5526"]}]},{"@type":"ImageObject","inLanguage":"pt-BR","@id":"https:\/\/msconectado.com.br\/?p=5526#primaryimage","url":"https:\/\/msconectado.com.br\/wp-content\/uploads\/2023\/01\/1b03ec10c93071be15420a22339b1af6.jpg","contentUrl":"https:\/\/msconectado.com.br\/wp-content\/uploads\/2023\/01\/1b03ec10c93071be15420a22339b1af6.jpg","width":1476,"height":984},{"@type":"BreadcrumbList","@id":"https:\/\/msconectado.com.br\/?p=5526#breadcrumb","itemListElement":[{"@type":"ListItem","position":1,"name":"In\u00edcio","item":"https:\/\/msconectado.com.br\/?page_id=105"},{"@type":"ListItem","position":2,"name":"Deputados estaduais da 12\u00aa Legislatura s\u00e3o diplomados pelo TRE\/MS"}]},{"@type":"WebSite","@id":"https:\/\/msconectado.com.br\/#website","url":"https:\/\/msconectado.com.br\/","name":"MsConectado","description":"Voc\u00ea Conectado com a Not\u00edcia!","publisher":{"@id":"https:\/\/msconectado.com.br\/#organization"},"potentialAction":[{"@type":"SearchAction","target":{"@type":"EntryPoint","urlTemplate":"https:\/\/msconectado.com.br\/?s={search_term_string}"},"query-input":{"@type":"PropertyValueSpecification","valueRequired":true,"valueName":"search_term_string"}}],"inLanguage":"pt-BR"},{"@type":"Organization","@id":"https:\/\/msconectado.com.br\/#organization","name":"MsConectado","url":"https:\/\/msconectado.com.br\/","logo":{"@type":"ImageObject","inLanguage":"pt-BR","@id":"https:\/\/msconectado.com.br\/#\/schema\/logo\/image\/","url":"https:\/\/msconectado.com.br\/wp-content\/uploads\/2023\/01\/cropped-noticia-2.png","contentUrl":"https:\/\/msconectado.com.br\/wp-content\/uploads\/2023\/01\/cropped-noticia-2.png","width":720,"height":157,"caption":"MsConectado"},"image":{"@id":"https:\/\/msconectado.com.br\/#\/schema\/logo\/image\/"}},{"@type":"Person","@id":"https:\/\/msconectado.com.br\/#\/schema\/person\/c31be951e281e06994775d63df9fbc5a","name":"admin","image":{"@type":"ImageObject","inLanguage":"pt-BR","@id":"https:\/\/secure.gravatar.com\/avatar\/dbff33190f980c4231620eb1d5bd57285f8eed74e0b0392297107ff3bacc135d?s=96&d=mm&r=g","url":"https:\/\/secure.gravatar.com\/avatar\/dbff33190f980c4231620eb1d5bd57285f8eed74e0b0392297107ff3bacc135d?s=96&d=mm&r=g","contentUrl":"https:\/\/secure.gravatar.com\/avatar\/dbff33190f980c4231620eb1d5bd57285f8eed74e0b0392297107ff3bacc135d?s=96&d=mm&r=g","caption":"admin"},"sameAs":["https:\/\/teste.msconectado.com.br"],"url":"https:\/\/msconectado.com.br\/?author=1"}]}},"_links":{"self":[{"href":"https:\/\/msconectado.com.br\/index.php?rest_route=\/wp\/v2\/posts\/5526","targetHints":{"allow":["GET"]}}],"collection":[{"href":"https:\/\/msconectado.com.br\/index.php?rest_route=\/wp\/v2\/posts"}],"about":[{"href":"https:\/\/msconectado.com.br\/index.php?rest_route=\/wp\/v2\/types\/post"}],"author":[{"embeddable":true,"href":"https:\/\/msconectado.com.br\/index.php?rest_route=\/wp\/v2\/users\/1"}],"replies":[{"embeddable":true,"href":"https:\/\/msconectado.com.br\/index.php?rest_route=%2Fwp%2Fv2%2Fcomments&post=5526"}],"version-history":[{"count":2,"href":"https:\/\/msconectado.com.br\/index.php?rest_route=\/wp\/v2\/posts\/5526\/revisions"}],"predecessor-version":[{"id":16789,"href":"https:\/\/msconectado.com.br\/index.php?rest_route=\/wp\/v2\/posts\/5526\/revisions\/16789"}],"wp:featuredmedia":[{"embeddable":true,"href":"https:\/\/msconectado.com.br\/index.php?rest_route=\/wp\/v2\/media\/16788"}],"wp:attachment":[{"href":"https:\/\/msconectado.com.br\/index.php?rest_route=%2Fwp%2Fv2%2Fmedia&parent=5526"}],"wp:term":[{"taxonomy":"category","embeddable":true,"href":"https:\/\/msconectado.com.br\/index.php?rest_route=%2Fwp%2Fv2%2Fcategories&post=5526"},{"taxonomy":"post_tag","embeddable":true,"href":"https:\/\/msconectado.com.br\/index.php?rest_route=%2Fwp%2Fv2%2Ftags&post=5526"}],"curies":[{"name":"wp","href":"https:\/\/api.w.org\/{rel}","templated":true}]}}