
{"id":627,"date":"2023-01-06T16:45:50","date_gmt":"2023-01-06T16:45:50","guid":{"rendered":"https:\/\/teste.msconectado.com.br\/?p=627"},"modified":"2023-01-06T16:45:50","modified_gmt":"2023-01-06T16:45:50","slug":"justica-condena-municipio-a-pagar-indenizacao-a-mecanico-de-barco","status":"publish","type":"post","link":"https:\/\/msconectado.com.br\/?p=627","title":{"rendered":"Justi\u00e7a condena munic\u00edpio a pagar indeniza\u00e7\u00e3o a mec\u00e2nico de barco"},"content":{"rendered":"<div>\n<div>Senten&ccedil;a proferida na Vara de Fazenda P&uacute;blica e de Registros P&uacute;blicos de Corumb&aacute; julgou parcialmente procedente a&ccedil;&atilde;o movida por H. de A.S. contra o munic&iacute;pio de Corumb&aacute;, condenado ao pagamento de R$ 30 mil por danos morais e R$ 10 mil de danos est&eacute;ticos, em raz&atilde;o de acidente grave sofrido pelo autor, durante jornada de trabalho.<\/div>\n<div>&nbsp;<\/div>\n<div>Alega o autor que &eacute; funcion&aacute;rio contratado desde 4 de fevereiro de 2013, exercendo a fun&ccedil;&atilde;o de mec&acirc;nico. Afirma que sua atividade consistia na manuten&ccedil;&atilde;o e conserto de m&aacute;quinas e motores em todos os locais e pr&eacute;dios que funcionam como sede escolar do Munic&iacute;pio, inclusive as localizadas na zona rural e em escolas no Pantanal.<\/div>\n<div>&nbsp;<\/div>\n<div>Conta H. de A.S. que no dia 17 de junho de 2016, viajou de barco para consertar o motor em uma instala&ccedil;&atilde;o escolar do munic&iacute;pio, na regi&atilde;o do Taquari, no baixo Pantanal, onde sofreu um grave acidente quando o motor em que trabalhava explodiu, ocasionando grav&iacute;ssimas queimaduras de 2&ordm; grau.<\/div>\n<div>&nbsp;<\/div>\n<div>Narra o funcion&aacute;rio que ap&oacute;s o acidente foi feita a comunica&ccedil;&atilde;o do ocorrido ao requerido, por&eacute;m o mec&acirc;nico precisou ficar mais de seis horas aguardando socorro, porque o Munic&iacute;pio n&atilde;o se mobilizou imediatamente para realizar os primeiros socorros.<\/div>\n<div>&nbsp;<\/div>\n<div>O autor alega tamb&eacute;m que, ap&oacute;s o socorro, foi encaminhado para um hospital p&uacute;blico e o tratamento foi realizado pelo SUS, ficando 45 dias internado. Relata que durante o per&iacute;odo de interna&ccedil;&atilde;o n&atilde;o recebeu nenhum aux&iacute;lio do empregador e se uer foi encaminhado ao INSS para obter o aux&iacute;lio-doen&ccedil;a.<\/div>\n<div>&nbsp;<\/div>\n<div>Declara ainda H. de A.S. que, mesmo ap&oacute;s alta hospitalar, precisou continuar com tratamento em casa, com uso constante de medicamentos, por&eacute;m, em momento algum, o Munic&iacute;pio o amparou, sendo todo o tratamento custeado pelo pr&oacute;prio autor.<\/div>\n<div>&nbsp;<\/div>\n<div>H. de A.S. afirma que foi obrigado pelo Munic&iacute;pio a retornar ao trabalho, imediatamente ap&oacute;s a alta hospitalar, pois somente assim receberia sal&aacute;rio final do m&ecirc;s. Por essas raz&otilde;es, pediu indeniza&ccedil;&atilde;o de R$ 80 mil por danos morais e R$ 25 mil por danos est&eacute;ticos.<\/div>\n<div>&nbsp;<\/div>\n<div>O munic&iacute;pio de Corumb&aacute; apresentou contesta&ccedil;&atilde;o argumentando que o acidente apenas ocorreu por imper&iacute;cia do funcion&aacute;rio que, mesmo sabendo do risco da atividade, n&atilde;o buscou meios de evitar o acidente. Assegura que o autor apenas retornou ao trabalho ap&oacute;s o per&iacute;odo de 90 dias da licen&ccedil;a m&eacute;dica e jamais exigiu o retorno dele durante o tempo de licen&ccedil;a.<\/div>\n<div>&nbsp;<\/div>\n<div>Ao analisar os autos, o juiz em substitui&ccedil;&atilde;o legal Andr&eacute; Luiz Monteiro, observou que n&atilde;o houve omiss&atilde;o de socorro por parte do Munic&iacute;pio, mas ocorreu a omiss&atilde;o no dever de oferecer condi&ccedil;&otilde;es de trabalho adequadas para assegurar o autor, bem como o correto desempenho de suas atividades.<\/div>\n<div>&nbsp;<\/div>\n<div>Ainda conforme a senten&ccedil;a, o juiz entendeu que mesmo que haja para o trabalhador o dever de cuidado no manuseio dos equipamentos e nas atividades que ofere&ccedil;am riscos, n&atilde;o deve ser responsabilizado pelo acidente, pois foi confirmado nos autos que o acidente ocorreu por falta de material espec&iacute;fico, devendo o Munic&iacute;pio arcar com o dano sofrido pelo funcion&aacute;rio.<\/div>\n<div>&nbsp;<\/div>\n<div>&ldquo;N&atilde;o desincumbe-se o poder p&uacute;blico do dever legal de fiscalizar as atividades dos funcion&aacute;rios, certificando-se de que est&atilde;o desempenhando suas atividades de forma segura, bem como de fornecer materiais adequados para o exerc&iacute;cio das atividades, a fim de evitar que ocorram acidentes, n&atilde;o podendo o requerido utilizar tal argumento como escusa do dever de fornecer materiais e equipamentos necess&aacute;rios para o correto desenvolvimento da atividade laboral e garantir maior seguran&ccedil;a do funcion&aacute;rio,&rdquo; frisou o juiz na sentan&ccedil;a.<\/div>\n<div>&nbsp;<\/div>\n<div>Processo n&ordm; 0804490-42.2016.8.12.0008&nbsp;<\/div>\n<\/div>\n<p>&nbsp;<\/p>\n<div>Autor da not&iacute;cia: Secretaria de Comunica&ccedil;&atilde;o &#8211; imprensa@tjms.jus.br<\/div>\n","protected":false},"excerpt":{"rendered":"<p>Senten&ccedil;a proferida na Vara de Fazenda P&uacute;blica e de Registros P&uacute;blicos de Corumb&aacute; julgou parcialmente procedente a&ccedil;&atilde;o movida por H. de A.S. contra o munic&iacute;pio de Corumb&aacute;, condenado ao pagamento de R$ 30 mil por danos morais e R$ 10 mil de danos est&eacute;ticos, em raz&atilde;o de acidente grave sofrido pelo autor, durante jornada de [&hellip;]<\/p>\n","protected":false},"author":1,"featured_media":0,"comment_status":"open","ping_status":"closed","sticky":false,"template":"","format":"standard","meta":{"footnotes":""},"categories":[],"tags":[],"class_list":["post-627","post","type-post","status-publish","format-standard","hentry"],"yoast_head":"<!-- This site is optimized with the Yoast SEO plugin v27.5 - https:\/\/yoast.com\/product\/yoast-seo-wordpress\/ -->\n<title>Justi\u00e7a condena munic\u00edpio a pagar indeniza\u00e7\u00e3o a mec\u00e2nico de barco - MsConectado<\/title>\n<meta name=\"robots\" content=\"index, follow, max-snippet:-1, max-image-preview:large, max-video-preview:-1\" \/>\n<link rel=\"canonical\" href=\"https:\/\/msconectado.com.br\/?p=627\" \/>\n<meta property=\"og:locale\" content=\"pt_BR\" \/>\n<meta property=\"og:type\" content=\"article\" \/>\n<meta property=\"og:title\" content=\"Justi\u00e7a condena munic\u00edpio a pagar indeniza\u00e7\u00e3o a mec\u00e2nico de barco - MsConectado\" \/>\n<meta property=\"og:description\" content=\"Senten&ccedil;a proferida na Vara de Fazenda P&uacute;blica e de Registros P&uacute;blicos de Corumb&aacute; julgou parcialmente procedente a&ccedil;&atilde;o movida por H. de A.S. contra o munic&iacute;pio de Corumb&aacute;, condenado ao pagamento de R$ 30 mil por danos morais e R$ 10 mil de danos est&eacute;ticos, em raz&atilde;o de acidente grave sofrido pelo autor, durante jornada de [&hellip;]\" \/>\n<meta property=\"og:url\" content=\"https:\/\/msconectado.com.br\/?p=627\" \/>\n<meta property=\"og:site_name\" content=\"MsConectado\" \/>\n<meta property=\"article:published_time\" content=\"2023-01-06T16:45:50+00:00\" \/>\n<meta name=\"author\" content=\"admin\" \/>\n<meta name=\"twitter:card\" content=\"summary_large_image\" \/>\n<meta name=\"twitter:label1\" content=\"Escrito por\" \/>\n\t<meta name=\"twitter:data1\" content=\"admin\" \/>\n\t<meta name=\"twitter:label2\" content=\"Est. tempo de leitura\" \/>\n\t<meta name=\"twitter:data2\" content=\"4 minutos\" \/>\n<script type=\"application\/ld+json\" class=\"yoast-schema-graph\">{\"@context\":\"https:\\\/\\\/schema.org\",\"@graph\":[{\"@type\":\"Article\",\"@id\":\"https:\\\/\\\/msconectado.com.br\\\/?p=627#article\",\"isPartOf\":{\"@id\":\"https:\\\/\\\/msconectado.com.br\\\/?p=627\"},\"author\":{\"name\":\"admin\",\"@id\":\"https:\\\/\\\/msconectado.com.br\\\/#\\\/schema\\\/person\\\/c31be951e281e06994775d63df9fbc5a\"},\"headline\":\"Justi\u00e7a condena munic\u00edpio a pagar indeniza\u00e7\u00e3o a mec\u00e2nico de barco\",\"datePublished\":\"2023-01-06T16:45:50+00:00\",\"mainEntityOfPage\":{\"@id\":\"https:\\\/\\\/msconectado.com.br\\\/?p=627\"},\"wordCount\":781,\"commentCount\":0,\"publisher\":{\"@id\":\"https:\\\/\\\/msconectado.com.br\\\/#organization\"},\"inLanguage\":\"pt-BR\",\"potentialAction\":[{\"@type\":\"CommentAction\",\"name\":\"Comment\",\"target\":[\"https:\\\/\\\/msconectado.com.br\\\/?p=627#respond\"]}]},{\"@type\":\"WebPage\",\"@id\":\"https:\\\/\\\/msconectado.com.br\\\/?p=627\",\"url\":\"https:\\\/\\\/msconectado.com.br\\\/?p=627\",\"name\":\"Justi\u00e7a condena munic\u00edpio a pagar indeniza\u00e7\u00e3o a mec\u00e2nico de barco - MsConectado\",\"isPartOf\":{\"@id\":\"https:\\\/\\\/msconectado.com.br\\\/#website\"},\"datePublished\":\"2023-01-06T16:45:50+00:00\",\"breadcrumb\":{\"@id\":\"https:\\\/\\\/msconectado.com.br\\\/?p=627#breadcrumb\"},\"inLanguage\":\"pt-BR\",\"potentialAction\":[{\"@type\":\"ReadAction\",\"target\":[\"https:\\\/\\\/msconectado.com.br\\\/?p=627\"]}]},{\"@type\":\"BreadcrumbList\",\"@id\":\"https:\\\/\\\/msconectado.com.br\\\/?p=627#breadcrumb\",\"itemListElement\":[{\"@type\":\"ListItem\",\"position\":1,\"name\":\"In\u00edcio\",\"item\":\"https:\\\/\\\/msconectado.com.br\\\/\"},{\"@type\":\"ListItem\",\"position\":2,\"name\":\"Justi\u00e7a condena munic\u00edpio a pagar indeniza\u00e7\u00e3o a mec\u00e2nico de barco\"}]},{\"@type\":\"WebSite\",\"@id\":\"https:\\\/\\\/msconectado.com.br\\\/#website\",\"url\":\"https:\\\/\\\/msconectado.com.br\\\/\",\"name\":\"MsConectado\",\"description\":\"Voc\u00ea Conectado com a Not\u00edcia!\",\"publisher\":{\"@id\":\"https:\\\/\\\/msconectado.com.br\\\/#organization\"},\"potentialAction\":[{\"@type\":\"SearchAction\",\"target\":{\"@type\":\"EntryPoint\",\"urlTemplate\":\"https:\\\/\\\/msconectado.com.br\\\/?s={search_term_string}\"},\"query-input\":{\"@type\":\"PropertyValueSpecification\",\"valueRequired\":true,\"valueName\":\"search_term_string\"}}],\"inLanguage\":\"pt-BR\"},{\"@type\":\"Organization\",\"@id\":\"https:\\\/\\\/msconectado.com.br\\\/#organization\",\"name\":\"MsConectado\",\"url\":\"https:\\\/\\\/msconectado.com.br\\\/\",\"logo\":{\"@type\":\"ImageObject\",\"inLanguage\":\"pt-BR\",\"@id\":\"https:\\\/\\\/msconectado.com.br\\\/#\\\/schema\\\/logo\\\/image\\\/\",\"url\":\"https:\\\/\\\/msconectado.com.br\\\/wp-content\\\/uploads\\\/2023\\\/01\\\/cropped-noticia-2.png\",\"contentUrl\":\"https:\\\/\\\/msconectado.com.br\\\/wp-content\\\/uploads\\\/2023\\\/01\\\/cropped-noticia-2.png\",\"width\":720,\"height\":157,\"caption\":\"MsConectado\"},\"image\":{\"@id\":\"https:\\\/\\\/msconectado.com.br\\\/#\\\/schema\\\/logo\\\/image\\\/\"}},{\"@type\":\"Person\",\"@id\":\"https:\\\/\\\/msconectado.com.br\\\/#\\\/schema\\\/person\\\/c31be951e281e06994775d63df9fbc5a\",\"name\":\"admin\",\"image\":{\"@type\":\"ImageObject\",\"inLanguage\":\"pt-BR\",\"@id\":\"https:\\\/\\\/secure.gravatar.com\\\/avatar\\\/dbff33190f980c4231620eb1d5bd57285f8eed74e0b0392297107ff3bacc135d?s=96&d=mm&r=g\",\"url\":\"https:\\\/\\\/secure.gravatar.com\\\/avatar\\\/dbff33190f980c4231620eb1d5bd57285f8eed74e0b0392297107ff3bacc135d?s=96&d=mm&r=g\",\"contentUrl\":\"https:\\\/\\\/secure.gravatar.com\\\/avatar\\\/dbff33190f980c4231620eb1d5bd57285f8eed74e0b0392297107ff3bacc135d?s=96&d=mm&r=g\",\"caption\":\"admin\"},\"sameAs\":[\"https:\\\/\\\/teste.msconectado.com.br\"],\"url\":\"https:\\\/\\\/msconectado.com.br\\\/?author=1\"}]}<\/script>\n<!-- \/ Yoast SEO plugin. -->","yoast_head_json":{"title":"Justi\u00e7a condena munic\u00edpio a pagar indeniza\u00e7\u00e3o a mec\u00e2nico de barco - MsConectado","robots":{"index":"index","follow":"follow","max-snippet":"max-snippet:-1","max-image-preview":"max-image-preview:large","max-video-preview":"max-video-preview:-1"},"canonical":"https:\/\/msconectado.com.br\/?p=627","og_locale":"pt_BR","og_type":"article","og_title":"Justi\u00e7a condena munic\u00edpio a pagar indeniza\u00e7\u00e3o a mec\u00e2nico de barco - MsConectado","og_description":"Senten&ccedil;a proferida na Vara de Fazenda P&uacute;blica e de Registros P&uacute;blicos de Corumb&aacute; julgou parcialmente procedente a&ccedil;&atilde;o movida por H. de A.S. contra o munic&iacute;pio de Corumb&aacute;, condenado ao pagamento de R$ 30 mil por danos morais e R$ 10 mil de danos est&eacute;ticos, em raz&atilde;o de acidente grave sofrido pelo autor, durante jornada de [&hellip;]","og_url":"https:\/\/msconectado.com.br\/?p=627","og_site_name":"MsConectado","article_published_time":"2023-01-06T16:45:50+00:00","author":"admin","twitter_card":"summary_large_image","twitter_misc":{"Escrito por":"admin","Est. tempo de leitura":"4 minutos"},"schema":{"@context":"https:\/\/schema.org","@graph":[{"@type":"Article","@id":"https:\/\/msconectado.com.br\/?p=627#article","isPartOf":{"@id":"https:\/\/msconectado.com.br\/?p=627"},"author":{"name":"admin","@id":"https:\/\/msconectado.com.br\/#\/schema\/person\/c31be951e281e06994775d63df9fbc5a"},"headline":"Justi\u00e7a condena munic\u00edpio a pagar indeniza\u00e7\u00e3o a mec\u00e2nico de barco","datePublished":"2023-01-06T16:45:50+00:00","mainEntityOfPage":{"@id":"https:\/\/msconectado.com.br\/?p=627"},"wordCount":781,"commentCount":0,"publisher":{"@id":"https:\/\/msconectado.com.br\/#organization"},"inLanguage":"pt-BR","potentialAction":[{"@type":"CommentAction","name":"Comment","target":["https:\/\/msconectado.com.br\/?p=627#respond"]}]},{"@type":"WebPage","@id":"https:\/\/msconectado.com.br\/?p=627","url":"https:\/\/msconectado.com.br\/?p=627","name":"Justi\u00e7a condena munic\u00edpio a pagar indeniza\u00e7\u00e3o a mec\u00e2nico de barco - MsConectado","isPartOf":{"@id":"https:\/\/msconectado.com.br\/#website"},"datePublished":"2023-01-06T16:45:50+00:00","breadcrumb":{"@id":"https:\/\/msconectado.com.br\/?p=627#breadcrumb"},"inLanguage":"pt-BR","potentialAction":[{"@type":"ReadAction","target":["https:\/\/msconectado.com.br\/?p=627"]}]},{"@type":"BreadcrumbList","@id":"https:\/\/msconectado.com.br\/?p=627#breadcrumb","itemListElement":[{"@type":"ListItem","position":1,"name":"In\u00edcio","item":"https:\/\/msconectado.com.br\/"},{"@type":"ListItem","position":2,"name":"Justi\u00e7a condena munic\u00edpio a pagar indeniza\u00e7\u00e3o a mec\u00e2nico de barco"}]},{"@type":"WebSite","@id":"https:\/\/msconectado.com.br\/#website","url":"https:\/\/msconectado.com.br\/","name":"MsConectado","description":"Voc\u00ea Conectado com a Not\u00edcia!","publisher":{"@id":"https:\/\/msconectado.com.br\/#organization"},"potentialAction":[{"@type":"SearchAction","target":{"@type":"EntryPoint","urlTemplate":"https:\/\/msconectado.com.br\/?s={search_term_string}"},"query-input":{"@type":"PropertyValueSpecification","valueRequired":true,"valueName":"search_term_string"}}],"inLanguage":"pt-BR"},{"@type":"Organization","@id":"https:\/\/msconectado.com.br\/#organization","name":"MsConectado","url":"https:\/\/msconectado.com.br\/","logo":{"@type":"ImageObject","inLanguage":"pt-BR","@id":"https:\/\/msconectado.com.br\/#\/schema\/logo\/image\/","url":"https:\/\/msconectado.com.br\/wp-content\/uploads\/2023\/01\/cropped-noticia-2.png","contentUrl":"https:\/\/msconectado.com.br\/wp-content\/uploads\/2023\/01\/cropped-noticia-2.png","width":720,"height":157,"caption":"MsConectado"},"image":{"@id":"https:\/\/msconectado.com.br\/#\/schema\/logo\/image\/"}},{"@type":"Person","@id":"https:\/\/msconectado.com.br\/#\/schema\/person\/c31be951e281e06994775d63df9fbc5a","name":"admin","image":{"@type":"ImageObject","inLanguage":"pt-BR","@id":"https:\/\/secure.gravatar.com\/avatar\/dbff33190f980c4231620eb1d5bd57285f8eed74e0b0392297107ff3bacc135d?s=96&d=mm&r=g","url":"https:\/\/secure.gravatar.com\/avatar\/dbff33190f980c4231620eb1d5bd57285f8eed74e0b0392297107ff3bacc135d?s=96&d=mm&r=g","contentUrl":"https:\/\/secure.gravatar.com\/avatar\/dbff33190f980c4231620eb1d5bd57285f8eed74e0b0392297107ff3bacc135d?s=96&d=mm&r=g","caption":"admin"},"sameAs":["https:\/\/teste.msconectado.com.br"],"url":"https:\/\/msconectado.com.br\/?author=1"}]}},"_links":{"self":[{"href":"https:\/\/msconectado.com.br\/index.php?rest_route=\/wp\/v2\/posts\/627","targetHints":{"allow":["GET"]}}],"collection":[{"href":"https:\/\/msconectado.com.br\/index.php?rest_route=\/wp\/v2\/posts"}],"about":[{"href":"https:\/\/msconectado.com.br\/index.php?rest_route=\/wp\/v2\/types\/post"}],"author":[{"embeddable":true,"href":"https:\/\/msconectado.com.br\/index.php?rest_route=\/wp\/v2\/users\/1"}],"replies":[{"embeddable":true,"href":"https:\/\/msconectado.com.br\/index.php?rest_route=%2Fwp%2Fv2%2Fcomments&post=627"}],"version-history":[{"count":1,"href":"https:\/\/msconectado.com.br\/index.php?rest_route=\/wp\/v2\/posts\/627\/revisions"}],"predecessor-version":[{"id":5585,"href":"https:\/\/msconectado.com.br\/index.php?rest_route=\/wp\/v2\/posts\/627\/revisions\/5585"}],"wp:attachment":[{"href":"https:\/\/msconectado.com.br\/index.php?rest_route=%2Fwp%2Fv2%2Fmedia&parent=627"}],"wp:term":[{"taxonomy":"category","embeddable":true,"href":"https:\/\/msconectado.com.br\/index.php?rest_route=%2Fwp%2Fv2%2Fcategories&post=627"},{"taxonomy":"post_tag","embeddable":true,"href":"https:\/\/msconectado.com.br\/index.php?rest_route=%2Fwp%2Fv2%2Ftags&post=627"}],"curies":[{"name":"wp","href":"https:\/\/api.w.org\/{rel}","templated":true}]}}