{"id":629,"date":"2023-01-06T16:45:52","date_gmt":"2023-01-06T16:45:52","guid":{"rendered":"https:\/\/teste.msconectado.com.br\/?p=629"},"modified":"2023-01-06T16:45:52","modified_gmt":"2023-01-06T16:45:52","slug":"apos-audiencia-publica-rodovia-ms-162-recebera-sinalizacoes","status":"publish","type":"post","link":"https:\/\/msconectado.com.br\/?p=629","title":{"rendered":"Ap\u00f3s Audi\u00eancia P\u00fablica, Rodovia MS 162 receber\u00e1 sinaliza\u00e7\u00f5es"},"content":{"rendered":"<p>Ap&oacute;s Audi&ecirc;ncia P&uacute;blica realizada pela 1&ordf; Promotoria de Justi&ccedil;a da Comarca de Maracaju (MS), na &uacute;ltima segunda-feira (10\/7), a Rodovia MS 162 receber&aacute; placas de sinaliza&ccedil;&otilde;es para melhorar as condi&ccedil;&otilde;es da via que h&aacute; tempos tem causado transtornos aos usu&aacute;rios da estrada. A medida &eacute; um compromisso imediato que o Diretor da Agesul (Ag&ecirc;ncia Estadual de Gest&atilde;o de Empreendimentos) no Munic&iacute;pio, Roosevelt de Campos Borges, firmou como prioridade para solucionar os problemas relatados pela Promotora de Justi&ccedil;a Simone Almada G&oacute;es.<\/p>\n<p>A Audi&ecirc;ncia P&uacute;blica &ldquo;Rodovia MS 162 &ndash; Que Queremos&rdquo;, de iniciativa da 1&ordf; Promotoria de Justi&ccedil;a da Comarca de Maracaju, teve como objetivo debater entre sociedade e o poder p&uacute;blico, solu&ccedil;&otilde;es para a Rodovia MS 162, que vem causando s&eacute;rios acidentes, principalmente no trecho Sidrol&acirc;ndia-Maracaju, devido &agrave; falta de sinaliza&ccedil;&atilde;o e precariedade do asfalto. Durante a reuni&atilde;o, a Promotora de Justi&ccedil;a, Simone Almada explanou sobre as in&uacute;meras dificuldades pelos quais passam os usu&aacute;rios da via diuturnamente.<\/p>\n<p>A Promotora de Justi&ccedil;a mostrou imagens coletadas dos pontos cr&iacute;ticos da rodovia e o levantamento de dados de ocorr&ecirc;ncias de acidentes e a gravidade dessas ocorr&ecirc;ncias. Foram relatados ainda, as rachaduras no asfalto que reduzem a estabilidade dos ve&iacute;culos que trafegam pela rodovia, al&eacute;m da aus&ecirc;ncia de sinaliza&ccedil;&atilde;o horizontal e vertical e acostamento.<\/p>\n<p>Ao final da Audi&ecirc;ncia, foi formada uma comiss&atilde;o com representantes que ir&aacute; levar at&eacute; o Governador Reinaldo Azambuja as reivindica&ccedil;&otilde;es para solu&ccedil;&atilde;o dos problemas da rodovia.<\/p>\n<p>Estiveram presentes na Audi&ecirc;ncia P&uacute;blica sobre a MS 162 a Promotora de Justi&ccedil;a Simone Almada G&oacute;es, o Defensor P&uacute;blico de Maracaju T&uacute;lio Cruz Nogueira, o Prefeito Maur&iacute;lio Ferreira Azambuja, o Vice-Prefeito Joares Sanches, o Deputado Estadual Felipe Orro, o Presidente da C&acirc;mara Helio Albarello, o Delegado de Pol&iacute;cia Amylcar Paracatu, o Comandante da Pol&iacute;cia Militar Rodovi&aacute;ria de Vista Alegre Wagner Ferreira da Silva, o Major Bruno do Corpo de Bombeiros, entre outras autoridades e a popula&ccedil;&atilde;o em geral.<\/p>\n<p>Texto e fotos: Ana Carolina Vasques\/Jornalista-Assecom<\/p>\n","protected":false},"excerpt":{"rendered":"<p>Ap&oacute;s Audi&ecirc;ncia P&uacute;blica realizada pela 1&ordf; Promotoria de Justi&ccedil;a da Comarca de Maracaju (MS), na &uacute;ltima segunda-feira (10\/7), a Rodovia MS 162 receber&aacute; placas de sinaliza&ccedil;&otilde;es para melhorar as condi&ccedil;&otilde;es da via que h&aacute; tempos tem causado transtornos aos usu&aacute;rios da estrada. A medida &eacute; um compromisso imediato que o Diretor da Agesul (Ag&ecirc;ncia Estadual [&hellip;]<\/p>\n","protected":false},"author":1,"featured_media":0,"comment_status":"open","ping_status":"closed","sticky":false,"template":"","format":"standard","meta":{"footnotes":""},"categories":[],"tags":[],"class_list":["post-629","post","type-post","status-publish","format-standard","hentry"],"yoast_head":"<!-- This site is optimized with the Yoast SEO plugin v27.4 - https:\/\/yoast.com\/product\/yoast-seo-wordpress\/ -->\n<title>Ap\u00f3s Audi\u00eancia P\u00fablica, Rodovia MS 162 receber\u00e1 sinaliza\u00e7\u00f5es - MsConectado<\/title>\n<meta name=\"robots\" content=\"index, follow, max-snippet:-1, max-image-preview:large, max-video-preview:-1\" \/>\n<link rel=\"canonical\" href=\"https:\/\/msconectado.com.br\/?p=629\" \/>\n<meta property=\"og:locale\" content=\"pt_BR\" \/>\n<meta property=\"og:type\" content=\"article\" \/>\n<meta property=\"og:title\" content=\"Ap\u00f3s Audi\u00eancia P\u00fablica, Rodovia MS 162 receber\u00e1 sinaliza\u00e7\u00f5es - MsConectado\" \/>\n<meta property=\"og:description\" content=\"Ap&oacute;s Audi&ecirc;ncia P&uacute;blica realizada pela 1&ordf; Promotoria de Justi&ccedil;a da Comarca de Maracaju (MS), na &uacute;ltima segunda-feira (10\/7), a Rodovia MS 162 receber&aacute; placas de sinaliza&ccedil;&otilde;es para melhorar as condi&ccedil;&otilde;es da via que h&aacute; tempos tem causado transtornos aos usu&aacute;rios da estrada. A medida &eacute; um compromisso imediato que o Diretor da Agesul (Ag&ecirc;ncia Estadual [&hellip;]\" \/>\n<meta property=\"og:url\" content=\"https:\/\/msconectado.com.br\/?p=629\" \/>\n<meta property=\"og:site_name\" content=\"MsConectado\" \/>\n<meta property=\"article:published_time\" content=\"2023-01-06T16:45:52+00:00\" \/>\n<meta name=\"author\" content=\"admin\" \/>\n<meta name=\"twitter:card\" content=\"summary_large_image\" \/>\n<meta name=\"twitter:label1\" content=\"Escrito por\" \/>\n\t<meta name=\"twitter:data1\" content=\"admin\" \/>\n\t<meta name=\"twitter:label2\" content=\"Est. tempo de leitura\" \/>\n\t<meta name=\"twitter:data2\" content=\"2 minutos\" \/>\n<script type=\"application\/ld+json\" class=\"yoast-schema-graph\">{\"@context\":\"https:\\\/\\\/schema.org\",\"@graph\":[{\"@type\":\"Article\",\"@id\":\"https:\\\/\\\/msconectado.com.br\\\/?p=629#article\",\"isPartOf\":{\"@id\":\"https:\\\/\\\/msconectado.com.br\\\/?p=629\"},\"author\":{\"name\":\"admin\",\"@id\":\"https:\\\/\\\/msconectado.com.br\\\/#\\\/schema\\\/person\\\/c31be951e281e06994775d63df9fbc5a\"},\"headline\":\"Ap\u00f3s Audi\u00eancia P\u00fablica, Rodovia MS 162 receber\u00e1 sinaliza\u00e7\u00f5es\",\"datePublished\":\"2023-01-06T16:45:52+00:00\",\"mainEntityOfPage\":{\"@id\":\"https:\\\/\\\/msconectado.com.br\\\/?p=629\"},\"wordCount\":437,\"commentCount\":0,\"publisher\":{\"@id\":\"https:\\\/\\\/msconectado.com.br\\\/#organization\"},\"inLanguage\":\"pt-BR\",\"potentialAction\":[{\"@type\":\"CommentAction\",\"name\":\"Comment\",\"target\":[\"https:\\\/\\\/msconectado.com.br\\\/?p=629#respond\"]}]},{\"@type\":\"WebPage\",\"@id\":\"https:\\\/\\\/msconectado.com.br\\\/?p=629\",\"url\":\"https:\\\/\\\/msconectado.com.br\\\/?p=629\",\"name\":\"Ap\u00f3s Audi\u00eancia P\u00fablica, Rodovia MS 162 receber\u00e1 sinaliza\u00e7\u00f5es - MsConectado\",\"isPartOf\":{\"@id\":\"https:\\\/\\\/msconectado.com.br\\\/#website\"},\"datePublished\":\"2023-01-06T16:45:52+00:00\",\"breadcrumb\":{\"@id\":\"https:\\\/\\\/msconectado.com.br\\\/?p=629#breadcrumb\"},\"inLanguage\":\"pt-BR\",\"potentialAction\":[{\"@type\":\"ReadAction\",\"target\":[\"https:\\\/\\\/msconectado.com.br\\\/?p=629\"]}]},{\"@type\":\"BreadcrumbList\",\"@id\":\"https:\\\/\\\/msconectado.com.br\\\/?p=629#breadcrumb\",\"itemListElement\":[{\"@type\":\"ListItem\",\"position\":1,\"name\":\"In\u00edcio\",\"item\":\"https:\\\/\\\/msconectado.com.br\\\/?page_id=105\"},{\"@type\":\"ListItem\",\"position\":2,\"name\":\"Ap\u00f3s Audi\u00eancia P\u00fablica, Rodovia MS 162 receber\u00e1 sinaliza\u00e7\u00f5es\"}]},{\"@type\":\"WebSite\",\"@id\":\"https:\\\/\\\/msconectado.com.br\\\/#website\",\"url\":\"https:\\\/\\\/msconectado.com.br\\\/\",\"name\":\"MsConectado\",\"description\":\"Voc\u00ea Conectado com a Not\u00edcia!\",\"publisher\":{\"@id\":\"https:\\\/\\\/msconectado.com.br\\\/#organization\"},\"potentialAction\":[{\"@type\":\"SearchAction\",\"target\":{\"@type\":\"EntryPoint\",\"urlTemplate\":\"https:\\\/\\\/msconectado.com.br\\\/?s={search_term_string}\"},\"query-input\":{\"@type\":\"PropertyValueSpecification\",\"valueRequired\":true,\"valueName\":\"search_term_string\"}}],\"inLanguage\":\"pt-BR\"},{\"@type\":\"Organization\",\"@id\":\"https:\\\/\\\/msconectado.com.br\\\/#organization\",\"name\":\"MsConectado\",\"url\":\"https:\\\/\\\/msconectado.com.br\\\/\",\"logo\":{\"@type\":\"ImageObject\",\"inLanguage\":\"pt-BR\",\"@id\":\"https:\\\/\\\/msconectado.com.br\\\/#\\\/schema\\\/logo\\\/image\\\/\",\"url\":\"https:\\\/\\\/msconectado.com.br\\\/wp-content\\\/uploads\\\/2023\\\/01\\\/cropped-noticia-2.png\",\"contentUrl\":\"https:\\\/\\\/msconectado.com.br\\\/wp-content\\\/uploads\\\/2023\\\/01\\\/cropped-noticia-2.png\",\"width\":720,\"height\":157,\"caption\":\"MsConectado\"},\"image\":{\"@id\":\"https:\\\/\\\/msconectado.com.br\\\/#\\\/schema\\\/logo\\\/image\\\/\"}},{\"@type\":\"Person\",\"@id\":\"https:\\\/\\\/msconectado.com.br\\\/#\\\/schema\\\/person\\\/c31be951e281e06994775d63df9fbc5a\",\"name\":\"admin\",\"image\":{\"@type\":\"ImageObject\",\"inLanguage\":\"pt-BR\",\"@id\":\"https:\\\/\\\/secure.gravatar.com\\\/avatar\\\/dbff33190f980c4231620eb1d5bd57285f8eed74e0b0392297107ff3bacc135d?s=96&d=mm&r=g\",\"url\":\"https:\\\/\\\/secure.gravatar.com\\\/avatar\\\/dbff33190f980c4231620eb1d5bd57285f8eed74e0b0392297107ff3bacc135d?s=96&d=mm&r=g\",\"contentUrl\":\"https:\\\/\\\/secure.gravatar.com\\\/avatar\\\/dbff33190f980c4231620eb1d5bd57285f8eed74e0b0392297107ff3bacc135d?s=96&d=mm&r=g\",\"caption\":\"admin\"},\"sameAs\":[\"https:\\\/\\\/teste.msconectado.com.br\"],\"url\":\"https:\\\/\\\/msconectado.com.br\\\/?author=1\"}]}<\/script>\n<!-- \/ Yoast SEO plugin. -->","yoast_head_json":{"title":"Ap\u00f3s Audi\u00eancia P\u00fablica, Rodovia MS 162 receber\u00e1 sinaliza\u00e7\u00f5es - MsConectado","robots":{"index":"index","follow":"follow","max-snippet":"max-snippet:-1","max-image-preview":"max-image-preview:large","max-video-preview":"max-video-preview:-1"},"canonical":"https:\/\/msconectado.com.br\/?p=629","og_locale":"pt_BR","og_type":"article","og_title":"Ap\u00f3s Audi\u00eancia P\u00fablica, Rodovia MS 162 receber\u00e1 sinaliza\u00e7\u00f5es - MsConectado","og_description":"Ap&oacute;s Audi&ecirc;ncia P&uacute;blica realizada pela 1&ordf; Promotoria de Justi&ccedil;a da Comarca de Maracaju (MS), na &uacute;ltima segunda-feira (10\/7), a Rodovia MS 162 receber&aacute; placas de sinaliza&ccedil;&otilde;es para melhorar as condi&ccedil;&otilde;es da via que h&aacute; tempos tem causado transtornos aos usu&aacute;rios da estrada. A medida &eacute; um compromisso imediato que o Diretor da Agesul (Ag&ecirc;ncia Estadual [&hellip;]","og_url":"https:\/\/msconectado.com.br\/?p=629","og_site_name":"MsConectado","article_published_time":"2023-01-06T16:45:52+00:00","author":"admin","twitter_card":"summary_large_image","twitter_misc":{"Escrito por":"admin","Est. tempo de leitura":"2 minutos"},"schema":{"@context":"https:\/\/schema.org","@graph":[{"@type":"Article","@id":"https:\/\/msconectado.com.br\/?p=629#article","isPartOf":{"@id":"https:\/\/msconectado.com.br\/?p=629"},"author":{"name":"admin","@id":"https:\/\/msconectado.com.br\/#\/schema\/person\/c31be951e281e06994775d63df9fbc5a"},"headline":"Ap\u00f3s Audi\u00eancia P\u00fablica, Rodovia MS 162 receber\u00e1 sinaliza\u00e7\u00f5es","datePublished":"2023-01-06T16:45:52+00:00","mainEntityOfPage":{"@id":"https:\/\/msconectado.com.br\/?p=629"},"wordCount":437,"commentCount":0,"publisher":{"@id":"https:\/\/msconectado.com.br\/#organization"},"inLanguage":"pt-BR","potentialAction":[{"@type":"CommentAction","name":"Comment","target":["https:\/\/msconectado.com.br\/?p=629#respond"]}]},{"@type":"WebPage","@id":"https:\/\/msconectado.com.br\/?p=629","url":"https:\/\/msconectado.com.br\/?p=629","name":"Ap\u00f3s Audi\u00eancia P\u00fablica, Rodovia MS 162 receber\u00e1 sinaliza\u00e7\u00f5es - MsConectado","isPartOf":{"@id":"https:\/\/msconectado.com.br\/#website"},"datePublished":"2023-01-06T16:45:52+00:00","breadcrumb":{"@id":"https:\/\/msconectado.com.br\/?p=629#breadcrumb"},"inLanguage":"pt-BR","potentialAction":[{"@type":"ReadAction","target":["https:\/\/msconectado.com.br\/?p=629"]}]},{"@type":"BreadcrumbList","@id":"https:\/\/msconectado.com.br\/?p=629#breadcrumb","itemListElement":[{"@type":"ListItem","position":1,"name":"In\u00edcio","item":"https:\/\/msconectado.com.br\/?page_id=105"},{"@type":"ListItem","position":2,"name":"Ap\u00f3s Audi\u00eancia P\u00fablica, Rodovia MS 162 receber\u00e1 sinaliza\u00e7\u00f5es"}]},{"@type":"WebSite","@id":"https:\/\/msconectado.com.br\/#website","url":"https:\/\/msconectado.com.br\/","name":"MsConectado","description":"Voc\u00ea Conectado com a Not\u00edcia!","publisher":{"@id":"https:\/\/msconectado.com.br\/#organization"},"potentialAction":[{"@type":"SearchAction","target":{"@type":"EntryPoint","urlTemplate":"https:\/\/msconectado.com.br\/?s={search_term_string}"},"query-input":{"@type":"PropertyValueSpecification","valueRequired":true,"valueName":"search_term_string"}}],"inLanguage":"pt-BR"},{"@type":"Organization","@id":"https:\/\/msconectado.com.br\/#organization","name":"MsConectado","url":"https:\/\/msconectado.com.br\/","logo":{"@type":"ImageObject","inLanguage":"pt-BR","@id":"https:\/\/msconectado.com.br\/#\/schema\/logo\/image\/","url":"https:\/\/msconectado.com.br\/wp-content\/uploads\/2023\/01\/cropped-noticia-2.png","contentUrl":"https:\/\/msconectado.com.br\/wp-content\/uploads\/2023\/01\/cropped-noticia-2.png","width":720,"height":157,"caption":"MsConectado"},"image":{"@id":"https:\/\/msconectado.com.br\/#\/schema\/logo\/image\/"}},{"@type":"Person","@id":"https:\/\/msconectado.com.br\/#\/schema\/person\/c31be951e281e06994775d63df9fbc5a","name":"admin","image":{"@type":"ImageObject","inLanguage":"pt-BR","@id":"https:\/\/secure.gravatar.com\/avatar\/dbff33190f980c4231620eb1d5bd57285f8eed74e0b0392297107ff3bacc135d?s=96&d=mm&r=g","url":"https:\/\/secure.gravatar.com\/avatar\/dbff33190f980c4231620eb1d5bd57285f8eed74e0b0392297107ff3bacc135d?s=96&d=mm&r=g","contentUrl":"https:\/\/secure.gravatar.com\/avatar\/dbff33190f980c4231620eb1d5bd57285f8eed74e0b0392297107ff3bacc135d?s=96&d=mm&r=g","caption":"admin"},"sameAs":["https:\/\/teste.msconectado.com.br"],"url":"https:\/\/msconectado.com.br\/?author=1"}]}},"_links":{"self":[{"href":"https:\/\/msconectado.com.br\/index.php?rest_route=\/wp\/v2\/posts\/629","targetHints":{"allow":["GET"]}}],"collection":[{"href":"https:\/\/msconectado.com.br\/index.php?rest_route=\/wp\/v2\/posts"}],"about":[{"href":"https:\/\/msconectado.com.br\/index.php?rest_route=\/wp\/v2\/types\/post"}],"author":[{"embeddable":true,"href":"https:\/\/msconectado.com.br\/index.php?rest_route=\/wp\/v2\/users\/1"}],"replies":[{"embeddable":true,"href":"https:\/\/msconectado.com.br\/index.php?rest_route=%2Fwp%2Fv2%2Fcomments&post=629"}],"version-history":[{"count":1,"href":"https:\/\/msconectado.com.br\/index.php?rest_route=\/wp\/v2\/posts\/629\/revisions"}],"predecessor-version":[{"id":5587,"href":"https:\/\/msconectado.com.br\/index.php?rest_route=\/wp\/v2\/posts\/629\/revisions\/5587"}],"wp:attachment":[{"href":"https:\/\/msconectado.com.br\/index.php?rest_route=%2Fwp%2Fv2%2Fmedia&parent=629"}],"wp:term":[{"taxonomy":"category","embeddable":true,"href":"https:\/\/msconectado.com.br\/index.php?rest_route=%2Fwp%2Fv2%2Fcategories&post=629"},{"taxonomy":"post_tag","embeddable":true,"href":"https:\/\/msconectado.com.br\/index.php?rest_route=%2Fwp%2Fv2%2Ftags&post=629"}],"curies":[{"name":"wp","href":"https:\/\/api.w.org\/{rel}","templated":true}]}}