{"id":634,"date":"2023-01-06T16:46:13","date_gmt":"2023-01-06T16:46:13","guid":{"rendered":"https:\/\/teste.msconectado.com.br\/?p=634"},"modified":"2023-01-06T16:46:13","modified_gmt":"2023-01-06T16:46:13","slug":"alem-da-noticia-e-agora-com-quem-ele-vai-dem-comeca-a-descer-do-muro-e-aperta-azambuja","status":"publish","type":"post","link":"https:\/\/msconectado.com.br\/?p=634","title":{"rendered":"Al\u00e9m da Not\u00edcia: E agora? Com quem ele vai? DEM come\u00e7a a descer do muro e aperta Azambuja"},"content":{"rendered":"<p><strong>Condi&ccedil;&otilde;es<\/strong><\/p>\n<p>Faltando menos de um m&ecirc;s para o fim das conven&ccedil;&otilde;es, os partidos pol&iacute;ticos j&aacute; come&ccedil;am a se movimentar. Nesta quarta-feira (11) foi a vez do DEM sair de cima do muro e colocar a faca no pesco&ccedil;o do governador Reinaldo Azambuja (PSDB).<\/p>\n<p><strong>Racha <\/strong><\/p>\n<p>O partido estava divido entre apoio a Reinaldo Azambuja e Andr&eacute; Puccinelli. De um lado, os deputados estaduais Barbosinha e Z&eacute; Teixeira defendendo Azambuja e do outro os deputados federais Luiz Henrique Mandetta e Tereza Cristina querendo Puccinelli.<\/p>\n<p><strong>Vit&oacute;ria <\/strong><\/p>\n<p>Parece que os deputados estaduais est&atilde;o com mais for&ccedil;a dentro do partido. Nesta quarta-feira (11), o presidente do DEM, ex-prefeito Murilo Zauith, anunciou que apoiar&aacute; o PSDB se Azambuja aceitar as condi&ccedil;&otilde;es do partido.<\/p>\n<p><strong>Querem tudo<\/strong><\/p>\n<p>&nbsp;Para apoiar Azambuja, os Democratas exigem a vaga de vice, para Barbosinha, e uma vaga para o Senado, que seria de Murilo Zauith.<\/p>\n<p><strong>Tentadora <\/strong><\/p>\n<p>A proposta do DEM pode ser atrativa para o PSDB, que ter&aacute; dois representantes de Dourados, segundo maior col&eacute;gio eleitoral do Estado, na majorit&aacute;ria. Segunda vez Confirmada a alian&ccedil;a, Zauith tentar&aacute; pela segunda vez a vaga de senador. Ele j&aacute; perdeu a mesma disputa h&aacute; oito anos, quando foi derrotado por Delc&iacute;dio do Amaral (PT) e Waldemir Moka (PMDB).<\/p>\n<p><strong>Teste<\/strong><\/p>\n<p>&nbsp;A candidatura ser&aacute; um bom teste para o ex-prefeito de Dourados, que n&atilde;o saiu com uma avalia&ccedil;&atilde;o t&atilde;o positiva da Prefeitura.<\/p>\n<p>&nbsp;<\/p>\n<p><strong>Tentadora e perigosa<\/strong><\/p>\n<p><strong>&nbsp;<\/strong><\/p>\n<p>Se por um lado ganha em Dourados, ter&aacute; que escolher quem sair&aacute; da coliga&ccedil;&atilde;o. Isso porque o partido tem Miglioli como pr&eacute;-candidato e Nelsinho Trad (PDT), que deseja coligar com o PSDB.<\/p>\n<p>&nbsp;<\/p>\n<p>Coluna Al&eacute;m da Not&iacute;cia<\/p>\n","protected":false},"excerpt":{"rendered":"<p>Condi&ccedil;&otilde;es Faltando menos de um m&ecirc;s para o fim das conven&ccedil;&otilde;es, os partidos pol&iacute;ticos j&aacute; come&ccedil;am a se movimentar. Nesta quarta-feira (11) foi a vez do DEM sair de cima do muro e colocar a faca no pesco&ccedil;o do governador Reinaldo Azambuja (PSDB). Racha O partido estava divido entre apoio a Reinaldo Azambuja e Andr&eacute; [&hellip;]<\/p>\n","protected":false},"author":1,"featured_media":0,"comment_status":"open","ping_status":"closed","sticky":false,"template":"","format":"standard","meta":{"footnotes":""},"categories":[],"tags":[],"class_list":["post-634","post","type-post","status-publish","format-standard","hentry"],"yoast_head":"<!-- This site is optimized with the Yoast SEO plugin v27.4 - https:\/\/yoast.com\/product\/yoast-seo-wordpress\/ -->\n<title>Al\u00e9m da Not\u00edcia: E agora? Com quem ele vai? DEM come\u00e7a a descer do muro e aperta Azambuja - MsConectado<\/title>\n<meta name=\"robots\" content=\"index, follow, max-snippet:-1, max-image-preview:large, max-video-preview:-1\" \/>\n<link rel=\"canonical\" href=\"https:\/\/msconectado.com.br\/?p=634\" \/>\n<meta property=\"og:locale\" content=\"pt_BR\" \/>\n<meta property=\"og:type\" content=\"article\" \/>\n<meta property=\"og:title\" content=\"Al\u00e9m da Not\u00edcia: E agora? Com quem ele vai? DEM come\u00e7a a descer do muro e aperta Azambuja - MsConectado\" \/>\n<meta property=\"og:description\" content=\"Condi&ccedil;&otilde;es Faltando menos de um m&ecirc;s para o fim das conven&ccedil;&otilde;es, os partidos pol&iacute;ticos j&aacute; come&ccedil;am a se movimentar. Nesta quarta-feira (11) foi a vez do DEM sair de cima do muro e colocar a faca no pesco&ccedil;o do governador Reinaldo Azambuja (PSDB). Racha O partido estava divido entre apoio a Reinaldo Azambuja e Andr&eacute; [&hellip;]\" \/>\n<meta property=\"og:url\" content=\"https:\/\/msconectado.com.br\/?p=634\" \/>\n<meta property=\"og:site_name\" content=\"MsConectado\" \/>\n<meta property=\"article:published_time\" content=\"2023-01-06T16:46:13+00:00\" \/>\n<meta name=\"author\" content=\"admin\" \/>\n<meta name=\"twitter:card\" content=\"summary_large_image\" \/>\n<meta name=\"twitter:label1\" content=\"Escrito por\" \/>\n\t<meta name=\"twitter:data1\" content=\"admin\" \/>\n\t<meta name=\"twitter:label2\" content=\"Est. tempo de leitura\" \/>\n\t<meta name=\"twitter:data2\" content=\"2 minutos\" \/>\n<script type=\"application\/ld+json\" class=\"yoast-schema-graph\">{\"@context\":\"https:\\\/\\\/schema.org\",\"@graph\":[{\"@type\":\"Article\",\"@id\":\"https:\\\/\\\/msconectado.com.br\\\/?p=634#article\",\"isPartOf\":{\"@id\":\"https:\\\/\\\/msconectado.com.br\\\/?p=634\"},\"author\":{\"name\":\"admin\",\"@id\":\"https:\\\/\\\/msconectado.com.br\\\/#\\\/schema\\\/person\\\/c31be951e281e06994775d63df9fbc5a\"},\"headline\":\"Al\u00e9m da Not\u00edcia: E agora? Com quem ele vai? DEM come\u00e7a a descer do muro e aperta Azambuja\",\"datePublished\":\"2023-01-06T16:46:13+00:00\",\"mainEntityOfPage\":{\"@id\":\"https:\\\/\\\/msconectado.com.br\\\/?p=634\"},\"wordCount\":345,\"commentCount\":0,\"publisher\":{\"@id\":\"https:\\\/\\\/msconectado.com.br\\\/#organization\"},\"inLanguage\":\"pt-BR\",\"potentialAction\":[{\"@type\":\"CommentAction\",\"name\":\"Comment\",\"target\":[\"https:\\\/\\\/msconectado.com.br\\\/?p=634#respond\"]}]},{\"@type\":\"WebPage\",\"@id\":\"https:\\\/\\\/msconectado.com.br\\\/?p=634\",\"url\":\"https:\\\/\\\/msconectado.com.br\\\/?p=634\",\"name\":\"Al\u00e9m da Not\u00edcia: E agora? Com quem ele vai? DEM come\u00e7a a descer do muro e aperta Azambuja - MsConectado\",\"isPartOf\":{\"@id\":\"https:\\\/\\\/msconectado.com.br\\\/#website\"},\"datePublished\":\"2023-01-06T16:46:13+00:00\",\"breadcrumb\":{\"@id\":\"https:\\\/\\\/msconectado.com.br\\\/?p=634#breadcrumb\"},\"inLanguage\":\"pt-BR\",\"potentialAction\":[{\"@type\":\"ReadAction\",\"target\":[\"https:\\\/\\\/msconectado.com.br\\\/?p=634\"]}]},{\"@type\":\"BreadcrumbList\",\"@id\":\"https:\\\/\\\/msconectado.com.br\\\/?p=634#breadcrumb\",\"itemListElement\":[{\"@type\":\"ListItem\",\"position\":1,\"name\":\"In\u00edcio\",\"item\":\"https:\\\/\\\/msconectado.com.br\\\/?page_id=105\"},{\"@type\":\"ListItem\",\"position\":2,\"name\":\"Al\u00e9m da Not\u00edcia: E agora? Com quem ele vai? DEM come\u00e7a a descer do muro e aperta Azambuja\"}]},{\"@type\":\"WebSite\",\"@id\":\"https:\\\/\\\/msconectado.com.br\\\/#website\",\"url\":\"https:\\\/\\\/msconectado.com.br\\\/\",\"name\":\"MsConectado\",\"description\":\"Voc\u00ea Conectado com a Not\u00edcia!\",\"publisher\":{\"@id\":\"https:\\\/\\\/msconectado.com.br\\\/#organization\"},\"potentialAction\":[{\"@type\":\"SearchAction\",\"target\":{\"@type\":\"EntryPoint\",\"urlTemplate\":\"https:\\\/\\\/msconectado.com.br\\\/?s={search_term_string}\"},\"query-input\":{\"@type\":\"PropertyValueSpecification\",\"valueRequired\":true,\"valueName\":\"search_term_string\"}}],\"inLanguage\":\"pt-BR\"},{\"@type\":\"Organization\",\"@id\":\"https:\\\/\\\/msconectado.com.br\\\/#organization\",\"name\":\"MsConectado\",\"url\":\"https:\\\/\\\/msconectado.com.br\\\/\",\"logo\":{\"@type\":\"ImageObject\",\"inLanguage\":\"pt-BR\",\"@id\":\"https:\\\/\\\/msconectado.com.br\\\/#\\\/schema\\\/logo\\\/image\\\/\",\"url\":\"https:\\\/\\\/msconectado.com.br\\\/wp-content\\\/uploads\\\/2023\\\/01\\\/cropped-noticia-2.png\",\"contentUrl\":\"https:\\\/\\\/msconectado.com.br\\\/wp-content\\\/uploads\\\/2023\\\/01\\\/cropped-noticia-2.png\",\"width\":720,\"height\":157,\"caption\":\"MsConectado\"},\"image\":{\"@id\":\"https:\\\/\\\/msconectado.com.br\\\/#\\\/schema\\\/logo\\\/image\\\/\"}},{\"@type\":\"Person\",\"@id\":\"https:\\\/\\\/msconectado.com.br\\\/#\\\/schema\\\/person\\\/c31be951e281e06994775d63df9fbc5a\",\"name\":\"admin\",\"image\":{\"@type\":\"ImageObject\",\"inLanguage\":\"pt-BR\",\"@id\":\"https:\\\/\\\/secure.gravatar.com\\\/avatar\\\/dbff33190f980c4231620eb1d5bd57285f8eed74e0b0392297107ff3bacc135d?s=96&d=mm&r=g\",\"url\":\"https:\\\/\\\/secure.gravatar.com\\\/avatar\\\/dbff33190f980c4231620eb1d5bd57285f8eed74e0b0392297107ff3bacc135d?s=96&d=mm&r=g\",\"contentUrl\":\"https:\\\/\\\/secure.gravatar.com\\\/avatar\\\/dbff33190f980c4231620eb1d5bd57285f8eed74e0b0392297107ff3bacc135d?s=96&d=mm&r=g\",\"caption\":\"admin\"},\"sameAs\":[\"https:\\\/\\\/teste.msconectado.com.br\"],\"url\":\"https:\\\/\\\/msconectado.com.br\\\/?author=1\"}]}<\/script>\n<!-- \/ Yoast SEO plugin. -->","yoast_head_json":{"title":"Al\u00e9m da Not\u00edcia: E agora? Com quem ele vai? DEM come\u00e7a a descer do muro e aperta Azambuja - MsConectado","robots":{"index":"index","follow":"follow","max-snippet":"max-snippet:-1","max-image-preview":"max-image-preview:large","max-video-preview":"max-video-preview:-1"},"canonical":"https:\/\/msconectado.com.br\/?p=634","og_locale":"pt_BR","og_type":"article","og_title":"Al\u00e9m da Not\u00edcia: E agora? Com quem ele vai? DEM come\u00e7a a descer do muro e aperta Azambuja - MsConectado","og_description":"Condi&ccedil;&otilde;es Faltando menos de um m&ecirc;s para o fim das conven&ccedil;&otilde;es, os partidos pol&iacute;ticos j&aacute; come&ccedil;am a se movimentar. Nesta quarta-feira (11) foi a vez do DEM sair de cima do muro e colocar a faca no pesco&ccedil;o do governador Reinaldo Azambuja (PSDB). Racha O partido estava divido entre apoio a Reinaldo Azambuja e Andr&eacute; [&hellip;]","og_url":"https:\/\/msconectado.com.br\/?p=634","og_site_name":"MsConectado","article_published_time":"2023-01-06T16:46:13+00:00","author":"admin","twitter_card":"summary_large_image","twitter_misc":{"Escrito por":"admin","Est. tempo de leitura":"2 minutos"},"schema":{"@context":"https:\/\/schema.org","@graph":[{"@type":"Article","@id":"https:\/\/msconectado.com.br\/?p=634#article","isPartOf":{"@id":"https:\/\/msconectado.com.br\/?p=634"},"author":{"name":"admin","@id":"https:\/\/msconectado.com.br\/#\/schema\/person\/c31be951e281e06994775d63df9fbc5a"},"headline":"Al\u00e9m da Not\u00edcia: E agora? Com quem ele vai? DEM come\u00e7a a descer do muro e aperta Azambuja","datePublished":"2023-01-06T16:46:13+00:00","mainEntityOfPage":{"@id":"https:\/\/msconectado.com.br\/?p=634"},"wordCount":345,"commentCount":0,"publisher":{"@id":"https:\/\/msconectado.com.br\/#organization"},"inLanguage":"pt-BR","potentialAction":[{"@type":"CommentAction","name":"Comment","target":["https:\/\/msconectado.com.br\/?p=634#respond"]}]},{"@type":"WebPage","@id":"https:\/\/msconectado.com.br\/?p=634","url":"https:\/\/msconectado.com.br\/?p=634","name":"Al\u00e9m da Not\u00edcia: E agora? Com quem ele vai? DEM come\u00e7a a descer do muro e aperta Azambuja - MsConectado","isPartOf":{"@id":"https:\/\/msconectado.com.br\/#website"},"datePublished":"2023-01-06T16:46:13+00:00","breadcrumb":{"@id":"https:\/\/msconectado.com.br\/?p=634#breadcrumb"},"inLanguage":"pt-BR","potentialAction":[{"@type":"ReadAction","target":["https:\/\/msconectado.com.br\/?p=634"]}]},{"@type":"BreadcrumbList","@id":"https:\/\/msconectado.com.br\/?p=634#breadcrumb","itemListElement":[{"@type":"ListItem","position":1,"name":"In\u00edcio","item":"https:\/\/msconectado.com.br\/?page_id=105"},{"@type":"ListItem","position":2,"name":"Al\u00e9m da Not\u00edcia: E agora? Com quem ele vai? DEM come\u00e7a a descer do muro e aperta Azambuja"}]},{"@type":"WebSite","@id":"https:\/\/msconectado.com.br\/#website","url":"https:\/\/msconectado.com.br\/","name":"MsConectado","description":"Voc\u00ea Conectado com a Not\u00edcia!","publisher":{"@id":"https:\/\/msconectado.com.br\/#organization"},"potentialAction":[{"@type":"SearchAction","target":{"@type":"EntryPoint","urlTemplate":"https:\/\/msconectado.com.br\/?s={search_term_string}"},"query-input":{"@type":"PropertyValueSpecification","valueRequired":true,"valueName":"search_term_string"}}],"inLanguage":"pt-BR"},{"@type":"Organization","@id":"https:\/\/msconectado.com.br\/#organization","name":"MsConectado","url":"https:\/\/msconectado.com.br\/","logo":{"@type":"ImageObject","inLanguage":"pt-BR","@id":"https:\/\/msconectado.com.br\/#\/schema\/logo\/image\/","url":"https:\/\/msconectado.com.br\/wp-content\/uploads\/2023\/01\/cropped-noticia-2.png","contentUrl":"https:\/\/msconectado.com.br\/wp-content\/uploads\/2023\/01\/cropped-noticia-2.png","width":720,"height":157,"caption":"MsConectado"},"image":{"@id":"https:\/\/msconectado.com.br\/#\/schema\/logo\/image\/"}},{"@type":"Person","@id":"https:\/\/msconectado.com.br\/#\/schema\/person\/c31be951e281e06994775d63df9fbc5a","name":"admin","image":{"@type":"ImageObject","inLanguage":"pt-BR","@id":"https:\/\/secure.gravatar.com\/avatar\/dbff33190f980c4231620eb1d5bd57285f8eed74e0b0392297107ff3bacc135d?s=96&d=mm&r=g","url":"https:\/\/secure.gravatar.com\/avatar\/dbff33190f980c4231620eb1d5bd57285f8eed74e0b0392297107ff3bacc135d?s=96&d=mm&r=g","contentUrl":"https:\/\/secure.gravatar.com\/avatar\/dbff33190f980c4231620eb1d5bd57285f8eed74e0b0392297107ff3bacc135d?s=96&d=mm&r=g","caption":"admin"},"sameAs":["https:\/\/teste.msconectado.com.br"],"url":"https:\/\/msconectado.com.br\/?author=1"}]}},"_links":{"self":[{"href":"https:\/\/msconectado.com.br\/index.php?rest_route=\/wp\/v2\/posts\/634","targetHints":{"allow":["GET"]}}],"collection":[{"href":"https:\/\/msconectado.com.br\/index.php?rest_route=\/wp\/v2\/posts"}],"about":[{"href":"https:\/\/msconectado.com.br\/index.php?rest_route=\/wp\/v2\/types\/post"}],"author":[{"embeddable":true,"href":"https:\/\/msconectado.com.br\/index.php?rest_route=\/wp\/v2\/users\/1"}],"replies":[{"embeddable":true,"href":"https:\/\/msconectado.com.br\/index.php?rest_route=%2Fwp%2Fv2%2Fcomments&post=634"}],"version-history":[{"count":1,"href":"https:\/\/msconectado.com.br\/index.php?rest_route=\/wp\/v2\/posts\/634\/revisions"}],"predecessor-version":[{"id":5590,"href":"https:\/\/msconectado.com.br\/index.php?rest_route=\/wp\/v2\/posts\/634\/revisions\/5590"}],"wp:attachment":[{"href":"https:\/\/msconectado.com.br\/index.php?rest_route=%2Fwp%2Fv2%2Fmedia&parent=634"}],"wp:term":[{"taxonomy":"category","embeddable":true,"href":"https:\/\/msconectado.com.br\/index.php?rest_route=%2Fwp%2Fv2%2Fcategories&post=634"},{"taxonomy":"post_tag","embeddable":true,"href":"https:\/\/msconectado.com.br\/index.php?rest_route=%2Fwp%2Fv2%2Ftags&post=634"}],"curies":[{"name":"wp","href":"https:\/\/api.w.org\/{rel}","templated":true}]}}