
{"id":638,"date":"2023-01-06T16:46:16","date_gmt":"2023-01-06T16:46:16","guid":{"rendered":"https:\/\/teste.msconectado.com.br\/?p=638"},"modified":"2023-01-06T16:46:16","modified_gmt":"2023-01-06T16:46:16","slug":"ponta-pora-106-anos-prefeitura-abre-programacao-especial-neste-dia-12","status":"publish","type":"post","link":"https:\/\/msconectado.com.br\/?p=638","title":{"rendered":"Ponta Por\u00e3 106 anos: prefeitura abre programa\u00e7\u00e3o especial neste dia 12"},"content":{"rendered":"<p><strong><em>Prefeitura lan&ccedil;a ainda o programa &acute;Catarata Zero&acute;, um dos maiores programas de&nbsp;<\/em><\/strong><strong><em>aten&ccedil;&atilde;o visual j&aacute; apresentado no munic&iacute;pio e que atender&aacute; 1.000 pacientes<\/em><\/strong><\/p>\n<p>Os 106 anos de Ponta Por&atilde;, dia 18 de julho, ser&atilde;o comemorados com muita festa, inaugura&ccedil;&otilde;es de obras pelo prefeito H&eacute;lio Peluffo. A grade de programa&ccedil;&atilde;oser&aacute; aberta neste dia 12, segue at&eacute; o dia 07 de agosto e prev&ecirc; intensas atividades, desde formatura de viol&atilde;o, esporte, recrea&ccedil;&atilde;o, entrega de obras com alvorada festiva pelo anivers&aacute;rio de Ponta Por&atilde;, a &acute;Princesinha dos Ervais&acute;.<\/p>\n<p>Neste dia 12 ocorre<\/p>\n<figure id=\"attachment_3090\" class=\"wp-caption alignleft\"><img fetchpriority=\"high\" decoding=\"async\" class=\"size-medium wp-image-3090 td-animation-stack-type0-2\" src=\"http:\/\/pontapora.ms.gov.br\/v2\/wp-content\/uploads\/2018\/07\/IMG-20180710-WA0277-300x200.jpg\" sizes=\"(max-width: 300px) 100vw, 300px\" srcset=\"http:\/\/pontapora.ms.gov.br\/v2\/wp-content\/uploads\/2018\/07\/IMG-20180710-WA0277-300x200.jpg 300w, http:\/\/pontapora.ms.gov.br\/v2\/wp-content\/uploads\/2018\/07\/IMG-20180710-WA0277-768x512.jpg 768w, http:\/\/pontapora.ms.gov.br\/v2\/wp-content\/uploads\/2018\/07\/IMG-20180710-WA0277-1024x683.jpg 1024w, http:\/\/pontapora.ms.gov.br\/v2\/wp-content\/uploads\/2018\/07\/IMG-20180710-WA0277-696x464.jpg 696w, http:\/\/pontapora.ms.gov.br\/v2\/wp-content\/uploads\/2018\/07\/IMG-20180710-WA0277-1068x713.jpg 1068w, http:\/\/pontapora.ms.gov.br\/v2\/wp-content\/uploads\/2018\/07\/IMG-20180710-WA0277-630x420.jpg 630w, http:\/\/pontapora.ms.gov.br\/v2\/wp-content\/uploads\/2018\/07\/IMG-20180710-WA0277.jpg 1280w\" alt=\"\" width=\"300\" height=\"200\" \/><figcaption class=\"wp-caption-text\">Regi&otilde;es do munic&iacute;pio, como o distrito de Sanga Puit&atilde;, recebem obras de drenagem<\/figcaption><\/figure>\n<p>a formatura do Curso de Viol&atilde;o desenvolvido pela Funcespp (Funda&ccedil;&atilde;o de Cultura e Esportes de Ponta Por&atilde;), seguindo dias 13 e 14 com lazer e recrea&ccedil;&atilde;o com brinquedos infl&aacute;veis no Parque dos Ervais, atividade voltada para a crian&ccedil;ada. No dia 13, o prefeito H&eacute;lio e secret&aacute;rios municipais, acompanhado de vereadores, convidados e a popula&ccedil;&atilde;o inaugura a Escola Municipal de M&uacute;sica &acute;D. Iracema Peralta Hernandez&acute;, na sede da Funcespp.<\/p>\n<p>No dia 17, ter&ccedil;a-feira, v&eacute;spera da data magna da cidade, &agrave;s 09h ocorre a entrega da pavimenta&ccedil;&atilde;o, drenagem, ilumina&ccedil;&atilde;o e ponte da Vila S&atilde;o Vicente de Paula sobre o C&oacute;rrego S&atilde;o Jo&atilde;o Mirim.<\/p>\n<p>O anivers&aacute;rio de Ponta Por&atilde; abre no dia 18, &agrave;s 06h30 com alvorada festiva e culto ecum&ecirc;nico em louvor e gratid&atilde;o pelas ben&ccedil;&atilde;o de Deus ao munic&iacute;pio, realizado em frente ao Pa&ccedil;o Municipal. &Agrave;s 09h ocorre entrega das obras de drenagem e pavimenta&ccedil;&atilde;o asf&aacute;ltica do Jardim dos Estados na regi&atilde;o do Altos da Gl&oacute;ria.<\/p>\n<p>Dia 20 (sexta-feira) acontece ato da secretaria de sa&uacute;de do programa &acute;Sa&uacute;de Mais perto de Voc&ecirc;&acute; com apresenta&ccedil;&atilde;o e lan&ccedil;amento do &acute;Catarata Zero&acute; e da &acute;Central de Regula&ccedil;&atilde;o&acute;, com entrega de &oacute;culos e servi&ccedil;o de aten&ccedil;&atilde;o domiciliar, ato realizado no sal&atilde;o paroquial da igreja matriz &acute;S&atilde;o Jos&eacute;.<\/p>\n<p>O prefeito H&eacute;lio Peluffo e secret&aacute;rios tamb&eacute;m convidam a popula&ccedil;&atilde;o a participar no dia 21 de julho, da visita t&eacute;cnica &agrave;s obras de recupera&ccedil;&atilde;o da malha vi&aacute;ria do assentamento Nova Itamarati. A programa&ccedil;&atilde;o segue dia 23, com visita &agrave;s novas instala&ccedil;&otilde;es do CAPS (Centro de Aten&ccedil;&atilde;o Psicossocial) e do CREAS (Centro de Refer&ecirc;ncia Especializado de Assist&ecirc;ncia Social).<\/p>\n<p>Na sexta-feira, dia 27, o prefeito H&eacute;lio, secret&aacute;rios, vereadores e a popula&ccedil;&atilde;o convidada a participar da programa&ccedil;&atilde;o participam da entrega da drenagem, pavimenta&ccedil;&atilde;o asf&aacute;ltica e ilumina&ccedil;&atilde;o da rua Vital Brasil. &Agrave;s 14h, acontece a a&ccedil;&atilde;o &acute;Cidadania e Paz&acute;, a&ccedil;&atilde;o coletiva de cidadania com as fam&iacute;lias dos programas sociais ato a ser realizado no audit&oacute;rio da par&oacute;quia S&atilde;o Jos&eacute;.<\/p>\n<p>No dia 31, ter&ccedil;a-feira, a programa&ccedil;&atilde;o abre &agrave;s 09h com visita &agrave;s obras de drenagem e pavimenta&ccedil;&atilde;o no distrito de Sanga Puit&atilde;, seguindo com visita &agrave; drenagem da rua Jamil Saldanha e visita &agrave; constru&ccedil;&atilde;o da Pra&ccedil;a de Esporte e Cultura &acute;Pra&ccedil;a da Juventude&acute;. Em agosto, no dia 03, acontece a entrega de uniformes escolares, celulares e kits de materiais para as escolas municipais, a ser realizado na Escola Municipal &acute;Manoel Martins&acute;.<\/p>\n<p>No domingo, dia 05, &agrave;s 09h, acontece a 2&ordf; Corrida Internacional Fronteira da Amizade, com premia&ccedil;&atilde;o de R$ 12 mil. A largada acontece no Parque dos Ervais. No dia 07, o prefeito H&eacute;lio Peluffo far&aacute; a entrega no Pa&ccedil;o Municipal de certificados de regulariza&ccedil;&atilde;o fundi&aacute;ria para 103 fam&iacute;lias do Residencial Ponta Por&atilde; 2.<\/p>\n<p>&ldquo;Estamos cumprindo o cronograma de trabalho dentro do estabelecido gra&ccedil;as ao comprometimento de toda nossa equipe, do apoio dos vereadores, da bancada federal do Mato Grosso do Sul que tem nos dado suporte na destina&ccedil;&atilde;o de emendas. A nossa meta de equil&iacute;brio fiscal nos possibilita investir com recursos pr&oacute;prios em diversas obras, temos atingido nossas metas com muito trabalho e dedica&ccedil;&atilde;o de todos&rdquo;, afirma o prefeito H&eacute;lio Peluffo.<\/p>\n<p>&nbsp;<\/p>\n<p>PMPP<\/p>\n","protected":false},"excerpt":{"rendered":"<p>Prefeitura lan&ccedil;a ainda o programa &acute;Catarata Zero&acute;, um dos maiores programas de&nbsp;aten&ccedil;&atilde;o visual j&aacute; apresentado no munic&iacute;pio e que atender&aacute; 1.000 pacientes Os 106 anos de Ponta Por&atilde;, dia 18 de julho, ser&atilde;o comemorados com muita festa, inaugura&ccedil;&otilde;es de obras pelo prefeito H&eacute;lio Peluffo. A grade de programa&ccedil;&atilde;oser&aacute; aberta neste dia 12, segue at&eacute; o [&hellip;]<\/p>\n","protected":false},"author":1,"featured_media":0,"comment_status":"open","ping_status":"closed","sticky":false,"template":"","format":"standard","meta":{"footnotes":""},"categories":[],"tags":[],"class_list":["post-638","post","type-post","status-publish","format-standard","hentry"],"yoast_head":"<!-- This site is optimized with the Yoast SEO plugin v27.5 - https:\/\/yoast.com\/product\/yoast-seo-wordpress\/ -->\n<title>Ponta Por\u00e3 106 anos: prefeitura abre programa\u00e7\u00e3o especial neste dia 12 - MsConectado<\/title>\n<meta name=\"robots\" content=\"index, follow, max-snippet:-1, max-image-preview:large, max-video-preview:-1\" \/>\n<link rel=\"canonical\" href=\"https:\/\/msconectado.com.br\/?p=638\" \/>\n<meta property=\"og:locale\" content=\"pt_BR\" \/>\n<meta property=\"og:type\" content=\"article\" \/>\n<meta property=\"og:title\" content=\"Ponta Por\u00e3 106 anos: prefeitura abre programa\u00e7\u00e3o especial neste dia 12 - MsConectado\" \/>\n<meta property=\"og:description\" content=\"Prefeitura lan&ccedil;a ainda o programa &acute;Catarata Zero&acute;, um dos maiores programas de&nbsp;aten&ccedil;&atilde;o visual j&aacute; apresentado no munic&iacute;pio e que atender&aacute; 1.000 pacientes Os 106 anos de Ponta Por&atilde;, dia 18 de julho, ser&atilde;o comemorados com muita festa, inaugura&ccedil;&otilde;es de obras pelo prefeito H&eacute;lio Peluffo. A grade de programa&ccedil;&atilde;oser&aacute; aberta neste dia 12, segue at&eacute; o [&hellip;]\" \/>\n<meta property=\"og:url\" content=\"https:\/\/msconectado.com.br\/?p=638\" \/>\n<meta property=\"og:site_name\" content=\"MsConectado\" \/>\n<meta property=\"article:published_time\" content=\"2023-01-06T16:46:16+00:00\" \/>\n<meta property=\"og:image\" content=\"http:\/\/pontapora.ms.gov.br\/v2\/wp-content\/uploads\/2018\/07\/IMG-20180710-WA0277-300x200.jpg\" \/>\n<meta name=\"author\" content=\"admin\" \/>\n<meta name=\"twitter:card\" content=\"summary_large_image\" \/>\n<meta name=\"twitter:label1\" content=\"Escrito por\" \/>\n\t<meta name=\"twitter:data1\" content=\"admin\" \/>\n\t<meta name=\"twitter:label2\" content=\"Est. tempo de leitura\" \/>\n\t<meta name=\"twitter:data2\" content=\"4 minutos\" \/>\n<script type=\"application\/ld+json\" class=\"yoast-schema-graph\">{\"@context\":\"https:\\\/\\\/schema.org\",\"@graph\":[{\"@type\":\"Article\",\"@id\":\"https:\\\/\\\/msconectado.com.br\\\/?p=638#article\",\"isPartOf\":{\"@id\":\"https:\\\/\\\/msconectado.com.br\\\/?p=638\"},\"author\":{\"name\":\"admin\",\"@id\":\"https:\\\/\\\/msconectado.com.br\\\/#\\\/schema\\\/person\\\/c31be951e281e06994775d63df9fbc5a\"},\"headline\":\"Ponta Por\u00e3 106 anos: prefeitura abre programa\u00e7\u00e3o especial neste dia 12\",\"datePublished\":\"2023-01-06T16:46:16+00:00\",\"mainEntityOfPage\":{\"@id\":\"https:\\\/\\\/msconectado.com.br\\\/?p=638\"},\"wordCount\":864,\"commentCount\":0,\"publisher\":{\"@id\":\"https:\\\/\\\/msconectado.com.br\\\/#organization\"},\"image\":{\"@id\":\"https:\\\/\\\/msconectado.com.br\\\/?p=638#primaryimage\"},\"thumbnailUrl\":\"http:\\\/\\\/pontapora.ms.gov.br\\\/v2\\\/wp-content\\\/uploads\\\/2018\\\/07\\\/IMG-20180710-WA0277-300x200.jpg\",\"inLanguage\":\"pt-BR\",\"potentialAction\":[{\"@type\":\"CommentAction\",\"name\":\"Comment\",\"target\":[\"https:\\\/\\\/msconectado.com.br\\\/?p=638#respond\"]}]},{\"@type\":\"WebPage\",\"@id\":\"https:\\\/\\\/msconectado.com.br\\\/?p=638\",\"url\":\"https:\\\/\\\/msconectado.com.br\\\/?p=638\",\"name\":\"Ponta Por\u00e3 106 anos: prefeitura abre programa\u00e7\u00e3o especial neste dia 12 - MsConectado\",\"isPartOf\":{\"@id\":\"https:\\\/\\\/msconectado.com.br\\\/#website\"},\"primaryImageOfPage\":{\"@id\":\"https:\\\/\\\/msconectado.com.br\\\/?p=638#primaryimage\"},\"image\":{\"@id\":\"https:\\\/\\\/msconectado.com.br\\\/?p=638#primaryimage\"},\"thumbnailUrl\":\"http:\\\/\\\/pontapora.ms.gov.br\\\/v2\\\/wp-content\\\/uploads\\\/2018\\\/07\\\/IMG-20180710-WA0277-300x200.jpg\",\"datePublished\":\"2023-01-06T16:46:16+00:00\",\"breadcrumb\":{\"@id\":\"https:\\\/\\\/msconectado.com.br\\\/?p=638#breadcrumb\"},\"inLanguage\":\"pt-BR\",\"potentialAction\":[{\"@type\":\"ReadAction\",\"target\":[\"https:\\\/\\\/msconectado.com.br\\\/?p=638\"]}]},{\"@type\":\"ImageObject\",\"inLanguage\":\"pt-BR\",\"@id\":\"https:\\\/\\\/msconectado.com.br\\\/?p=638#primaryimage\",\"url\":\"http:\\\/\\\/pontapora.ms.gov.br\\\/v2\\\/wp-content\\\/uploads\\\/2018\\\/07\\\/IMG-20180710-WA0277-300x200.jpg\",\"contentUrl\":\"http:\\\/\\\/pontapora.ms.gov.br\\\/v2\\\/wp-content\\\/uploads\\\/2018\\\/07\\\/IMG-20180710-WA0277-300x200.jpg\"},{\"@type\":\"BreadcrumbList\",\"@id\":\"https:\\\/\\\/msconectado.com.br\\\/?p=638#breadcrumb\",\"itemListElement\":[{\"@type\":\"ListItem\",\"position\":1,\"name\":\"In\u00edcio\",\"item\":\"https:\\\/\\\/msconectado.com.br\\\/\"},{\"@type\":\"ListItem\",\"position\":2,\"name\":\"Ponta Por\u00e3 106 anos: prefeitura abre programa\u00e7\u00e3o especial neste dia 12\"}]},{\"@type\":\"WebSite\",\"@id\":\"https:\\\/\\\/msconectado.com.br\\\/#website\",\"url\":\"https:\\\/\\\/msconectado.com.br\\\/\",\"name\":\"MsConectado\",\"description\":\"Voc\u00ea Conectado com a Not\u00edcia!\",\"publisher\":{\"@id\":\"https:\\\/\\\/msconectado.com.br\\\/#organization\"},\"potentialAction\":[{\"@type\":\"SearchAction\",\"target\":{\"@type\":\"EntryPoint\",\"urlTemplate\":\"https:\\\/\\\/msconectado.com.br\\\/?s={search_term_string}\"},\"query-input\":{\"@type\":\"PropertyValueSpecification\",\"valueRequired\":true,\"valueName\":\"search_term_string\"}}],\"inLanguage\":\"pt-BR\"},{\"@type\":\"Organization\",\"@id\":\"https:\\\/\\\/msconectado.com.br\\\/#organization\",\"name\":\"MsConectado\",\"url\":\"https:\\\/\\\/msconectado.com.br\\\/\",\"logo\":{\"@type\":\"ImageObject\",\"inLanguage\":\"pt-BR\",\"@id\":\"https:\\\/\\\/msconectado.com.br\\\/#\\\/schema\\\/logo\\\/image\\\/\",\"url\":\"https:\\\/\\\/msconectado.com.br\\\/wp-content\\\/uploads\\\/2023\\\/01\\\/cropped-noticia-2.png\",\"contentUrl\":\"https:\\\/\\\/msconectado.com.br\\\/wp-content\\\/uploads\\\/2023\\\/01\\\/cropped-noticia-2.png\",\"width\":720,\"height\":157,\"caption\":\"MsConectado\"},\"image\":{\"@id\":\"https:\\\/\\\/msconectado.com.br\\\/#\\\/schema\\\/logo\\\/image\\\/\"}},{\"@type\":\"Person\",\"@id\":\"https:\\\/\\\/msconectado.com.br\\\/#\\\/schema\\\/person\\\/c31be951e281e06994775d63df9fbc5a\",\"name\":\"admin\",\"image\":{\"@type\":\"ImageObject\",\"inLanguage\":\"pt-BR\",\"@id\":\"https:\\\/\\\/secure.gravatar.com\\\/avatar\\\/dbff33190f980c4231620eb1d5bd57285f8eed74e0b0392297107ff3bacc135d?s=96&d=mm&r=g\",\"url\":\"https:\\\/\\\/secure.gravatar.com\\\/avatar\\\/dbff33190f980c4231620eb1d5bd57285f8eed74e0b0392297107ff3bacc135d?s=96&d=mm&r=g\",\"contentUrl\":\"https:\\\/\\\/secure.gravatar.com\\\/avatar\\\/dbff33190f980c4231620eb1d5bd57285f8eed74e0b0392297107ff3bacc135d?s=96&d=mm&r=g\",\"caption\":\"admin\"},\"sameAs\":[\"https:\\\/\\\/teste.msconectado.com.br\"],\"url\":\"https:\\\/\\\/msconectado.com.br\\\/?author=1\"}]}<\/script>\n<!-- \/ Yoast SEO plugin. -->","yoast_head_json":{"title":"Ponta Por\u00e3 106 anos: prefeitura abre programa\u00e7\u00e3o especial neste dia 12 - MsConectado","robots":{"index":"index","follow":"follow","max-snippet":"max-snippet:-1","max-image-preview":"max-image-preview:large","max-video-preview":"max-video-preview:-1"},"canonical":"https:\/\/msconectado.com.br\/?p=638","og_locale":"pt_BR","og_type":"article","og_title":"Ponta Por\u00e3 106 anos: prefeitura abre programa\u00e7\u00e3o especial neste dia 12 - MsConectado","og_description":"Prefeitura lan&ccedil;a ainda o programa &acute;Catarata Zero&acute;, um dos maiores programas de&nbsp;aten&ccedil;&atilde;o visual j&aacute; apresentado no munic&iacute;pio e que atender&aacute; 1.000 pacientes Os 106 anos de Ponta Por&atilde;, dia 18 de julho, ser&atilde;o comemorados com muita festa, inaugura&ccedil;&otilde;es de obras pelo prefeito H&eacute;lio Peluffo. A grade de programa&ccedil;&atilde;oser&aacute; aberta neste dia 12, segue at&eacute; o [&hellip;]","og_url":"https:\/\/msconectado.com.br\/?p=638","og_site_name":"MsConectado","article_published_time":"2023-01-06T16:46:16+00:00","og_image":[{"url":"http:\/\/pontapora.ms.gov.br\/v2\/wp-content\/uploads\/2018\/07\/IMG-20180710-WA0277-300x200.jpg","type":"","width":"","height":""}],"author":"admin","twitter_card":"summary_large_image","twitter_misc":{"Escrito por":"admin","Est. tempo de leitura":"4 minutos"},"schema":{"@context":"https:\/\/schema.org","@graph":[{"@type":"Article","@id":"https:\/\/msconectado.com.br\/?p=638#article","isPartOf":{"@id":"https:\/\/msconectado.com.br\/?p=638"},"author":{"name":"admin","@id":"https:\/\/msconectado.com.br\/#\/schema\/person\/c31be951e281e06994775d63df9fbc5a"},"headline":"Ponta Por\u00e3 106 anos: prefeitura abre programa\u00e7\u00e3o especial neste dia 12","datePublished":"2023-01-06T16:46:16+00:00","mainEntityOfPage":{"@id":"https:\/\/msconectado.com.br\/?p=638"},"wordCount":864,"commentCount":0,"publisher":{"@id":"https:\/\/msconectado.com.br\/#organization"},"image":{"@id":"https:\/\/msconectado.com.br\/?p=638#primaryimage"},"thumbnailUrl":"http:\/\/pontapora.ms.gov.br\/v2\/wp-content\/uploads\/2018\/07\/IMG-20180710-WA0277-300x200.jpg","inLanguage":"pt-BR","potentialAction":[{"@type":"CommentAction","name":"Comment","target":["https:\/\/msconectado.com.br\/?p=638#respond"]}]},{"@type":"WebPage","@id":"https:\/\/msconectado.com.br\/?p=638","url":"https:\/\/msconectado.com.br\/?p=638","name":"Ponta Por\u00e3 106 anos: prefeitura abre programa\u00e7\u00e3o especial neste dia 12 - MsConectado","isPartOf":{"@id":"https:\/\/msconectado.com.br\/#website"},"primaryImageOfPage":{"@id":"https:\/\/msconectado.com.br\/?p=638#primaryimage"},"image":{"@id":"https:\/\/msconectado.com.br\/?p=638#primaryimage"},"thumbnailUrl":"http:\/\/pontapora.ms.gov.br\/v2\/wp-content\/uploads\/2018\/07\/IMG-20180710-WA0277-300x200.jpg","datePublished":"2023-01-06T16:46:16+00:00","breadcrumb":{"@id":"https:\/\/msconectado.com.br\/?p=638#breadcrumb"},"inLanguage":"pt-BR","potentialAction":[{"@type":"ReadAction","target":["https:\/\/msconectado.com.br\/?p=638"]}]},{"@type":"ImageObject","inLanguage":"pt-BR","@id":"https:\/\/msconectado.com.br\/?p=638#primaryimage","url":"http:\/\/pontapora.ms.gov.br\/v2\/wp-content\/uploads\/2018\/07\/IMG-20180710-WA0277-300x200.jpg","contentUrl":"http:\/\/pontapora.ms.gov.br\/v2\/wp-content\/uploads\/2018\/07\/IMG-20180710-WA0277-300x200.jpg"},{"@type":"BreadcrumbList","@id":"https:\/\/msconectado.com.br\/?p=638#breadcrumb","itemListElement":[{"@type":"ListItem","position":1,"name":"In\u00edcio","item":"https:\/\/msconectado.com.br\/"},{"@type":"ListItem","position":2,"name":"Ponta Por\u00e3 106 anos: prefeitura abre programa\u00e7\u00e3o especial neste dia 12"}]},{"@type":"WebSite","@id":"https:\/\/msconectado.com.br\/#website","url":"https:\/\/msconectado.com.br\/","name":"MsConectado","description":"Voc\u00ea Conectado com a Not\u00edcia!","publisher":{"@id":"https:\/\/msconectado.com.br\/#organization"},"potentialAction":[{"@type":"SearchAction","target":{"@type":"EntryPoint","urlTemplate":"https:\/\/msconectado.com.br\/?s={search_term_string}"},"query-input":{"@type":"PropertyValueSpecification","valueRequired":true,"valueName":"search_term_string"}}],"inLanguage":"pt-BR"},{"@type":"Organization","@id":"https:\/\/msconectado.com.br\/#organization","name":"MsConectado","url":"https:\/\/msconectado.com.br\/","logo":{"@type":"ImageObject","inLanguage":"pt-BR","@id":"https:\/\/msconectado.com.br\/#\/schema\/logo\/image\/","url":"https:\/\/msconectado.com.br\/wp-content\/uploads\/2023\/01\/cropped-noticia-2.png","contentUrl":"https:\/\/msconectado.com.br\/wp-content\/uploads\/2023\/01\/cropped-noticia-2.png","width":720,"height":157,"caption":"MsConectado"},"image":{"@id":"https:\/\/msconectado.com.br\/#\/schema\/logo\/image\/"}},{"@type":"Person","@id":"https:\/\/msconectado.com.br\/#\/schema\/person\/c31be951e281e06994775d63df9fbc5a","name":"admin","image":{"@type":"ImageObject","inLanguage":"pt-BR","@id":"https:\/\/secure.gravatar.com\/avatar\/dbff33190f980c4231620eb1d5bd57285f8eed74e0b0392297107ff3bacc135d?s=96&d=mm&r=g","url":"https:\/\/secure.gravatar.com\/avatar\/dbff33190f980c4231620eb1d5bd57285f8eed74e0b0392297107ff3bacc135d?s=96&d=mm&r=g","contentUrl":"https:\/\/secure.gravatar.com\/avatar\/dbff33190f980c4231620eb1d5bd57285f8eed74e0b0392297107ff3bacc135d?s=96&d=mm&r=g","caption":"admin"},"sameAs":["https:\/\/teste.msconectado.com.br"],"url":"https:\/\/msconectado.com.br\/?author=1"}]}},"_links":{"self":[{"href":"https:\/\/msconectado.com.br\/index.php?rest_route=\/wp\/v2\/posts\/638","targetHints":{"allow":["GET"]}}],"collection":[{"href":"https:\/\/msconectado.com.br\/index.php?rest_route=\/wp\/v2\/posts"}],"about":[{"href":"https:\/\/msconectado.com.br\/index.php?rest_route=\/wp\/v2\/types\/post"}],"author":[{"embeddable":true,"href":"https:\/\/msconectado.com.br\/index.php?rest_route=\/wp\/v2\/users\/1"}],"replies":[{"embeddable":true,"href":"https:\/\/msconectado.com.br\/index.php?rest_route=%2Fwp%2Fv2%2Fcomments&post=638"}],"version-history":[{"count":1,"href":"https:\/\/msconectado.com.br\/index.php?rest_route=\/wp\/v2\/posts\/638\/revisions"}],"predecessor-version":[{"id":5594,"href":"https:\/\/msconectado.com.br\/index.php?rest_route=\/wp\/v2\/posts\/638\/revisions\/5594"}],"wp:attachment":[{"href":"https:\/\/msconectado.com.br\/index.php?rest_route=%2Fwp%2Fv2%2Fmedia&parent=638"}],"wp:term":[{"taxonomy":"category","embeddable":true,"href":"https:\/\/msconectado.com.br\/index.php?rest_route=%2Fwp%2Fv2%2Fcategories&post=638"},{"taxonomy":"post_tag","embeddable":true,"href":"https:\/\/msconectado.com.br\/index.php?rest_route=%2Fwp%2Fv2%2Ftags&post=638"}],"curies":[{"name":"wp","href":"https:\/\/api.w.org\/{rel}","templated":true}]}}