{"id":639,"date":"2023-01-06T16:46:17","date_gmt":"2023-01-06T16:46:17","guid":{"rendered":"https:\/\/teste.msconectado.com.br\/?p=639"},"modified":"2023-01-06T16:46:17","modified_gmt":"2023-01-06T16:46:17","slug":"jardim-prefeitura-ira-notificar-proprietarios-de-terrenos-que-nao-realizarem-limpeza","status":"publish","type":"post","link":"https:\/\/msconectado.com.br\/?p=639","title":{"rendered":"Jardim:  Prefeitura ir\u00e1 notificar propriet\u00e1rios de terrenos que n\u00e3o realizarem limpeza"},"content":{"rendered":"<div class=\"col-lg-9\">\n<div class=\"meio-box\">\n<div class=\"conteudo\">\n<div class=\"noticiaspagina\">\n<div class=\"leitura\">\n<p><span style=\"color: #000000; font-size: medium;\">Nesta segunda-feira (09), o prefeito de Jardim Guilherme Alves Monteiro (PSDB) assinou e sancionou a Lei n&ordm; 1911\/2018, que disp&otilde;e sobre a limpeza e conserva&ccedil;&atilde;o dos im&oacute;veis de propriedade particular situados no munic&iacute;pio de Jardim. De acordo com a nova lei que dever&aacute; ser publicada no di&aacute;rio oficial do munic&iacute;pio, todos os propriet&aacute;rios de terrenos particulares precisam zelar pela limpeza, capina e ro&ccedil;agem de seus lotes situados no per&iacute;metro urbano.<\/span><\/p>\n<p><span style=\"color: #000000; font-size: medium;\">Desta forma, quem n&atilde;o executar os cuidados necess&aacute;rios poder&aacute; ser notificado pela prefeitura municipal e estar&aacute; sujeito &agrave; multa e ao pagamento das despesas com a limpeza, caso o servi&ccedil;o seja realizado pelo poder municipal a partir de ent&atilde;o.<\/span><\/p>\n<p><span style=\"color: #000000; font-size: medium;\">&#8220;Pedimos aos propriet&aacute;rios que fa&ccedil;am a manuten&ccedil;&atilde;o desses locais, pois n&atilde;o &eacute; interesse do munic&iacute;pio aplicar multas&#8221;, apela o prefeito que explica n&atilde;o obter vantagem em transferir a responsabilidade de limpeza ao poder p&uacute;blico, j&aacute; que sai mais em conta se cada mun&iacute;cipe se conscientizar da import&acirc;ncia de manter a cidade limpa, evitando a cria&ccedil;&atilde;o de um ambiente favor&aacute;vel &agrave; prolifera&ccedil;&atilde;o de insetos e animais pe&ccedil;onhentos, al&eacute;m de facilitar que estas &aacute;reas sejam utilizadas como descarte irregular de res&iacute;duos. Al&eacute;m disso, essa &eacute; uma atividade onerosa ao poder p&uacute;blico, que deixar&aacute; de atuar nas &aacute;reas de uso coletivo para atender locais privados&#8221;, aponta Guilherme Monteiro.<\/span><\/p>\n<\/div>\n<div>&nbsp;<\/div>\n<div>PMJM<\/div>\n<\/div>\n<\/div>\n<\/div>\n<\/div>\n<div class=\"col-lg-3\">&nbsp;<\/div>\n","protected":false},"excerpt":{"rendered":"<p>Nesta segunda-feira (09), o prefeito de Jardim Guilherme Alves Monteiro (PSDB) assinou e sancionou a Lei n&ordm; 1911\/2018, que disp&otilde;e sobre a limpeza e conserva&ccedil;&atilde;o dos im&oacute;veis de propriedade particular situados no munic&iacute;pio de Jardim. De acordo com a nova lei que dever&aacute; ser publicada no di&aacute;rio oficial do munic&iacute;pio, todos os propriet&aacute;rios de terrenos [&hellip;]<\/p>\n","protected":false},"author":1,"featured_media":0,"comment_status":"open","ping_status":"closed","sticky":false,"template":"","format":"standard","meta":{"footnotes":""},"categories":[],"tags":[],"class_list":["post-639","post","type-post","status-publish","format-standard","hentry"],"yoast_head":"<!-- This site is optimized with the Yoast SEO plugin v27.4 - https:\/\/yoast.com\/product\/yoast-seo-wordpress\/ -->\n<title>Jardim: Prefeitura ir\u00e1 notificar propriet\u00e1rios de terrenos que n\u00e3o realizarem limpeza - MsConectado<\/title>\n<meta name=\"robots\" content=\"index, follow, max-snippet:-1, max-image-preview:large, max-video-preview:-1\" \/>\n<link rel=\"canonical\" href=\"https:\/\/msconectado.com.br\/?p=639\" \/>\n<meta property=\"og:locale\" content=\"pt_BR\" \/>\n<meta property=\"og:type\" content=\"article\" \/>\n<meta property=\"og:title\" content=\"Jardim: Prefeitura ir\u00e1 notificar propriet\u00e1rios de terrenos que n\u00e3o realizarem limpeza - MsConectado\" \/>\n<meta property=\"og:description\" content=\"Nesta segunda-feira (09), o prefeito de Jardim Guilherme Alves Monteiro (PSDB) assinou e sancionou a Lei n&ordm; 1911\/2018, que disp&otilde;e sobre a limpeza e conserva&ccedil;&atilde;o dos im&oacute;veis de propriedade particular situados no munic&iacute;pio de Jardim. De acordo com a nova lei que dever&aacute; ser publicada no di&aacute;rio oficial do munic&iacute;pio, todos os propriet&aacute;rios de terrenos [&hellip;]\" \/>\n<meta property=\"og:url\" content=\"https:\/\/msconectado.com.br\/?p=639\" \/>\n<meta property=\"og:site_name\" content=\"MsConectado\" \/>\n<meta property=\"article:published_time\" content=\"2023-01-06T16:46:17+00:00\" \/>\n<meta name=\"author\" content=\"admin\" \/>\n<meta name=\"twitter:card\" content=\"summary_large_image\" \/>\n<meta name=\"twitter:label1\" content=\"Escrito por\" \/>\n\t<meta name=\"twitter:data1\" content=\"admin\" \/>\n\t<meta name=\"twitter:label2\" content=\"Est. tempo de leitura\" \/>\n\t<meta name=\"twitter:data2\" content=\"1 minuto\" \/>\n<script type=\"application\/ld+json\" class=\"yoast-schema-graph\">{\"@context\":\"https:\\\/\\\/schema.org\",\"@graph\":[{\"@type\":\"Article\",\"@id\":\"https:\\\/\\\/msconectado.com.br\\\/?p=639#article\",\"isPartOf\":{\"@id\":\"https:\\\/\\\/msconectado.com.br\\\/?p=639\"},\"author\":{\"name\":\"admin\",\"@id\":\"https:\\\/\\\/msconectado.com.br\\\/#\\\/schema\\\/person\\\/c31be951e281e06994775d63df9fbc5a\"},\"headline\":\"Jardim: Prefeitura ir\u00e1 notificar propriet\u00e1rios de terrenos que n\u00e3o realizarem limpeza\",\"datePublished\":\"2023-01-06T16:46:17+00:00\",\"mainEntityOfPage\":{\"@id\":\"https:\\\/\\\/msconectado.com.br\\\/?p=639\"},\"wordCount\":300,\"commentCount\":0,\"publisher\":{\"@id\":\"https:\\\/\\\/msconectado.com.br\\\/#organization\"},\"inLanguage\":\"pt-BR\",\"potentialAction\":[{\"@type\":\"CommentAction\",\"name\":\"Comment\",\"target\":[\"https:\\\/\\\/msconectado.com.br\\\/?p=639#respond\"]}]},{\"@type\":\"WebPage\",\"@id\":\"https:\\\/\\\/msconectado.com.br\\\/?p=639\",\"url\":\"https:\\\/\\\/msconectado.com.br\\\/?p=639\",\"name\":\"Jardim: Prefeitura ir\u00e1 notificar propriet\u00e1rios de terrenos que n\u00e3o realizarem limpeza - MsConectado\",\"isPartOf\":{\"@id\":\"https:\\\/\\\/msconectado.com.br\\\/#website\"},\"datePublished\":\"2023-01-06T16:46:17+00:00\",\"breadcrumb\":{\"@id\":\"https:\\\/\\\/msconectado.com.br\\\/?p=639#breadcrumb\"},\"inLanguage\":\"pt-BR\",\"potentialAction\":[{\"@type\":\"ReadAction\",\"target\":[\"https:\\\/\\\/msconectado.com.br\\\/?p=639\"]}]},{\"@type\":\"BreadcrumbList\",\"@id\":\"https:\\\/\\\/msconectado.com.br\\\/?p=639#breadcrumb\",\"itemListElement\":[{\"@type\":\"ListItem\",\"position\":1,\"name\":\"In\u00edcio\",\"item\":\"https:\\\/\\\/msconectado.com.br\\\/?page_id=105\"},{\"@type\":\"ListItem\",\"position\":2,\"name\":\"Jardim: Prefeitura ir\u00e1 notificar propriet\u00e1rios de terrenos que n\u00e3o realizarem limpeza\"}]},{\"@type\":\"WebSite\",\"@id\":\"https:\\\/\\\/msconectado.com.br\\\/#website\",\"url\":\"https:\\\/\\\/msconectado.com.br\\\/\",\"name\":\"MsConectado\",\"description\":\"Voc\u00ea Conectado com a Not\u00edcia!\",\"publisher\":{\"@id\":\"https:\\\/\\\/msconectado.com.br\\\/#organization\"},\"potentialAction\":[{\"@type\":\"SearchAction\",\"target\":{\"@type\":\"EntryPoint\",\"urlTemplate\":\"https:\\\/\\\/msconectado.com.br\\\/?s={search_term_string}\"},\"query-input\":{\"@type\":\"PropertyValueSpecification\",\"valueRequired\":true,\"valueName\":\"search_term_string\"}}],\"inLanguage\":\"pt-BR\"},{\"@type\":\"Organization\",\"@id\":\"https:\\\/\\\/msconectado.com.br\\\/#organization\",\"name\":\"MsConectado\",\"url\":\"https:\\\/\\\/msconectado.com.br\\\/\",\"logo\":{\"@type\":\"ImageObject\",\"inLanguage\":\"pt-BR\",\"@id\":\"https:\\\/\\\/msconectado.com.br\\\/#\\\/schema\\\/logo\\\/image\\\/\",\"url\":\"https:\\\/\\\/msconectado.com.br\\\/wp-content\\\/uploads\\\/2023\\\/01\\\/cropped-noticia-2.png\",\"contentUrl\":\"https:\\\/\\\/msconectado.com.br\\\/wp-content\\\/uploads\\\/2023\\\/01\\\/cropped-noticia-2.png\",\"width\":720,\"height\":157,\"caption\":\"MsConectado\"},\"image\":{\"@id\":\"https:\\\/\\\/msconectado.com.br\\\/#\\\/schema\\\/logo\\\/image\\\/\"}},{\"@type\":\"Person\",\"@id\":\"https:\\\/\\\/msconectado.com.br\\\/#\\\/schema\\\/person\\\/c31be951e281e06994775d63df9fbc5a\",\"name\":\"admin\",\"image\":{\"@type\":\"ImageObject\",\"inLanguage\":\"pt-BR\",\"@id\":\"https:\\\/\\\/secure.gravatar.com\\\/avatar\\\/dbff33190f980c4231620eb1d5bd57285f8eed74e0b0392297107ff3bacc135d?s=96&d=mm&r=g\",\"url\":\"https:\\\/\\\/secure.gravatar.com\\\/avatar\\\/dbff33190f980c4231620eb1d5bd57285f8eed74e0b0392297107ff3bacc135d?s=96&d=mm&r=g\",\"contentUrl\":\"https:\\\/\\\/secure.gravatar.com\\\/avatar\\\/dbff33190f980c4231620eb1d5bd57285f8eed74e0b0392297107ff3bacc135d?s=96&d=mm&r=g\",\"caption\":\"admin\"},\"sameAs\":[\"https:\\\/\\\/teste.msconectado.com.br\"],\"url\":\"https:\\\/\\\/msconectado.com.br\\\/?author=1\"}]}<\/script>\n<!-- \/ Yoast SEO plugin. -->","yoast_head_json":{"title":"Jardim: Prefeitura ir\u00e1 notificar propriet\u00e1rios de terrenos que n\u00e3o realizarem limpeza - MsConectado","robots":{"index":"index","follow":"follow","max-snippet":"max-snippet:-1","max-image-preview":"max-image-preview:large","max-video-preview":"max-video-preview:-1"},"canonical":"https:\/\/msconectado.com.br\/?p=639","og_locale":"pt_BR","og_type":"article","og_title":"Jardim: Prefeitura ir\u00e1 notificar propriet\u00e1rios de terrenos que n\u00e3o realizarem limpeza - MsConectado","og_description":"Nesta segunda-feira (09), o prefeito de Jardim Guilherme Alves Monteiro (PSDB) assinou e sancionou a Lei n&ordm; 1911\/2018, que disp&otilde;e sobre a limpeza e conserva&ccedil;&atilde;o dos im&oacute;veis de propriedade particular situados no munic&iacute;pio de Jardim. De acordo com a nova lei que dever&aacute; ser publicada no di&aacute;rio oficial do munic&iacute;pio, todos os propriet&aacute;rios de terrenos [&hellip;]","og_url":"https:\/\/msconectado.com.br\/?p=639","og_site_name":"MsConectado","article_published_time":"2023-01-06T16:46:17+00:00","author":"admin","twitter_card":"summary_large_image","twitter_misc":{"Escrito por":"admin","Est. tempo de leitura":"1 minuto"},"schema":{"@context":"https:\/\/schema.org","@graph":[{"@type":"Article","@id":"https:\/\/msconectado.com.br\/?p=639#article","isPartOf":{"@id":"https:\/\/msconectado.com.br\/?p=639"},"author":{"name":"admin","@id":"https:\/\/msconectado.com.br\/#\/schema\/person\/c31be951e281e06994775d63df9fbc5a"},"headline":"Jardim: Prefeitura ir\u00e1 notificar propriet\u00e1rios de terrenos que n\u00e3o realizarem limpeza","datePublished":"2023-01-06T16:46:17+00:00","mainEntityOfPage":{"@id":"https:\/\/msconectado.com.br\/?p=639"},"wordCount":300,"commentCount":0,"publisher":{"@id":"https:\/\/msconectado.com.br\/#organization"},"inLanguage":"pt-BR","potentialAction":[{"@type":"CommentAction","name":"Comment","target":["https:\/\/msconectado.com.br\/?p=639#respond"]}]},{"@type":"WebPage","@id":"https:\/\/msconectado.com.br\/?p=639","url":"https:\/\/msconectado.com.br\/?p=639","name":"Jardim: Prefeitura ir\u00e1 notificar propriet\u00e1rios de terrenos que n\u00e3o realizarem limpeza - MsConectado","isPartOf":{"@id":"https:\/\/msconectado.com.br\/#website"},"datePublished":"2023-01-06T16:46:17+00:00","breadcrumb":{"@id":"https:\/\/msconectado.com.br\/?p=639#breadcrumb"},"inLanguage":"pt-BR","potentialAction":[{"@type":"ReadAction","target":["https:\/\/msconectado.com.br\/?p=639"]}]},{"@type":"BreadcrumbList","@id":"https:\/\/msconectado.com.br\/?p=639#breadcrumb","itemListElement":[{"@type":"ListItem","position":1,"name":"In\u00edcio","item":"https:\/\/msconectado.com.br\/?page_id=105"},{"@type":"ListItem","position":2,"name":"Jardim: Prefeitura ir\u00e1 notificar propriet\u00e1rios de terrenos que n\u00e3o realizarem limpeza"}]},{"@type":"WebSite","@id":"https:\/\/msconectado.com.br\/#website","url":"https:\/\/msconectado.com.br\/","name":"MsConectado","description":"Voc\u00ea Conectado com a Not\u00edcia!","publisher":{"@id":"https:\/\/msconectado.com.br\/#organization"},"potentialAction":[{"@type":"SearchAction","target":{"@type":"EntryPoint","urlTemplate":"https:\/\/msconectado.com.br\/?s={search_term_string}"},"query-input":{"@type":"PropertyValueSpecification","valueRequired":true,"valueName":"search_term_string"}}],"inLanguage":"pt-BR"},{"@type":"Organization","@id":"https:\/\/msconectado.com.br\/#organization","name":"MsConectado","url":"https:\/\/msconectado.com.br\/","logo":{"@type":"ImageObject","inLanguage":"pt-BR","@id":"https:\/\/msconectado.com.br\/#\/schema\/logo\/image\/","url":"https:\/\/msconectado.com.br\/wp-content\/uploads\/2023\/01\/cropped-noticia-2.png","contentUrl":"https:\/\/msconectado.com.br\/wp-content\/uploads\/2023\/01\/cropped-noticia-2.png","width":720,"height":157,"caption":"MsConectado"},"image":{"@id":"https:\/\/msconectado.com.br\/#\/schema\/logo\/image\/"}},{"@type":"Person","@id":"https:\/\/msconectado.com.br\/#\/schema\/person\/c31be951e281e06994775d63df9fbc5a","name":"admin","image":{"@type":"ImageObject","inLanguage":"pt-BR","@id":"https:\/\/secure.gravatar.com\/avatar\/dbff33190f980c4231620eb1d5bd57285f8eed74e0b0392297107ff3bacc135d?s=96&d=mm&r=g","url":"https:\/\/secure.gravatar.com\/avatar\/dbff33190f980c4231620eb1d5bd57285f8eed74e0b0392297107ff3bacc135d?s=96&d=mm&r=g","contentUrl":"https:\/\/secure.gravatar.com\/avatar\/dbff33190f980c4231620eb1d5bd57285f8eed74e0b0392297107ff3bacc135d?s=96&d=mm&r=g","caption":"admin"},"sameAs":["https:\/\/teste.msconectado.com.br"],"url":"https:\/\/msconectado.com.br\/?author=1"}]}},"_links":{"self":[{"href":"https:\/\/msconectado.com.br\/index.php?rest_route=\/wp\/v2\/posts\/639","targetHints":{"allow":["GET"]}}],"collection":[{"href":"https:\/\/msconectado.com.br\/index.php?rest_route=\/wp\/v2\/posts"}],"about":[{"href":"https:\/\/msconectado.com.br\/index.php?rest_route=\/wp\/v2\/types\/post"}],"author":[{"embeddable":true,"href":"https:\/\/msconectado.com.br\/index.php?rest_route=\/wp\/v2\/users\/1"}],"replies":[{"embeddable":true,"href":"https:\/\/msconectado.com.br\/index.php?rest_route=%2Fwp%2Fv2%2Fcomments&post=639"}],"version-history":[{"count":1,"href":"https:\/\/msconectado.com.br\/index.php?rest_route=\/wp\/v2\/posts\/639\/revisions"}],"predecessor-version":[{"id":5595,"href":"https:\/\/msconectado.com.br\/index.php?rest_route=\/wp\/v2\/posts\/639\/revisions\/5595"}],"wp:attachment":[{"href":"https:\/\/msconectado.com.br\/index.php?rest_route=%2Fwp%2Fv2%2Fmedia&parent=639"}],"wp:term":[{"taxonomy":"category","embeddable":true,"href":"https:\/\/msconectado.com.br\/index.php?rest_route=%2Fwp%2Fv2%2Fcategories&post=639"},{"taxonomy":"post_tag","embeddable":true,"href":"https:\/\/msconectado.com.br\/index.php?rest_route=%2Fwp%2Fv2%2Ftags&post=639"}],"curies":[{"name":"wp","href":"https:\/\/api.w.org\/{rel}","templated":true}]}}