
{"id":647,"date":"2023-01-06T16:46:22","date_gmt":"2023-01-06T16:46:22","guid":{"rendered":"https:\/\/teste.msconectado.com.br\/?p=647"},"modified":"2023-01-06T16:46:22","modified_gmt":"2023-01-06T16:46:22","slug":"delcidio-tem-chances-de-disputar-eleicoes-em-outubro-diz-jurista-de-ms","status":"publish","type":"post","link":"https:\/\/msconectado.com.br\/?p=647","title":{"rendered":"Delc\u00eddio tem chances de disputar elei\u00e7\u00f5es em outubro, diz jurista de MS"},"content":{"rendered":"<p>Absolvido da acusa&ccedil;&atilde;o de obstru&ccedil;&atilde;o de justi&ccedil;a na Justi&ccedil;a Federal do Distrito Federal, o ex-senador Delc&iacute;dio do Amaral tem boas chances de disputar as pr&oacute;ximas elei&ccedil;&otilde;es em outubro, diz o jurista Andr&eacute; Luis Borges Neto. Atualmente, o ex-petista est&aacute; ineleg&iacute;vel por seis anos e agora precisa ir &agrave; Justi&ccedil;a reaver seus direitos pol&iacute;ticos para se candidatar.<\/p>\n<p>A decis&atilde;o do juiz federal Ricardo Augusto Soares Leite, da 10&ordf; Vara Federal do Distrito Federal, foi publicada nesta quinta-feira (12). Conforme Andr&eacute; Borges, com a decis&atilde;o, &#8216;Delc&iacute;dio tem todas as condi&ccedil;&otilde;es de entrar na Justi&ccedil;a para tentar anular a decis&atilde;o do Senado, que cassou seus direitos pol&iacute;ticos&#8217;.<\/p>\n<p>Ainda segundo o jurista, a argumenta&ccedil;&atilde;o na Justi&ccedil;a de que pode ser candidato ser&aacute; a pr&oacute;pria senten&ccedil;a judicial, que, entre outros pontos, destaca que o Minist&eacute;rio P&uacute;blico Federal n&atilde;o conseguiu provar suas alega&ccedil;&otilde;es e que n&atilde;o houve pr&aacute;tica de crime.<\/p>\n<p>No entendimento de Neto, a Justi&ccedil;a Federal deve ser a inst&acirc;ncia judicial apropriada onde o pol&iacute;tico sul-mato-grossense poder&aacute; buscar o reestabelecimento de seus direitos pol&iacute;ticos.<\/p>\n<p>Sobre a cassa&ccedil;&atilde;o do mandado de Delc&iacute;dio pelo Senado Federal em maio de 2016, o jurista diz que o ex-senador pode pedir indeniza&ccedil;&atilde;o quanto &agrave;quela decis&atilde;o da Casa de Leis. &nbsp;<\/p>\n<p><img fetchpriority=\"high\" decoding=\"async\" src=\"http:\/\/www.topmidianews.com.br\/upload\/ckeditor\/images\/pedro%20ladeira%20folha%20press.jpeg\" alt=\"\" width=\"640\" height=\"396\" \/><\/p>\n<p><em>Delc&iacute;dio foi cassado pelos colegas de Senado em maio de 2016. (Foto: Pedro Ladeira &#8211; Folhapress)<\/em><\/p>\n<p><strong>O caso<\/strong><\/p>\n<p>Delc&iacute;dio do Amaral ficou 87 dias preso em Bras&iacute;lia ap&oacute;s ser flagrado em &aacute;udio, segundo a Procuradoria-Geral da Rep&uacute;blica, com Bernardo Cerver&oacute;, filho do ex-diretor da Petrobras, Nestor Cerver&oacute;, prometendo facilitar a fuga do pai para a Espanha, via Paraguai. O objetivo do parlamentar era que Nestor n&atilde;o fizesse a dela&ccedil;&atilde;o premiada.<\/p>\n<p>Segundo as investiga&ccedil;&otilde;es, Delc&iacute;dio tamb&eacute;m prometeu ajuda financeira de R$ 50 mil mensais para a fam&iacute;lia e honor&aacute;rios de R$ 4 milh&otilde;es para o advogado em troca do sil&ecirc;ncio de Cerver&oacute; em sua dela&ccedil;&atilde;o premiada em rela&ccedil;&atilde;o a suspeitas sobre ele.<\/p>\n<p>No entendimento do Minist&eacute;rio P&uacute;blico, ficou evidente a obstru&ccedil;&atilde;o de justi&ccedil;a para que Cerver&oacute; n&atilde;o fechasse acordo de dela&ccedil;&atilde;o premiada. Como o crime foi cometido em Bras&iacute;lia, Amaral e outros cinco r&eacute;us passaram a ser julgados pela Justi&ccedil;a Federal do DF.<\/p>\n<p>No entanto, para o juiz Ricardo Augusto Soares Leite, a grava&ccedil;&atilde;o da conversa telef&ocirc;nica entre Delc&iacute;dio e mais seis acusados n&atilde;o foi suficiente para estabelecer a condena&ccedil;&atilde;o dos r&eacute;us.<\/p>\n<p>&#8216;O &aacute;udio captado n&atilde;o constitui prova v&aacute;lida para ensejar qualquer decreto condenat&oacute;rio . H&aacute; suspeitas tamb&eacute;m da oculta&ccedil;&atilde;o de fatos por Bernardo e Cerver&oacute;&#8217;, afirmou o juiz na decis&atilde;o.<\/p>\n<p>Leite citou ainda os artigos 17 do C&oacute;digo Penal, que fala sobre flagrante preparado, e o artigo 4&ordm;, da lei 12.850\/13 , que diz que senten&ccedil;as n&atilde;o podem ser proferidas com fundamento apenas em dela&ccedil;&atilde;o premiada.<\/p>\n<p>&nbsp;<\/p>\n<p><em>Foto: Reprodu&ccedil;&atilde;o Ag&ecirc;ncia Senado<\/em><\/p>\n<p><em>Por:&nbsp;Thiago de Souza &#8211;&nbsp;topmidianews<\/em><\/p>\n","protected":false},"excerpt":{"rendered":"<p>Absolvido da acusa&ccedil;&atilde;o de obstru&ccedil;&atilde;o de justi&ccedil;a na Justi&ccedil;a Federal do Distrito Federal, o ex-senador Delc&iacute;dio do Amaral tem boas chances de disputar as pr&oacute;ximas elei&ccedil;&otilde;es em outubro, diz o jurista Andr&eacute; Luis Borges Neto. Atualmente, o ex-petista est&aacute; ineleg&iacute;vel por seis anos e agora precisa ir &agrave; Justi&ccedil;a reaver seus direitos pol&iacute;ticos para se [&hellip;]<\/p>\n","protected":false},"author":1,"featured_media":0,"comment_status":"open","ping_status":"closed","sticky":false,"template":"","format":"standard","meta":{"footnotes":""},"categories":[],"tags":[],"class_list":["post-647","post","type-post","status-publish","format-standard","hentry"],"yoast_head":"<!-- This site is optimized with the Yoast SEO plugin v27.5 - https:\/\/yoast.com\/product\/yoast-seo-wordpress\/ -->\n<title>Delc\u00eddio tem chances de disputar elei\u00e7\u00f5es em outubro, diz jurista de MS - MsConectado<\/title>\n<meta name=\"robots\" content=\"index, follow, max-snippet:-1, max-image-preview:large, max-video-preview:-1\" \/>\n<link rel=\"canonical\" href=\"https:\/\/msconectado.com.br\/?p=647\" \/>\n<meta property=\"og:locale\" content=\"pt_BR\" \/>\n<meta property=\"og:type\" content=\"article\" \/>\n<meta property=\"og:title\" content=\"Delc\u00eddio tem chances de disputar elei\u00e7\u00f5es em outubro, diz jurista de MS - MsConectado\" \/>\n<meta property=\"og:description\" content=\"Absolvido da acusa&ccedil;&atilde;o de obstru&ccedil;&atilde;o de justi&ccedil;a na Justi&ccedil;a Federal do Distrito Federal, o ex-senador Delc&iacute;dio do Amaral tem boas chances de disputar as pr&oacute;ximas elei&ccedil;&otilde;es em outubro, diz o jurista Andr&eacute; Luis Borges Neto. Atualmente, o ex-petista est&aacute; ineleg&iacute;vel por seis anos e agora precisa ir &agrave; Justi&ccedil;a reaver seus direitos pol&iacute;ticos para se [&hellip;]\" \/>\n<meta property=\"og:url\" content=\"https:\/\/msconectado.com.br\/?p=647\" \/>\n<meta property=\"og:site_name\" content=\"MsConectado\" \/>\n<meta property=\"article:published_time\" content=\"2023-01-06T16:46:22+00:00\" \/>\n<meta property=\"og:image\" content=\"http:\/\/www.topmidianews.com.br\/upload\/ckeditor\/images\/pedro%20ladeira%20folha%20press.jpeg\" \/>\n<meta name=\"author\" content=\"admin\" \/>\n<meta name=\"twitter:card\" content=\"summary_large_image\" \/>\n<meta name=\"twitter:label1\" content=\"Escrito por\" \/>\n\t<meta name=\"twitter:data1\" content=\"admin\" \/>\n\t<meta name=\"twitter:label2\" content=\"Est. tempo de leitura\" \/>\n\t<meta name=\"twitter:data2\" content=\"3 minutos\" \/>\n<script type=\"application\/ld+json\" class=\"yoast-schema-graph\">{\"@context\":\"https:\\\/\\\/schema.org\",\"@graph\":[{\"@type\":\"Article\",\"@id\":\"https:\\\/\\\/msconectado.com.br\\\/?p=647#article\",\"isPartOf\":{\"@id\":\"https:\\\/\\\/msconectado.com.br\\\/?p=647\"},\"author\":{\"name\":\"admin\",\"@id\":\"https:\\\/\\\/msconectado.com.br\\\/#\\\/schema\\\/person\\\/c31be951e281e06994775d63df9fbc5a\"},\"headline\":\"Delc\u00eddio tem chances de disputar elei\u00e7\u00f5es em outubro, diz jurista de MS\",\"datePublished\":\"2023-01-06T16:46:22+00:00\",\"mainEntityOfPage\":{\"@id\":\"https:\\\/\\\/msconectado.com.br\\\/?p=647\"},\"wordCount\":652,\"commentCount\":0,\"publisher\":{\"@id\":\"https:\\\/\\\/msconectado.com.br\\\/#organization\"},\"image\":{\"@id\":\"https:\\\/\\\/msconectado.com.br\\\/?p=647#primaryimage\"},\"thumbnailUrl\":\"http:\\\/\\\/www.topmidianews.com.br\\\/upload\\\/ckeditor\\\/images\\\/pedro%20ladeira%20folha%20press.jpeg\",\"inLanguage\":\"pt-BR\",\"potentialAction\":[{\"@type\":\"CommentAction\",\"name\":\"Comment\",\"target\":[\"https:\\\/\\\/msconectado.com.br\\\/?p=647#respond\"]}]},{\"@type\":\"WebPage\",\"@id\":\"https:\\\/\\\/msconectado.com.br\\\/?p=647\",\"url\":\"https:\\\/\\\/msconectado.com.br\\\/?p=647\",\"name\":\"Delc\u00eddio tem chances de disputar elei\u00e7\u00f5es em outubro, diz jurista de MS - MsConectado\",\"isPartOf\":{\"@id\":\"https:\\\/\\\/msconectado.com.br\\\/#website\"},\"primaryImageOfPage\":{\"@id\":\"https:\\\/\\\/msconectado.com.br\\\/?p=647#primaryimage\"},\"image\":{\"@id\":\"https:\\\/\\\/msconectado.com.br\\\/?p=647#primaryimage\"},\"thumbnailUrl\":\"http:\\\/\\\/www.topmidianews.com.br\\\/upload\\\/ckeditor\\\/images\\\/pedro%20ladeira%20folha%20press.jpeg\",\"datePublished\":\"2023-01-06T16:46:22+00:00\",\"breadcrumb\":{\"@id\":\"https:\\\/\\\/msconectado.com.br\\\/?p=647#breadcrumb\"},\"inLanguage\":\"pt-BR\",\"potentialAction\":[{\"@type\":\"ReadAction\",\"target\":[\"https:\\\/\\\/msconectado.com.br\\\/?p=647\"]}]},{\"@type\":\"ImageObject\",\"inLanguage\":\"pt-BR\",\"@id\":\"https:\\\/\\\/msconectado.com.br\\\/?p=647#primaryimage\",\"url\":\"http:\\\/\\\/www.topmidianews.com.br\\\/upload\\\/ckeditor\\\/images\\\/pedro%20ladeira%20folha%20press.jpeg\",\"contentUrl\":\"http:\\\/\\\/www.topmidianews.com.br\\\/upload\\\/ckeditor\\\/images\\\/pedro%20ladeira%20folha%20press.jpeg\"},{\"@type\":\"BreadcrumbList\",\"@id\":\"https:\\\/\\\/msconectado.com.br\\\/?p=647#breadcrumb\",\"itemListElement\":[{\"@type\":\"ListItem\",\"position\":1,\"name\":\"In\u00edcio\",\"item\":\"https:\\\/\\\/msconectado.com.br\\\/\"},{\"@type\":\"ListItem\",\"position\":2,\"name\":\"Delc\u00eddio tem chances de disputar elei\u00e7\u00f5es em outubro, diz jurista de MS\"}]},{\"@type\":\"WebSite\",\"@id\":\"https:\\\/\\\/msconectado.com.br\\\/#website\",\"url\":\"https:\\\/\\\/msconectado.com.br\\\/\",\"name\":\"MsConectado\",\"description\":\"Voc\u00ea Conectado com a Not\u00edcia!\",\"publisher\":{\"@id\":\"https:\\\/\\\/msconectado.com.br\\\/#organization\"},\"potentialAction\":[{\"@type\":\"SearchAction\",\"target\":{\"@type\":\"EntryPoint\",\"urlTemplate\":\"https:\\\/\\\/msconectado.com.br\\\/?s={search_term_string}\"},\"query-input\":{\"@type\":\"PropertyValueSpecification\",\"valueRequired\":true,\"valueName\":\"search_term_string\"}}],\"inLanguage\":\"pt-BR\"},{\"@type\":\"Organization\",\"@id\":\"https:\\\/\\\/msconectado.com.br\\\/#organization\",\"name\":\"MsConectado\",\"url\":\"https:\\\/\\\/msconectado.com.br\\\/\",\"logo\":{\"@type\":\"ImageObject\",\"inLanguage\":\"pt-BR\",\"@id\":\"https:\\\/\\\/msconectado.com.br\\\/#\\\/schema\\\/logo\\\/image\\\/\",\"url\":\"https:\\\/\\\/msconectado.com.br\\\/wp-content\\\/uploads\\\/2023\\\/01\\\/cropped-noticia-2.png\",\"contentUrl\":\"https:\\\/\\\/msconectado.com.br\\\/wp-content\\\/uploads\\\/2023\\\/01\\\/cropped-noticia-2.png\",\"width\":720,\"height\":157,\"caption\":\"MsConectado\"},\"image\":{\"@id\":\"https:\\\/\\\/msconectado.com.br\\\/#\\\/schema\\\/logo\\\/image\\\/\"}},{\"@type\":\"Person\",\"@id\":\"https:\\\/\\\/msconectado.com.br\\\/#\\\/schema\\\/person\\\/c31be951e281e06994775d63df9fbc5a\",\"name\":\"admin\",\"image\":{\"@type\":\"ImageObject\",\"inLanguage\":\"pt-BR\",\"@id\":\"https:\\\/\\\/secure.gravatar.com\\\/avatar\\\/dbff33190f980c4231620eb1d5bd57285f8eed74e0b0392297107ff3bacc135d?s=96&d=mm&r=g\",\"url\":\"https:\\\/\\\/secure.gravatar.com\\\/avatar\\\/dbff33190f980c4231620eb1d5bd57285f8eed74e0b0392297107ff3bacc135d?s=96&d=mm&r=g\",\"contentUrl\":\"https:\\\/\\\/secure.gravatar.com\\\/avatar\\\/dbff33190f980c4231620eb1d5bd57285f8eed74e0b0392297107ff3bacc135d?s=96&d=mm&r=g\",\"caption\":\"admin\"},\"sameAs\":[\"https:\\\/\\\/teste.msconectado.com.br\"],\"url\":\"https:\\\/\\\/msconectado.com.br\\\/?author=1\"}]}<\/script>\n<!-- \/ Yoast SEO plugin. -->","yoast_head_json":{"title":"Delc\u00eddio tem chances de disputar elei\u00e7\u00f5es em outubro, diz jurista de MS - MsConectado","robots":{"index":"index","follow":"follow","max-snippet":"max-snippet:-1","max-image-preview":"max-image-preview:large","max-video-preview":"max-video-preview:-1"},"canonical":"https:\/\/msconectado.com.br\/?p=647","og_locale":"pt_BR","og_type":"article","og_title":"Delc\u00eddio tem chances de disputar elei\u00e7\u00f5es em outubro, diz jurista de MS - MsConectado","og_description":"Absolvido da acusa&ccedil;&atilde;o de obstru&ccedil;&atilde;o de justi&ccedil;a na Justi&ccedil;a Federal do Distrito Federal, o ex-senador Delc&iacute;dio do Amaral tem boas chances de disputar as pr&oacute;ximas elei&ccedil;&otilde;es em outubro, diz o jurista Andr&eacute; Luis Borges Neto. Atualmente, o ex-petista est&aacute; ineleg&iacute;vel por seis anos e agora precisa ir &agrave; Justi&ccedil;a reaver seus direitos pol&iacute;ticos para se [&hellip;]","og_url":"https:\/\/msconectado.com.br\/?p=647","og_site_name":"MsConectado","article_published_time":"2023-01-06T16:46:22+00:00","og_image":[{"url":"http:\/\/www.topmidianews.com.br\/upload\/ckeditor\/images\/pedro%20ladeira%20folha%20press.jpeg","type":"","width":"","height":""}],"author":"admin","twitter_card":"summary_large_image","twitter_misc":{"Escrito por":"admin","Est. tempo de leitura":"3 minutos"},"schema":{"@context":"https:\/\/schema.org","@graph":[{"@type":"Article","@id":"https:\/\/msconectado.com.br\/?p=647#article","isPartOf":{"@id":"https:\/\/msconectado.com.br\/?p=647"},"author":{"name":"admin","@id":"https:\/\/msconectado.com.br\/#\/schema\/person\/c31be951e281e06994775d63df9fbc5a"},"headline":"Delc\u00eddio tem chances de disputar elei\u00e7\u00f5es em outubro, diz jurista de MS","datePublished":"2023-01-06T16:46:22+00:00","mainEntityOfPage":{"@id":"https:\/\/msconectado.com.br\/?p=647"},"wordCount":652,"commentCount":0,"publisher":{"@id":"https:\/\/msconectado.com.br\/#organization"},"image":{"@id":"https:\/\/msconectado.com.br\/?p=647#primaryimage"},"thumbnailUrl":"http:\/\/www.topmidianews.com.br\/upload\/ckeditor\/images\/pedro%20ladeira%20folha%20press.jpeg","inLanguage":"pt-BR","potentialAction":[{"@type":"CommentAction","name":"Comment","target":["https:\/\/msconectado.com.br\/?p=647#respond"]}]},{"@type":"WebPage","@id":"https:\/\/msconectado.com.br\/?p=647","url":"https:\/\/msconectado.com.br\/?p=647","name":"Delc\u00eddio tem chances de disputar elei\u00e7\u00f5es em outubro, diz jurista de MS - MsConectado","isPartOf":{"@id":"https:\/\/msconectado.com.br\/#website"},"primaryImageOfPage":{"@id":"https:\/\/msconectado.com.br\/?p=647#primaryimage"},"image":{"@id":"https:\/\/msconectado.com.br\/?p=647#primaryimage"},"thumbnailUrl":"http:\/\/www.topmidianews.com.br\/upload\/ckeditor\/images\/pedro%20ladeira%20folha%20press.jpeg","datePublished":"2023-01-06T16:46:22+00:00","breadcrumb":{"@id":"https:\/\/msconectado.com.br\/?p=647#breadcrumb"},"inLanguage":"pt-BR","potentialAction":[{"@type":"ReadAction","target":["https:\/\/msconectado.com.br\/?p=647"]}]},{"@type":"ImageObject","inLanguage":"pt-BR","@id":"https:\/\/msconectado.com.br\/?p=647#primaryimage","url":"http:\/\/www.topmidianews.com.br\/upload\/ckeditor\/images\/pedro%20ladeira%20folha%20press.jpeg","contentUrl":"http:\/\/www.topmidianews.com.br\/upload\/ckeditor\/images\/pedro%20ladeira%20folha%20press.jpeg"},{"@type":"BreadcrumbList","@id":"https:\/\/msconectado.com.br\/?p=647#breadcrumb","itemListElement":[{"@type":"ListItem","position":1,"name":"In\u00edcio","item":"https:\/\/msconectado.com.br\/"},{"@type":"ListItem","position":2,"name":"Delc\u00eddio tem chances de disputar elei\u00e7\u00f5es em outubro, diz jurista de MS"}]},{"@type":"WebSite","@id":"https:\/\/msconectado.com.br\/#website","url":"https:\/\/msconectado.com.br\/","name":"MsConectado","description":"Voc\u00ea Conectado com a Not\u00edcia!","publisher":{"@id":"https:\/\/msconectado.com.br\/#organization"},"potentialAction":[{"@type":"SearchAction","target":{"@type":"EntryPoint","urlTemplate":"https:\/\/msconectado.com.br\/?s={search_term_string}"},"query-input":{"@type":"PropertyValueSpecification","valueRequired":true,"valueName":"search_term_string"}}],"inLanguage":"pt-BR"},{"@type":"Organization","@id":"https:\/\/msconectado.com.br\/#organization","name":"MsConectado","url":"https:\/\/msconectado.com.br\/","logo":{"@type":"ImageObject","inLanguage":"pt-BR","@id":"https:\/\/msconectado.com.br\/#\/schema\/logo\/image\/","url":"https:\/\/msconectado.com.br\/wp-content\/uploads\/2023\/01\/cropped-noticia-2.png","contentUrl":"https:\/\/msconectado.com.br\/wp-content\/uploads\/2023\/01\/cropped-noticia-2.png","width":720,"height":157,"caption":"MsConectado"},"image":{"@id":"https:\/\/msconectado.com.br\/#\/schema\/logo\/image\/"}},{"@type":"Person","@id":"https:\/\/msconectado.com.br\/#\/schema\/person\/c31be951e281e06994775d63df9fbc5a","name":"admin","image":{"@type":"ImageObject","inLanguage":"pt-BR","@id":"https:\/\/secure.gravatar.com\/avatar\/dbff33190f980c4231620eb1d5bd57285f8eed74e0b0392297107ff3bacc135d?s=96&d=mm&r=g","url":"https:\/\/secure.gravatar.com\/avatar\/dbff33190f980c4231620eb1d5bd57285f8eed74e0b0392297107ff3bacc135d?s=96&d=mm&r=g","contentUrl":"https:\/\/secure.gravatar.com\/avatar\/dbff33190f980c4231620eb1d5bd57285f8eed74e0b0392297107ff3bacc135d?s=96&d=mm&r=g","caption":"admin"},"sameAs":["https:\/\/teste.msconectado.com.br"],"url":"https:\/\/msconectado.com.br\/?author=1"}]}},"_links":{"self":[{"href":"https:\/\/msconectado.com.br\/index.php?rest_route=\/wp\/v2\/posts\/647","targetHints":{"allow":["GET"]}}],"collection":[{"href":"https:\/\/msconectado.com.br\/index.php?rest_route=\/wp\/v2\/posts"}],"about":[{"href":"https:\/\/msconectado.com.br\/index.php?rest_route=\/wp\/v2\/types\/post"}],"author":[{"embeddable":true,"href":"https:\/\/msconectado.com.br\/index.php?rest_route=\/wp\/v2\/users\/1"}],"replies":[{"embeddable":true,"href":"https:\/\/msconectado.com.br\/index.php?rest_route=%2Fwp%2Fv2%2Fcomments&post=647"}],"version-history":[{"count":1,"href":"https:\/\/msconectado.com.br\/index.php?rest_route=\/wp\/v2\/posts\/647\/revisions"}],"predecessor-version":[{"id":5603,"href":"https:\/\/msconectado.com.br\/index.php?rest_route=\/wp\/v2\/posts\/647\/revisions\/5603"}],"wp:attachment":[{"href":"https:\/\/msconectado.com.br\/index.php?rest_route=%2Fwp%2Fv2%2Fmedia&parent=647"}],"wp:term":[{"taxonomy":"category","embeddable":true,"href":"https:\/\/msconectado.com.br\/index.php?rest_route=%2Fwp%2Fv2%2Fcategories&post=647"},{"taxonomy":"post_tag","embeddable":true,"href":"https:\/\/msconectado.com.br\/index.php?rest_route=%2Fwp%2Fv2%2Ftags&post=647"}],"curies":[{"name":"wp","href":"https:\/\/api.w.org\/{rel}","templated":true}]}}