
{"id":648,"date":"2023-01-06T16:46:22","date_gmt":"2023-01-06T16:46:22","guid":{"rendered":"https:\/\/teste.msconectado.com.br\/?p=648"},"modified":"2023-01-06T16:46:22","modified_gmt":"2023-01-06T16:46:22","slug":"justica-eleitoral-inicia-o-processo-de-convocacao-dos-mesarios-para-as-eleicoes-2018","status":"publish","type":"post","link":"https:\/\/msconectado.com.br\/?p=648","title":{"rendered":"Justi\u00e7a Eleitoral inicia o processo de convoca\u00e7\u00e3o dos mes\u00e1rios para as Elei\u00e7\u00f5es 2018"},"content":{"rendered":"<p>Os convocados ser&atilde;o notificados e dever&atilde;o comparecer ao treinamento na data e hor&aacute;rio estipulados na intima&ccedil;&atilde;o.<\/p>\n<p>Os Cart&oacute;rios Eleitorais do estado de Mato Grosso do Sul deram in&iacute;cio ao processo de convoca&ccedil;&atilde;o dos mes&aacute;rios que atuar&atilde;o nas se&ccedil;&otilde;es de vota&ccedil;&atilde;o das elei&ccedil;&otilde;es de outubro deste ano. Os convocados ser&atilde;o notificados e dever&atilde;o comparecer ao treinamento na data e hor&aacute;rio estipulados na intima&ccedil;&atilde;o.<\/p>\n<p><strong>Quem pode ser mes&aacute;rio<\/strong><\/p>\n<p>Para fazer parte desta equipe &eacute; necess&aacute;rio ter mais de 18 anos, n&atilde;o ser candidato ou fazer parte da diretoria de partidos pol&iacute;ticos e n&atilde;o desempenhar cargos de confian&ccedil;a no Executivo, ser autoridade ou agente policial.<\/p>\n<p><strong>Vantagens<\/strong><\/p>\n<p>Al&eacute;m de contribuir com a democracia, o cidad&atilde;o que atua como mes&aacute;rio volunt&aacute;rio ter&aacute; garantido dois dias de dispensa do servi&ccedil;o, p&uacute;blico ou privado, por cada dia trabalhado nas elei&ccedil;&otilde;es e de treinamento.<\/p>\n<p>Para alunos de Faculdades e Universidades as horas trabalhadas contam como atividade extracurricular, al&eacute;m de servir como crit&eacute;rio de desempate em concurso p&uacute;blico, quando estabelecido no edital.<\/p>\n<p>Para inscrever-se,<a href=\"http:\/\/www.tre-ms.jus.br\/eleitor\/mesario-voluntario\/inscricao-mesario-voluntario\" target=\"_blank\" rel=\"noopener\">&nbsp;clique aqui.<\/a><\/p>\n<p>&nbsp;<\/p>\n<p>TRE-MS<\/p>\n","protected":false},"excerpt":{"rendered":"<p>Os convocados ser&atilde;o notificados e dever&atilde;o comparecer ao treinamento na data e hor&aacute;rio estipulados na intima&ccedil;&atilde;o. Os Cart&oacute;rios Eleitorais do estado de Mato Grosso do Sul deram in&iacute;cio ao processo de convoca&ccedil;&atilde;o dos mes&aacute;rios que atuar&atilde;o nas se&ccedil;&otilde;es de vota&ccedil;&atilde;o das elei&ccedil;&otilde;es de outubro deste ano. Os convocados ser&atilde;o notificados e dever&atilde;o comparecer ao treinamento [&hellip;]<\/p>\n","protected":false},"author":1,"featured_media":0,"comment_status":"open","ping_status":"closed","sticky":false,"template":"","format":"standard","meta":{"footnotes":""},"categories":[],"tags":[],"class_list":["post-648","post","type-post","status-publish","format-standard","hentry"],"yoast_head":"<!-- This site is optimized with the Yoast SEO plugin v27.5 - https:\/\/yoast.com\/product\/yoast-seo-wordpress\/ -->\n<title>Justi\u00e7a Eleitoral inicia o processo de convoca\u00e7\u00e3o dos mes\u00e1rios para as Elei\u00e7\u00f5es 2018 - MsConectado<\/title>\n<meta name=\"robots\" content=\"index, follow, max-snippet:-1, max-image-preview:large, max-video-preview:-1\" \/>\n<link rel=\"canonical\" href=\"https:\/\/msconectado.com.br\/?p=648\" \/>\n<meta property=\"og:locale\" content=\"pt_BR\" \/>\n<meta property=\"og:type\" content=\"article\" \/>\n<meta property=\"og:title\" content=\"Justi\u00e7a Eleitoral inicia o processo de convoca\u00e7\u00e3o dos mes\u00e1rios para as Elei\u00e7\u00f5es 2018 - MsConectado\" \/>\n<meta property=\"og:description\" content=\"Os convocados ser&atilde;o notificados e dever&atilde;o comparecer ao treinamento na data e hor&aacute;rio estipulados na intima&ccedil;&atilde;o. Os Cart&oacute;rios Eleitorais do estado de Mato Grosso do Sul deram in&iacute;cio ao processo de convoca&ccedil;&atilde;o dos mes&aacute;rios que atuar&atilde;o nas se&ccedil;&otilde;es de vota&ccedil;&atilde;o das elei&ccedil;&otilde;es de outubro deste ano. Os convocados ser&atilde;o notificados e dever&atilde;o comparecer ao treinamento [&hellip;]\" \/>\n<meta property=\"og:url\" content=\"https:\/\/msconectado.com.br\/?p=648\" \/>\n<meta property=\"og:site_name\" content=\"MsConectado\" \/>\n<meta property=\"article:published_time\" content=\"2023-01-06T16:46:22+00:00\" \/>\n<meta name=\"author\" content=\"admin\" \/>\n<meta name=\"twitter:card\" content=\"summary_large_image\" \/>\n<meta name=\"twitter:label1\" content=\"Escrito por\" \/>\n\t<meta name=\"twitter:data1\" content=\"admin\" \/>\n\t<meta name=\"twitter:label2\" content=\"Est. tempo de leitura\" \/>\n\t<meta name=\"twitter:data2\" content=\"1 minuto\" \/>\n<script type=\"application\/ld+json\" class=\"yoast-schema-graph\">{\"@context\":\"https:\\\/\\\/schema.org\",\"@graph\":[{\"@type\":\"Article\",\"@id\":\"https:\\\/\\\/msconectado.com.br\\\/?p=648#article\",\"isPartOf\":{\"@id\":\"https:\\\/\\\/msconectado.com.br\\\/?p=648\"},\"author\":{\"name\":\"admin\",\"@id\":\"https:\\\/\\\/msconectado.com.br\\\/#\\\/schema\\\/person\\\/c31be951e281e06994775d63df9fbc5a\"},\"headline\":\"Justi\u00e7a Eleitoral inicia o processo de convoca\u00e7\u00e3o dos mes\u00e1rios para as Elei\u00e7\u00f5es 2018\",\"datePublished\":\"2023-01-06T16:46:22+00:00\",\"mainEntityOfPage\":{\"@id\":\"https:\\\/\\\/msconectado.com.br\\\/?p=648\"},\"wordCount\":257,\"commentCount\":0,\"publisher\":{\"@id\":\"https:\\\/\\\/msconectado.com.br\\\/#organization\"},\"inLanguage\":\"pt-BR\",\"potentialAction\":[{\"@type\":\"CommentAction\",\"name\":\"Comment\",\"target\":[\"https:\\\/\\\/msconectado.com.br\\\/?p=648#respond\"]}]},{\"@type\":\"WebPage\",\"@id\":\"https:\\\/\\\/msconectado.com.br\\\/?p=648\",\"url\":\"https:\\\/\\\/msconectado.com.br\\\/?p=648\",\"name\":\"Justi\u00e7a Eleitoral inicia o processo de convoca\u00e7\u00e3o dos mes\u00e1rios para as Elei\u00e7\u00f5es 2018 - MsConectado\",\"isPartOf\":{\"@id\":\"https:\\\/\\\/msconectado.com.br\\\/#website\"},\"datePublished\":\"2023-01-06T16:46:22+00:00\",\"breadcrumb\":{\"@id\":\"https:\\\/\\\/msconectado.com.br\\\/?p=648#breadcrumb\"},\"inLanguage\":\"pt-BR\",\"potentialAction\":[{\"@type\":\"ReadAction\",\"target\":[\"https:\\\/\\\/msconectado.com.br\\\/?p=648\"]}]},{\"@type\":\"BreadcrumbList\",\"@id\":\"https:\\\/\\\/msconectado.com.br\\\/?p=648#breadcrumb\",\"itemListElement\":[{\"@type\":\"ListItem\",\"position\":1,\"name\":\"In\u00edcio\",\"item\":\"https:\\\/\\\/msconectado.com.br\\\/\"},{\"@type\":\"ListItem\",\"position\":2,\"name\":\"Justi\u00e7a Eleitoral inicia o processo de convoca\u00e7\u00e3o dos mes\u00e1rios para as Elei\u00e7\u00f5es 2018\"}]},{\"@type\":\"WebSite\",\"@id\":\"https:\\\/\\\/msconectado.com.br\\\/#website\",\"url\":\"https:\\\/\\\/msconectado.com.br\\\/\",\"name\":\"MsConectado\",\"description\":\"Voc\u00ea Conectado com a Not\u00edcia!\",\"publisher\":{\"@id\":\"https:\\\/\\\/msconectado.com.br\\\/#organization\"},\"potentialAction\":[{\"@type\":\"SearchAction\",\"target\":{\"@type\":\"EntryPoint\",\"urlTemplate\":\"https:\\\/\\\/msconectado.com.br\\\/?s={search_term_string}\"},\"query-input\":{\"@type\":\"PropertyValueSpecification\",\"valueRequired\":true,\"valueName\":\"search_term_string\"}}],\"inLanguage\":\"pt-BR\"},{\"@type\":\"Organization\",\"@id\":\"https:\\\/\\\/msconectado.com.br\\\/#organization\",\"name\":\"MsConectado\",\"url\":\"https:\\\/\\\/msconectado.com.br\\\/\",\"logo\":{\"@type\":\"ImageObject\",\"inLanguage\":\"pt-BR\",\"@id\":\"https:\\\/\\\/msconectado.com.br\\\/#\\\/schema\\\/logo\\\/image\\\/\",\"url\":\"https:\\\/\\\/msconectado.com.br\\\/wp-content\\\/uploads\\\/2023\\\/01\\\/cropped-noticia-2.png\",\"contentUrl\":\"https:\\\/\\\/msconectado.com.br\\\/wp-content\\\/uploads\\\/2023\\\/01\\\/cropped-noticia-2.png\",\"width\":720,\"height\":157,\"caption\":\"MsConectado\"},\"image\":{\"@id\":\"https:\\\/\\\/msconectado.com.br\\\/#\\\/schema\\\/logo\\\/image\\\/\"}},{\"@type\":\"Person\",\"@id\":\"https:\\\/\\\/msconectado.com.br\\\/#\\\/schema\\\/person\\\/c31be951e281e06994775d63df9fbc5a\",\"name\":\"admin\",\"image\":{\"@type\":\"ImageObject\",\"inLanguage\":\"pt-BR\",\"@id\":\"https:\\\/\\\/secure.gravatar.com\\\/avatar\\\/dbff33190f980c4231620eb1d5bd57285f8eed74e0b0392297107ff3bacc135d?s=96&d=mm&r=g\",\"url\":\"https:\\\/\\\/secure.gravatar.com\\\/avatar\\\/dbff33190f980c4231620eb1d5bd57285f8eed74e0b0392297107ff3bacc135d?s=96&d=mm&r=g\",\"contentUrl\":\"https:\\\/\\\/secure.gravatar.com\\\/avatar\\\/dbff33190f980c4231620eb1d5bd57285f8eed74e0b0392297107ff3bacc135d?s=96&d=mm&r=g\",\"caption\":\"admin\"},\"sameAs\":[\"https:\\\/\\\/teste.msconectado.com.br\"],\"url\":\"https:\\\/\\\/msconectado.com.br\\\/?author=1\"}]}<\/script>\n<!-- \/ Yoast SEO plugin. -->","yoast_head_json":{"title":"Justi\u00e7a Eleitoral inicia o processo de convoca\u00e7\u00e3o dos mes\u00e1rios para as Elei\u00e7\u00f5es 2018 - MsConectado","robots":{"index":"index","follow":"follow","max-snippet":"max-snippet:-1","max-image-preview":"max-image-preview:large","max-video-preview":"max-video-preview:-1"},"canonical":"https:\/\/msconectado.com.br\/?p=648","og_locale":"pt_BR","og_type":"article","og_title":"Justi\u00e7a Eleitoral inicia o processo de convoca\u00e7\u00e3o dos mes\u00e1rios para as Elei\u00e7\u00f5es 2018 - MsConectado","og_description":"Os convocados ser&atilde;o notificados e dever&atilde;o comparecer ao treinamento na data e hor&aacute;rio estipulados na intima&ccedil;&atilde;o. Os Cart&oacute;rios Eleitorais do estado de Mato Grosso do Sul deram in&iacute;cio ao processo de convoca&ccedil;&atilde;o dos mes&aacute;rios que atuar&atilde;o nas se&ccedil;&otilde;es de vota&ccedil;&atilde;o das elei&ccedil;&otilde;es de outubro deste ano. Os convocados ser&atilde;o notificados e dever&atilde;o comparecer ao treinamento [&hellip;]","og_url":"https:\/\/msconectado.com.br\/?p=648","og_site_name":"MsConectado","article_published_time":"2023-01-06T16:46:22+00:00","author":"admin","twitter_card":"summary_large_image","twitter_misc":{"Escrito por":"admin","Est. tempo de leitura":"1 minuto"},"schema":{"@context":"https:\/\/schema.org","@graph":[{"@type":"Article","@id":"https:\/\/msconectado.com.br\/?p=648#article","isPartOf":{"@id":"https:\/\/msconectado.com.br\/?p=648"},"author":{"name":"admin","@id":"https:\/\/msconectado.com.br\/#\/schema\/person\/c31be951e281e06994775d63df9fbc5a"},"headline":"Justi\u00e7a Eleitoral inicia o processo de convoca\u00e7\u00e3o dos mes\u00e1rios para as Elei\u00e7\u00f5es 2018","datePublished":"2023-01-06T16:46:22+00:00","mainEntityOfPage":{"@id":"https:\/\/msconectado.com.br\/?p=648"},"wordCount":257,"commentCount":0,"publisher":{"@id":"https:\/\/msconectado.com.br\/#organization"},"inLanguage":"pt-BR","potentialAction":[{"@type":"CommentAction","name":"Comment","target":["https:\/\/msconectado.com.br\/?p=648#respond"]}]},{"@type":"WebPage","@id":"https:\/\/msconectado.com.br\/?p=648","url":"https:\/\/msconectado.com.br\/?p=648","name":"Justi\u00e7a Eleitoral inicia o processo de convoca\u00e7\u00e3o dos mes\u00e1rios para as Elei\u00e7\u00f5es 2018 - MsConectado","isPartOf":{"@id":"https:\/\/msconectado.com.br\/#website"},"datePublished":"2023-01-06T16:46:22+00:00","breadcrumb":{"@id":"https:\/\/msconectado.com.br\/?p=648#breadcrumb"},"inLanguage":"pt-BR","potentialAction":[{"@type":"ReadAction","target":["https:\/\/msconectado.com.br\/?p=648"]}]},{"@type":"BreadcrumbList","@id":"https:\/\/msconectado.com.br\/?p=648#breadcrumb","itemListElement":[{"@type":"ListItem","position":1,"name":"In\u00edcio","item":"https:\/\/msconectado.com.br\/"},{"@type":"ListItem","position":2,"name":"Justi\u00e7a Eleitoral inicia o processo de convoca\u00e7\u00e3o dos mes\u00e1rios para as Elei\u00e7\u00f5es 2018"}]},{"@type":"WebSite","@id":"https:\/\/msconectado.com.br\/#website","url":"https:\/\/msconectado.com.br\/","name":"MsConectado","description":"Voc\u00ea Conectado com a Not\u00edcia!","publisher":{"@id":"https:\/\/msconectado.com.br\/#organization"},"potentialAction":[{"@type":"SearchAction","target":{"@type":"EntryPoint","urlTemplate":"https:\/\/msconectado.com.br\/?s={search_term_string}"},"query-input":{"@type":"PropertyValueSpecification","valueRequired":true,"valueName":"search_term_string"}}],"inLanguage":"pt-BR"},{"@type":"Organization","@id":"https:\/\/msconectado.com.br\/#organization","name":"MsConectado","url":"https:\/\/msconectado.com.br\/","logo":{"@type":"ImageObject","inLanguage":"pt-BR","@id":"https:\/\/msconectado.com.br\/#\/schema\/logo\/image\/","url":"https:\/\/msconectado.com.br\/wp-content\/uploads\/2023\/01\/cropped-noticia-2.png","contentUrl":"https:\/\/msconectado.com.br\/wp-content\/uploads\/2023\/01\/cropped-noticia-2.png","width":720,"height":157,"caption":"MsConectado"},"image":{"@id":"https:\/\/msconectado.com.br\/#\/schema\/logo\/image\/"}},{"@type":"Person","@id":"https:\/\/msconectado.com.br\/#\/schema\/person\/c31be951e281e06994775d63df9fbc5a","name":"admin","image":{"@type":"ImageObject","inLanguage":"pt-BR","@id":"https:\/\/secure.gravatar.com\/avatar\/dbff33190f980c4231620eb1d5bd57285f8eed74e0b0392297107ff3bacc135d?s=96&d=mm&r=g","url":"https:\/\/secure.gravatar.com\/avatar\/dbff33190f980c4231620eb1d5bd57285f8eed74e0b0392297107ff3bacc135d?s=96&d=mm&r=g","contentUrl":"https:\/\/secure.gravatar.com\/avatar\/dbff33190f980c4231620eb1d5bd57285f8eed74e0b0392297107ff3bacc135d?s=96&d=mm&r=g","caption":"admin"},"sameAs":["https:\/\/teste.msconectado.com.br"],"url":"https:\/\/msconectado.com.br\/?author=1"}]}},"_links":{"self":[{"href":"https:\/\/msconectado.com.br\/index.php?rest_route=\/wp\/v2\/posts\/648","targetHints":{"allow":["GET"]}}],"collection":[{"href":"https:\/\/msconectado.com.br\/index.php?rest_route=\/wp\/v2\/posts"}],"about":[{"href":"https:\/\/msconectado.com.br\/index.php?rest_route=\/wp\/v2\/types\/post"}],"author":[{"embeddable":true,"href":"https:\/\/msconectado.com.br\/index.php?rest_route=\/wp\/v2\/users\/1"}],"replies":[{"embeddable":true,"href":"https:\/\/msconectado.com.br\/index.php?rest_route=%2Fwp%2Fv2%2Fcomments&post=648"}],"version-history":[{"count":1,"href":"https:\/\/msconectado.com.br\/index.php?rest_route=\/wp\/v2\/posts\/648\/revisions"}],"predecessor-version":[{"id":5604,"href":"https:\/\/msconectado.com.br\/index.php?rest_route=\/wp\/v2\/posts\/648\/revisions\/5604"}],"wp:attachment":[{"href":"https:\/\/msconectado.com.br\/index.php?rest_route=%2Fwp%2Fv2%2Fmedia&parent=648"}],"wp:term":[{"taxonomy":"category","embeddable":true,"href":"https:\/\/msconectado.com.br\/index.php?rest_route=%2Fwp%2Fv2%2Fcategories&post=648"},{"taxonomy":"post_tag","embeddable":true,"href":"https:\/\/msconectado.com.br\/index.php?rest_route=%2Fwp%2Fv2%2Ftags&post=648"}],"curies":[{"name":"wp","href":"https:\/\/api.w.org\/{rel}","templated":true}]}}