
{"id":883,"date":"2023-01-06T16:50:10","date_gmt":"2023-01-06T16:50:10","guid":{"rendered":"https:\/\/teste.msconectado.com.br\/?p=883"},"modified":"2023-01-06T16:50:10","modified_gmt":"2023-01-06T16:50:10","slug":"capital-com-estrutura-de-ginasio-prefeitura-inaugura-novo-centro-de-formacao-de-atletas","status":"publish","type":"post","link":"https:\/\/msconectado.com.br\/?p=883","title":{"rendered":"Capital: Com estrutura de gin\u00e1sio, Prefeitura inaugura novo Centro de Forma\u00e7\u00e3o de Atletas"},"content":{"rendered":"<p>Marcado por muita emo&ccedil;&atilde;o o novo Centro de Forma&ccedil;&atilde;o de Atletas &ndash; Cefat foi inaugurado neste s&aacute;bado (25) na avenida Costa e Silva pr&oacute;ximo &agrave; UFMS. O espa&ccedil;o ganhou o nome da professora Rose Rocha, idealizadora do Projeto de Gin&aacute;stica Art&iacute;stica de Campo Grande.<\/p>\n<p><img fetchpriority=\"high\" decoding=\"async\" class=\" wp-image-31843 alignright\" src=\"http:\/\/www.campogrande.ms.gov.br\/cgnoticias\/wp-content\/uploads\/sites\/3\/2018\/08\/IMG_6978-Copy1-1024x682.jpg\" alt=\"IMG_6978 (Copy)\" width=\"409\" height=\"272\" data-width=\"409\" \/><\/p>\n<p>Valorizando a modalidade, o prefeito Marquinhos Trad destacou a hist&oacute;ria do projeto CEFAT lembrando a import&acirc;ncia do trabalho da Professora Rose.<\/p>\n<p>&ldquo;Ela come&ccedil;ou na gin&aacute;stica em 1987 e o Centro de Forma&ccedil;&atilde;o de Atletas era o sonho da Rose, n&atilde;o apenas o local, mas o espa&ccedil;o adequado que atendesse com qualidade e seguran&ccedil;a nossas 400 crian&ccedil;as inscritas no projeto e esse espa&ccedil;o representa tamb&eacute;m maior diversifica&ccedil;&atilde;o nas op&ccedil;&otilde;es esportivas na Capital, ainda mais a gin&aacute;stica art&iacute;stica que tamb&eacute;m uma pratica que fascina jovens e crian&ccedil;as&rdquo;, comentou.<\/p>\n<p>Passando por cinco espa&ccedil;os at&eacute; hoje, o novo Cefat ganha uma estrutura completa para a pr&aacute;tica do esporte, conforme comentou o diretor-presidente da Funda&ccedil;&atilde;o Municipal de Esportes, Rodrigo Terra.<\/p>\n<p>&ldquo;Quando visitamos o pr&eacute;dio antigo do Cefat, ano passado, o que nos chamou aten&ccedil;&atilde;o foi a import&acirc;ncia do projeto para crian&ccedil;as e professores, mas ele n&atilde;o estava apto &agrave;s crian&ccedil;as. E naquele momento come&ccedil;amos a trabalhar para encontrar um local para o projeto que j&aacute; revelou muitos atletas nacionais e internacionais&rdquo;, e ele finaliza agradecendo a professora Rose Rocha que sempre esteve &agrave; frente deste projeto. &ldquo;A Rose esteve por muitos e muitos anos junto com os professores incentivando a participa&ccedil;&atilde;o das crian&ccedil;as e entusiasmando novos profissionais na gin&aacute;stica&rdquo;.<\/p>\n<p><img decoding=\"async\" class=\" wp-image-31844 alignright\" src=\"http:\/\/www.campogrande.ms.gov.br\/cgnoticias\/wp-content\/uploads\/sites\/3\/2018\/08\/IMG_6934-Copy1-1024x682.jpg\" alt=\"IMG_6934 (Copy)\" width=\"404\" height=\"269\" data-width=\"404\" \/><\/p>\n<p>Autor do projeto que instituiu o nome do Cefat Rose Rocha, o vereador&nbsp;&nbsp;Carl&atilde;o, lembrou da hist&oacute;ria deixada pela professora.&nbsp;&ldquo;Um exemplo para as mulheres de dignidade como m&atilde;e, profissional. Tirou muita gente das ruas, das drogas e sem fazer alarde. Deixou bons exemplos&rdquo;, pontuou.<\/p>\n<p>Com direito a tablado de gin&aacute;stica, cavalo, argolas, camas el&aacute;sticas e profissionais capacitados para a pr&aacute;tica, as aulas s&atilde;o gratuitas e s&atilde;o voltadas &agrave;s crian&ccedil;as de 5 at&eacute; 12 anos.&nbsp;Emocionado, o marido de Rose e presidente da C&acirc;mara Municipal de Campo Grande, vereador Jo&atilde;o Rocha (PSDB), n&atilde;o conteve as l&aacute;grimas e em seu lugar a neta Gabriela agradeceu a homenagem.<\/p>\n<p><strong>CEFAT<\/strong><\/p>\n<p>O novo Cefat conta com&nbsp;tablado de gin&aacute;stica, cavalo, argolas, camas el&aacute;sticas e profissionais capacitados para a pr&aacute;tica, as aulas s&atilde;o gratuitas e atendem 400 crian&ccedil;as. Com&nbsp;salas diferenciadas para os pais, secretaria, sala de ballet, vesti&aacute;rios para atletas e uma &aacute;rea ampla que favorece os treinos dos ginastas que tem entre 5 e 14 anos e fazem parte do Projeto Jovem Talento Esportivo desenvolvido pela Funesp.<\/p>\n<p>&nbsp;<\/p>\n<p><em><strong>Por: PMCG<\/strong><\/em><\/p>\n","protected":false},"excerpt":{"rendered":"<p>Marcado por muita emo&ccedil;&atilde;o o novo Centro de Forma&ccedil;&atilde;o de Atletas &ndash; Cefat foi inaugurado neste s&aacute;bado (25) na avenida Costa e Silva pr&oacute;ximo &agrave; UFMS. O espa&ccedil;o ganhou o nome da professora Rose Rocha, idealizadora do Projeto de Gin&aacute;stica Art&iacute;stica de Campo Grande. Valorizando a modalidade, o prefeito Marquinhos Trad destacou a hist&oacute;ria do [&hellip;]<\/p>\n","protected":false},"author":1,"featured_media":0,"comment_status":"open","ping_status":"closed","sticky":false,"template":"","format":"standard","meta":{"footnotes":""},"categories":[],"tags":[],"class_list":["post-883","post","type-post","status-publish","format-standard","hentry"],"yoast_head":"<!-- This site is optimized with the Yoast SEO plugin v27.5 - https:\/\/yoast.com\/product\/yoast-seo-wordpress\/ -->\n<title>Capital: Com estrutura de gin\u00e1sio, Prefeitura inaugura novo Centro de Forma\u00e7\u00e3o de Atletas - MsConectado<\/title>\n<meta name=\"robots\" content=\"index, follow, max-snippet:-1, max-image-preview:large, max-video-preview:-1\" \/>\n<link rel=\"canonical\" href=\"https:\/\/msconectado.com.br\/?p=883\" \/>\n<meta property=\"og:locale\" content=\"pt_BR\" \/>\n<meta property=\"og:type\" content=\"article\" \/>\n<meta property=\"og:title\" content=\"Capital: Com estrutura de gin\u00e1sio, Prefeitura inaugura novo Centro de Forma\u00e7\u00e3o de Atletas - MsConectado\" \/>\n<meta property=\"og:description\" content=\"Marcado por muita emo&ccedil;&atilde;o o novo Centro de Forma&ccedil;&atilde;o de Atletas &ndash; Cefat foi inaugurado neste s&aacute;bado (25) na avenida Costa e Silva pr&oacute;ximo &agrave; UFMS. O espa&ccedil;o ganhou o nome da professora Rose Rocha, idealizadora do Projeto de Gin&aacute;stica Art&iacute;stica de Campo Grande. Valorizando a modalidade, o prefeito Marquinhos Trad destacou a hist&oacute;ria do [&hellip;]\" \/>\n<meta property=\"og:url\" content=\"https:\/\/msconectado.com.br\/?p=883\" \/>\n<meta property=\"og:site_name\" content=\"MsConectado\" \/>\n<meta property=\"article:published_time\" content=\"2023-01-06T16:50:10+00:00\" \/>\n<meta property=\"og:image\" content=\"http:\/\/www.campogrande.ms.gov.br\/cgnoticias\/wp-content\/uploads\/sites\/3\/2018\/08\/IMG_6978-Copy1-1024x682.jpg\" \/>\n<meta name=\"author\" content=\"admin\" \/>\n<meta name=\"twitter:card\" content=\"summary_large_image\" \/>\n<meta name=\"twitter:label1\" content=\"Escrito por\" \/>\n\t<meta name=\"twitter:data1\" content=\"admin\" \/>\n\t<meta name=\"twitter:label2\" content=\"Est. tempo de leitura\" \/>\n\t<meta name=\"twitter:data2\" content=\"3 minutos\" \/>\n<script type=\"application\/ld+json\" class=\"yoast-schema-graph\">{\"@context\":\"https:\\\/\\\/schema.org\",\"@graph\":[{\"@type\":\"Article\",\"@id\":\"https:\\\/\\\/msconectado.com.br\\\/?p=883#article\",\"isPartOf\":{\"@id\":\"https:\\\/\\\/msconectado.com.br\\\/?p=883\"},\"author\":{\"name\":\"admin\",\"@id\":\"https:\\\/\\\/msconectado.com.br\\\/#\\\/schema\\\/person\\\/c31be951e281e06994775d63df9fbc5a\"},\"headline\":\"Capital: Com estrutura de gin\u00e1sio, Prefeitura inaugura novo Centro de Forma\u00e7\u00e3o de Atletas\",\"datePublished\":\"2023-01-06T16:50:10+00:00\",\"mainEntityOfPage\":{\"@id\":\"https:\\\/\\\/msconectado.com.br\\\/?p=883\"},\"wordCount\":572,\"commentCount\":0,\"publisher\":{\"@id\":\"https:\\\/\\\/msconectado.com.br\\\/#organization\"},\"image\":{\"@id\":\"https:\\\/\\\/msconectado.com.br\\\/?p=883#primaryimage\"},\"thumbnailUrl\":\"http:\\\/\\\/www.campogrande.ms.gov.br\\\/cgnoticias\\\/wp-content\\\/uploads\\\/sites\\\/3\\\/2018\\\/08\\\/IMG_6978-Copy1-1024x682.jpg\",\"inLanguage\":\"pt-BR\",\"potentialAction\":[{\"@type\":\"CommentAction\",\"name\":\"Comment\",\"target\":[\"https:\\\/\\\/msconectado.com.br\\\/?p=883#respond\"]}]},{\"@type\":\"WebPage\",\"@id\":\"https:\\\/\\\/msconectado.com.br\\\/?p=883\",\"url\":\"https:\\\/\\\/msconectado.com.br\\\/?p=883\",\"name\":\"Capital: Com estrutura de gin\u00e1sio, Prefeitura inaugura novo Centro de Forma\u00e7\u00e3o de Atletas - MsConectado\",\"isPartOf\":{\"@id\":\"https:\\\/\\\/msconectado.com.br\\\/#website\"},\"primaryImageOfPage\":{\"@id\":\"https:\\\/\\\/msconectado.com.br\\\/?p=883#primaryimage\"},\"image\":{\"@id\":\"https:\\\/\\\/msconectado.com.br\\\/?p=883#primaryimage\"},\"thumbnailUrl\":\"http:\\\/\\\/www.campogrande.ms.gov.br\\\/cgnoticias\\\/wp-content\\\/uploads\\\/sites\\\/3\\\/2018\\\/08\\\/IMG_6978-Copy1-1024x682.jpg\",\"datePublished\":\"2023-01-06T16:50:10+00:00\",\"breadcrumb\":{\"@id\":\"https:\\\/\\\/msconectado.com.br\\\/?p=883#breadcrumb\"},\"inLanguage\":\"pt-BR\",\"potentialAction\":[{\"@type\":\"ReadAction\",\"target\":[\"https:\\\/\\\/msconectado.com.br\\\/?p=883\"]}]},{\"@type\":\"ImageObject\",\"inLanguage\":\"pt-BR\",\"@id\":\"https:\\\/\\\/msconectado.com.br\\\/?p=883#primaryimage\",\"url\":\"http:\\\/\\\/www.campogrande.ms.gov.br\\\/cgnoticias\\\/wp-content\\\/uploads\\\/sites\\\/3\\\/2018\\\/08\\\/IMG_6978-Copy1-1024x682.jpg\",\"contentUrl\":\"http:\\\/\\\/www.campogrande.ms.gov.br\\\/cgnoticias\\\/wp-content\\\/uploads\\\/sites\\\/3\\\/2018\\\/08\\\/IMG_6978-Copy1-1024x682.jpg\"},{\"@type\":\"BreadcrumbList\",\"@id\":\"https:\\\/\\\/msconectado.com.br\\\/?p=883#breadcrumb\",\"itemListElement\":[{\"@type\":\"ListItem\",\"position\":1,\"name\":\"In\u00edcio\",\"item\":\"https:\\\/\\\/msconectado.com.br\\\/\"},{\"@type\":\"ListItem\",\"position\":2,\"name\":\"Capital: Com estrutura de gin\u00e1sio, Prefeitura inaugura novo Centro de Forma\u00e7\u00e3o de Atletas\"}]},{\"@type\":\"WebSite\",\"@id\":\"https:\\\/\\\/msconectado.com.br\\\/#website\",\"url\":\"https:\\\/\\\/msconectado.com.br\\\/\",\"name\":\"MsConectado\",\"description\":\"Voc\u00ea Conectado com a Not\u00edcia!\",\"publisher\":{\"@id\":\"https:\\\/\\\/msconectado.com.br\\\/#organization\"},\"potentialAction\":[{\"@type\":\"SearchAction\",\"target\":{\"@type\":\"EntryPoint\",\"urlTemplate\":\"https:\\\/\\\/msconectado.com.br\\\/?s={search_term_string}\"},\"query-input\":{\"@type\":\"PropertyValueSpecification\",\"valueRequired\":true,\"valueName\":\"search_term_string\"}}],\"inLanguage\":\"pt-BR\"},{\"@type\":\"Organization\",\"@id\":\"https:\\\/\\\/msconectado.com.br\\\/#organization\",\"name\":\"MsConectado\",\"url\":\"https:\\\/\\\/msconectado.com.br\\\/\",\"logo\":{\"@type\":\"ImageObject\",\"inLanguage\":\"pt-BR\",\"@id\":\"https:\\\/\\\/msconectado.com.br\\\/#\\\/schema\\\/logo\\\/image\\\/\",\"url\":\"https:\\\/\\\/msconectado.com.br\\\/wp-content\\\/uploads\\\/2023\\\/01\\\/cropped-noticia-2.png\",\"contentUrl\":\"https:\\\/\\\/msconectado.com.br\\\/wp-content\\\/uploads\\\/2023\\\/01\\\/cropped-noticia-2.png\",\"width\":720,\"height\":157,\"caption\":\"MsConectado\"},\"image\":{\"@id\":\"https:\\\/\\\/msconectado.com.br\\\/#\\\/schema\\\/logo\\\/image\\\/\"}},{\"@type\":\"Person\",\"@id\":\"https:\\\/\\\/msconectado.com.br\\\/#\\\/schema\\\/person\\\/c31be951e281e06994775d63df9fbc5a\",\"name\":\"admin\",\"image\":{\"@type\":\"ImageObject\",\"inLanguage\":\"pt-BR\",\"@id\":\"https:\\\/\\\/secure.gravatar.com\\\/avatar\\\/dbff33190f980c4231620eb1d5bd57285f8eed74e0b0392297107ff3bacc135d?s=96&d=mm&r=g\",\"url\":\"https:\\\/\\\/secure.gravatar.com\\\/avatar\\\/dbff33190f980c4231620eb1d5bd57285f8eed74e0b0392297107ff3bacc135d?s=96&d=mm&r=g\",\"contentUrl\":\"https:\\\/\\\/secure.gravatar.com\\\/avatar\\\/dbff33190f980c4231620eb1d5bd57285f8eed74e0b0392297107ff3bacc135d?s=96&d=mm&r=g\",\"caption\":\"admin\"},\"sameAs\":[\"https:\\\/\\\/teste.msconectado.com.br\"],\"url\":\"https:\\\/\\\/msconectado.com.br\\\/?author=1\"}]}<\/script>\n<!-- \/ Yoast SEO plugin. -->","yoast_head_json":{"title":"Capital: Com estrutura de gin\u00e1sio, Prefeitura inaugura novo Centro de Forma\u00e7\u00e3o de Atletas - MsConectado","robots":{"index":"index","follow":"follow","max-snippet":"max-snippet:-1","max-image-preview":"max-image-preview:large","max-video-preview":"max-video-preview:-1"},"canonical":"https:\/\/msconectado.com.br\/?p=883","og_locale":"pt_BR","og_type":"article","og_title":"Capital: Com estrutura de gin\u00e1sio, Prefeitura inaugura novo Centro de Forma\u00e7\u00e3o de Atletas - MsConectado","og_description":"Marcado por muita emo&ccedil;&atilde;o o novo Centro de Forma&ccedil;&atilde;o de Atletas &ndash; Cefat foi inaugurado neste s&aacute;bado (25) na avenida Costa e Silva pr&oacute;ximo &agrave; UFMS. O espa&ccedil;o ganhou o nome da professora Rose Rocha, idealizadora do Projeto de Gin&aacute;stica Art&iacute;stica de Campo Grande. Valorizando a modalidade, o prefeito Marquinhos Trad destacou a hist&oacute;ria do [&hellip;]","og_url":"https:\/\/msconectado.com.br\/?p=883","og_site_name":"MsConectado","article_published_time":"2023-01-06T16:50:10+00:00","og_image":[{"url":"http:\/\/www.campogrande.ms.gov.br\/cgnoticias\/wp-content\/uploads\/sites\/3\/2018\/08\/IMG_6978-Copy1-1024x682.jpg","type":"","width":"","height":""}],"author":"admin","twitter_card":"summary_large_image","twitter_misc":{"Escrito por":"admin","Est. tempo de leitura":"3 minutos"},"schema":{"@context":"https:\/\/schema.org","@graph":[{"@type":"Article","@id":"https:\/\/msconectado.com.br\/?p=883#article","isPartOf":{"@id":"https:\/\/msconectado.com.br\/?p=883"},"author":{"name":"admin","@id":"https:\/\/msconectado.com.br\/#\/schema\/person\/c31be951e281e06994775d63df9fbc5a"},"headline":"Capital: Com estrutura de gin\u00e1sio, Prefeitura inaugura novo Centro de Forma\u00e7\u00e3o de Atletas","datePublished":"2023-01-06T16:50:10+00:00","mainEntityOfPage":{"@id":"https:\/\/msconectado.com.br\/?p=883"},"wordCount":572,"commentCount":0,"publisher":{"@id":"https:\/\/msconectado.com.br\/#organization"},"image":{"@id":"https:\/\/msconectado.com.br\/?p=883#primaryimage"},"thumbnailUrl":"http:\/\/www.campogrande.ms.gov.br\/cgnoticias\/wp-content\/uploads\/sites\/3\/2018\/08\/IMG_6978-Copy1-1024x682.jpg","inLanguage":"pt-BR","potentialAction":[{"@type":"CommentAction","name":"Comment","target":["https:\/\/msconectado.com.br\/?p=883#respond"]}]},{"@type":"WebPage","@id":"https:\/\/msconectado.com.br\/?p=883","url":"https:\/\/msconectado.com.br\/?p=883","name":"Capital: Com estrutura de gin\u00e1sio, Prefeitura inaugura novo Centro de Forma\u00e7\u00e3o de Atletas - MsConectado","isPartOf":{"@id":"https:\/\/msconectado.com.br\/#website"},"primaryImageOfPage":{"@id":"https:\/\/msconectado.com.br\/?p=883#primaryimage"},"image":{"@id":"https:\/\/msconectado.com.br\/?p=883#primaryimage"},"thumbnailUrl":"http:\/\/www.campogrande.ms.gov.br\/cgnoticias\/wp-content\/uploads\/sites\/3\/2018\/08\/IMG_6978-Copy1-1024x682.jpg","datePublished":"2023-01-06T16:50:10+00:00","breadcrumb":{"@id":"https:\/\/msconectado.com.br\/?p=883#breadcrumb"},"inLanguage":"pt-BR","potentialAction":[{"@type":"ReadAction","target":["https:\/\/msconectado.com.br\/?p=883"]}]},{"@type":"ImageObject","inLanguage":"pt-BR","@id":"https:\/\/msconectado.com.br\/?p=883#primaryimage","url":"http:\/\/www.campogrande.ms.gov.br\/cgnoticias\/wp-content\/uploads\/sites\/3\/2018\/08\/IMG_6978-Copy1-1024x682.jpg","contentUrl":"http:\/\/www.campogrande.ms.gov.br\/cgnoticias\/wp-content\/uploads\/sites\/3\/2018\/08\/IMG_6978-Copy1-1024x682.jpg"},{"@type":"BreadcrumbList","@id":"https:\/\/msconectado.com.br\/?p=883#breadcrumb","itemListElement":[{"@type":"ListItem","position":1,"name":"In\u00edcio","item":"https:\/\/msconectado.com.br\/"},{"@type":"ListItem","position":2,"name":"Capital: Com estrutura de gin\u00e1sio, Prefeitura inaugura novo Centro de Forma\u00e7\u00e3o de Atletas"}]},{"@type":"WebSite","@id":"https:\/\/msconectado.com.br\/#website","url":"https:\/\/msconectado.com.br\/","name":"MsConectado","description":"Voc\u00ea Conectado com a Not\u00edcia!","publisher":{"@id":"https:\/\/msconectado.com.br\/#organization"},"potentialAction":[{"@type":"SearchAction","target":{"@type":"EntryPoint","urlTemplate":"https:\/\/msconectado.com.br\/?s={search_term_string}"},"query-input":{"@type":"PropertyValueSpecification","valueRequired":true,"valueName":"search_term_string"}}],"inLanguage":"pt-BR"},{"@type":"Organization","@id":"https:\/\/msconectado.com.br\/#organization","name":"MsConectado","url":"https:\/\/msconectado.com.br\/","logo":{"@type":"ImageObject","inLanguage":"pt-BR","@id":"https:\/\/msconectado.com.br\/#\/schema\/logo\/image\/","url":"https:\/\/msconectado.com.br\/wp-content\/uploads\/2023\/01\/cropped-noticia-2.png","contentUrl":"https:\/\/msconectado.com.br\/wp-content\/uploads\/2023\/01\/cropped-noticia-2.png","width":720,"height":157,"caption":"MsConectado"},"image":{"@id":"https:\/\/msconectado.com.br\/#\/schema\/logo\/image\/"}},{"@type":"Person","@id":"https:\/\/msconectado.com.br\/#\/schema\/person\/c31be951e281e06994775d63df9fbc5a","name":"admin","image":{"@type":"ImageObject","inLanguage":"pt-BR","@id":"https:\/\/secure.gravatar.com\/avatar\/dbff33190f980c4231620eb1d5bd57285f8eed74e0b0392297107ff3bacc135d?s=96&d=mm&r=g","url":"https:\/\/secure.gravatar.com\/avatar\/dbff33190f980c4231620eb1d5bd57285f8eed74e0b0392297107ff3bacc135d?s=96&d=mm&r=g","contentUrl":"https:\/\/secure.gravatar.com\/avatar\/dbff33190f980c4231620eb1d5bd57285f8eed74e0b0392297107ff3bacc135d?s=96&d=mm&r=g","caption":"admin"},"sameAs":["https:\/\/teste.msconectado.com.br"],"url":"https:\/\/msconectado.com.br\/?author=1"}]}},"_links":{"self":[{"href":"https:\/\/msconectado.com.br\/index.php?rest_route=\/wp\/v2\/posts\/883","targetHints":{"allow":["GET"]}}],"collection":[{"href":"https:\/\/msconectado.com.br\/index.php?rest_route=\/wp\/v2\/posts"}],"about":[{"href":"https:\/\/msconectado.com.br\/index.php?rest_route=\/wp\/v2\/types\/post"}],"author":[{"embeddable":true,"href":"https:\/\/msconectado.com.br\/index.php?rest_route=\/wp\/v2\/users\/1"}],"replies":[{"embeddable":true,"href":"https:\/\/msconectado.com.br\/index.php?rest_route=%2Fwp%2Fv2%2Fcomments&post=883"}],"version-history":[{"count":1,"href":"https:\/\/msconectado.com.br\/index.php?rest_route=\/wp\/v2\/posts\/883\/revisions"}],"predecessor-version":[{"id":5793,"href":"https:\/\/msconectado.com.br\/index.php?rest_route=\/wp\/v2\/posts\/883\/revisions\/5793"}],"wp:attachment":[{"href":"https:\/\/msconectado.com.br\/index.php?rest_route=%2Fwp%2Fv2%2Fmedia&parent=883"}],"wp:term":[{"taxonomy":"category","embeddable":true,"href":"https:\/\/msconectado.com.br\/index.php?rest_route=%2Fwp%2Fv2%2Fcategories&post=883"},{"taxonomy":"post_tag","embeddable":true,"href":"https:\/\/msconectado.com.br\/index.php?rest_route=%2Fwp%2Fv2%2Ftags&post=883"}],"curies":[{"name":"wp","href":"https:\/\/api.w.org\/{rel}","templated":true}]}}